{"id":9997,"date":"2023-09-01T20:37:02","date_gmt":"2023-09-02T00:37:02","guid":{"rendered":"https:\/\/www.semanariotiempo.cl\/?p=9997"},"modified":"2023-09-01T20:37:05","modified_gmt":"2023-09-02T00:37:05","slug":"autoridad-ambiental-pide-mayor-precision-del-proponente-de-edificio-que-pretende-levantarse-en-el-humedal-el-culebron","status":"publish","type":"post","link":"https:\/\/www.semanariotiempo.cl\/?p=9997","title":{"rendered":"Autoridad ambiental pide mayor precisi\u00f3n del proponente de edificio que pretende levantarse en el Humedal El Culebr\u00f3n"},"content":{"rendered":"\n<h4 class=\"wp-block-heading has-vivid-red-color has-text-color\"><strong>\u201cEdificio Regional de Humedales\u201d es la iniciativa de US$3,1 millones, equivalente al 23% del presupuesto para habilitar un parque en ese sector de Coquimbo, busca crear un centro de investigaci\u00f3n y difusi\u00f3n de esos ecosistemas.<\/strong><\/h4>\n\n\n<div class=\"wp-block-image\">\n<figure class=\"aligncenter size-large\"><img loading=\"lazy\" decoding=\"async\" width=\"1024\" height=\"683\" src=\"https:\/\/www.semanariotiempo.cl\/wp-content\/uploads\/2023\/09\/Humedal-El-Culebron-1024x683.jpg\" alt=\"\" class=\"wp-image-9998\" srcset=\"https:\/\/www.semanariotiempo.cl\/wp-content\/uploads\/2023\/09\/Humedal-El-Culebron-1024x683.jpg 1024w, https:\/\/www.semanariotiempo.cl\/wp-content\/uploads\/2023\/09\/Humedal-El-Culebron-300x200.jpg 300w, https:\/\/www.semanariotiempo.cl\/wp-content\/uploads\/2023\/09\/Humedal-El-Culebron-768x512.jpg 768w, https:\/\/www.semanariotiempo.cl\/wp-content\/uploads\/2023\/09\/Humedal-El-Culebron-696x464.jpg 696w, https:\/\/www.semanariotiempo.cl\/wp-content\/uploads\/2023\/09\/Humedal-El-Culebron-1068x712.jpg 1068w, https:\/\/www.semanariotiempo.cl\/wp-content\/uploads\/2023\/09\/Humedal-El-Culebron-630x420.jpg 630w, https:\/\/www.semanariotiempo.cl\/wp-content\/uploads\/2023\/09\/Humedal-El-Culebron.jpg 1200w\" sizes=\"auto, (max-width: 1024px) 100vw, 1024px\" \/><\/figure>\n<\/div>\n\n\n<p class=\"wp-block-paragraph\">La directora del Servicio de Evaluaci\u00f3n Ambiental (SEA) en Coquimbo, Claudia Mart\u00ednez, solicit\u00f3 rectificar el proponente del proyecto \u201cEdificio Regional de Humedales\u201d, iniciativa que busca implementar un inmueble en el humedal El Culebr\u00f3n de Coquimbo para la investigaci\u00f3n y difusi\u00f3n de esos ecosistemas, valorizado en US$3,1 millones.<\/p>\n\n\n\n<p class=\"wp-block-paragraph\">La propuesta fue ingresada v\u00eda Consulta de Pertinencia (CP) el 08 de agosto del a\u00f1o en curso, a nombre del particular Juan Farr, sin embargo, los archivos del expediente registran los antecedentes del director del Servicio de Vivienda y Urbanismo (Serviu) Coquimbo, \u00c1ngelo Monta\u00f1o. Debido a lo anterior, Mart\u00ednez requiri\u00f3 copia simple del acto administrativo que designa Monta\u00f1o, adem\u00e1s de copia de c\u00e9dula de identidad y firma.<br>El proyecto \u201cEdificio Regional de Humedales\u201d considera el 23% del presupuesto proyectado para habilitar un parque en ese punto de Coquimbo. El Humedal El Culebr\u00f3n es uno de los sitios de agua dulce m\u00e1s importante de la ciudad puerto y uno de los sectores con mayor riqueza biol\u00f3gica y paisaj\u00edstica de la regi\u00f3n.<br>Anteriormente, el Serviu ya hab\u00eda presentado una consulta ambiental con un dise\u00f1o de estructura conformada en madera principalmente, con fundaciones aisladas de hormig\u00f3n armado.<\/p>\n","protected":false},"excerpt":{"rendered":"<p>\u201cEdificio Regional de Humedales\u201d es la iniciativa de US$3,1 millones, equivalente al 23% del presupuesto para habilitar un parque en ese sector de Coquimbo, busca crear un centro de investigaci\u00f3n y difusi\u00f3n de esos ecosistemas. La directora del Servicio de Evaluaci\u00f3n Ambiental (SEA) en Coquimbo, Claudia Mart\u00ednez, solicit\u00f3 rectificar el proponente del proyecto \u201cEdificio Regional [&hellip;]<\/p>\n","protected":false},"author":1,"featured_media":9998,"comment_status":"open","ping_status":"open","sticky":false,"template":"","format":"standard","meta":{"tdm_status":"","tdm_grid_status":"","footnotes":"","_wpscppro_dont_share_socialmedia":false,"_wpscppro_custom_social_share_image":0,"_facebook_share_type":"","_twitter_share_type":"","_linkedin_share_type":"","_pinterest_share_type":"","_linkedin_share_type_page":"","_instagram_share_type":"","_medium_share_type":"","_threads_share_type":"","_google_business_share_type":"","_bluesky_share_type":"","_mastodon_share_type":"","_selected_social_profile":[],"_wpsp_enable_custom_social_template":false,"_wpsp_social_scheduling":{"enabled":false,"datetime":null,"platforms":[],"status":"template_only","dateOption":"today","timeOption":"now","customDays":"","customHours":"","customDate":"","customTime":"","schedulingType":"absolute"},"_wpsp_active_default_template":true},"categories":[1],"tags":[16,28,5],"class_list":["post-9997","post","type-post","status-publish","format-standard","has-post-thumbnail","hentry","category-uncategorized","tag-make-money-online","tag-site-tips","tag-website"],"_links":{"self":[{"href":"https:\/\/www.semanariotiempo.cl\/index.php?rest_route=\/wp\/v2\/posts\/9997","targetHints":{"allow":["GET"]}}],"collection":[{"href":"https:\/\/www.semanariotiempo.cl\/index.php?rest_route=\/wp\/v2\/posts"}],"about":[{"href":"https:\/\/www.semanariotiempo.cl\/index.php?rest_route=\/wp\/v2\/types\/post"}],"author":[{"embeddable":true,"href":"https:\/\/www.semanariotiempo.cl\/index.php?rest_route=\/wp\/v2\/users\/1"}],"replies":[{"embeddable":true,"href":"https:\/\/www.semanariotiempo.cl\/index.php?rest_route=%2Fwp%2Fv2%2Fcomments&post=9997"}],"version-history":[{"count":0,"href":"https:\/\/www.semanariotiempo.cl\/index.php?rest_route=\/wp\/v2\/posts\/9997\/revisions"}],"wp:featuredmedia":[{"embeddable":true,"href":"https:\/\/www.semanariotiempo.cl\/index.php?rest_route=\/wp\/v2\/media\/9998"}],"wp:attachment":[{"href":"https:\/\/www.semanariotiempo.cl\/index.php?rest_route=%2Fwp%2Fv2%2Fmedia&parent=9997"}],"wp:term":[{"taxonomy":"category","embeddable":true,"href":"https:\/\/www.semanariotiempo.cl\/index.php?rest_route=%2Fwp%2Fv2%2Fcategories&post=9997"},{"taxonomy":"post_tag","embeddable":true,"href":"https:\/\/www.semanariotiempo.cl\/index.php?rest_route=%2Fwp%2Fv2%2Ftags&post=9997"}],"curies":[{"name":"wp","href":"https:\/\/api.w.org\/{rel}","templated":true}]}}