{"id":9982,"date":"2023-08-31T22:24:09","date_gmt":"2023-09-01T02:24:09","guid":{"rendered":"https:\/\/www.semanariotiempo.cl\/?p=9982"},"modified":"2023-08-31T22:24:12","modified_gmt":"2023-09-01T02:24:12","slug":"ampliar-los-horizontes-agricolas","status":"publish","type":"post","link":"https:\/\/www.semanariotiempo.cl\/?p=9982","title":{"rendered":"Ampliar los horizontes agr\u00edcolas"},"content":{"rendered":"\n<p class=\"wp-block-paragraph\">Mucho revuelo ha causado en las \u00faltimas semanas algunas publicaciones que se\u00f1alan la fuerte arremetida de Per\u00fa en materia agroalimentaria. Incluso se ha asegurado que en pocos a\u00f1os m\u00e1s ese pa\u00eds superar\u00e1 las exportaciones chilenas en ese \u00e1mbito.<br>As\u00ed, se torna relevante analizar c\u00f3mo se retoma el dinamismo del sector agr\u00edcola nacional, algo debilitado en los \u00faltimos a\u00f1os (s\u00f3lo un 3% del PIB), pero clave en la generaci\u00f3n de empleo (9% de la fuerza laboral) y arraigo en el territorio. Para ello, es fundamental abordar el tema de la infraestructura h\u00eddrica para enfrentar la emergencia e incorporar nuevas tierras que permitan que Chile se transforme en una potencia agroalimentaria.<br>La continua baja de las precipitaciones, alzas de temperatura, disminuci\u00f3n de caudales y derretimiento de los glaciares ha expuesto al sector silvoagropecuario a un d\u00e9ficit h\u00eddrico por m\u00e1s de 10 a\u00f1os. Esto tiene como consecuencia una de las sequ\u00edas m\u00e1s prolongadas, extensas territorialmente y severas de las que se tenga registro.<br>En esta l\u00ednea, adem\u00e1s de mantener los esfuerzos por una buena administraci\u00f3n del agua disponible, y optimizar su uso a trav\u00e9s de riego tecnificado en nuevas hect\u00e1reas, debe retomarse la inversi\u00f3n en embalses multiprop\u00f3sito que permitan atender la demanda h\u00eddrica de la poblaci\u00f3n, la del sector agr\u00edcola tradicional y, eventualmente, en la zona centro sur del pa\u00eds, al desarrollo de nuevos valles.<br>Junto con ello, hay que profundizar las inversiones que se realizan para mejorar los sistemas de distribuci\u00f3n de agua, incluyendo telemetr\u00eda, revestimiento y entubado de canales; optimizaci\u00f3n de trazados de canales; sistemas de inyecci\u00f3n de agua para recarga de napas y construcci\u00f3n de peque\u00f1as y medianas obras de almacenamiento de agua.<br>Tambi\u00e9n se puede pensar, por qu\u00e9 no, en f\u00f3rmulas m\u00e1s innovadoras como impulsar la construcci\u00f3n de nuevas plantas desaladoras de la mano de la asociaci\u00f3n p\u00fablico-privada. Aqu\u00ed hay una gran oportunidad.<br>Ante una crisis clim\u00e1tica que no da tregua, debemos ser creativos para ampliar nuestros horizontes agr\u00edcolas.<\/p>\n\n\n<div class=\"wp-block-image\">\n<figure class=\"aligncenter size-medium\"><img loading=\"lazy\" decoding=\"async\" width=\"300\" height=\"267\" src=\"https:\/\/www.semanariotiempo.cl\/wp-content\/uploads\/2023\/08\/carlos-cruz-300x267.jpg\" alt=\"\" class=\"wp-image-9983\" srcset=\"https:\/\/www.semanariotiempo.cl\/wp-content\/uploads\/2023\/08\/carlos-cruz-300x267.jpg 300w, https:\/\/www.semanariotiempo.cl\/wp-content\/uploads\/2023\/08\/carlos-cruz-696x619.jpg 696w, https:\/\/www.semanariotiempo.cl\/wp-content\/uploads\/2023\/08\/carlos-cruz-472x420.jpg 472w, https:\/\/www.semanariotiempo.cl\/wp-content\/uploads\/2023\/08\/carlos-cruz.jpg 744w\" sizes=\"auto, (max-width: 300px) 100vw, 300px\" \/><figcaption class=\"wp-element-caption\"><strong>Por Carlos Cruz<\/strong><br>Director ejecutivo<br>Consejo de Pol\u00edticas de Infraestructura (CPI)<\/figcaption><\/figure>\n<\/div>","protected":false},"excerpt":{"rendered":"<p>Mucho revuelo ha causado en las \u00faltimas semanas algunas publicaciones que se\u00f1alan la fuerte arremetida de Per\u00fa en materia agroalimentaria. Incluso se ha asegurado que en pocos a\u00f1os m\u00e1s ese pa\u00eds superar\u00e1 las exportaciones chilenas en ese \u00e1mbito.As\u00ed, se torna relevante analizar c\u00f3mo se retoma el dinamismo del sector agr\u00edcola nacional, algo debilitado en los [&hellip;]<\/p>\n","protected":false},"author":1,"featured_media":9983,"comment_status":"open","ping_status":"open","sticky":false,"template":"","format":"standard","meta":{"tdm_status":"","tdm_grid_status":"","footnotes":"","_wpscppro_dont_share_socialmedia":false,"_wpscppro_custom_social_share_image":0,"_facebook_share_type":"","_twitter_share_type":"","_linkedin_share_type":"","_pinterest_share_type":"","_linkedin_share_type_page":"","_instagram_share_type":"","_medium_share_type":"","_threads_share_type":"","_google_business_share_type":"","_bluesky_share_type":"","_mastodon_share_type":"","_selected_social_profile":[],"_wpsp_enable_custom_social_template":false,"_wpsp_social_scheduling":{"enabled":false,"datetime":null,"platforms":[],"status":"template_only","dateOption":"today","timeOption":"now","customDays":"","customHours":"","customDate":"","customTime":"","schedulingType":"absolute"},"_wpsp_active_default_template":true},"categories":[],"tags":[25],"class_list":["post-9982","post","type-post","status-publish","format-standard","has-post-thumbnail","hentry","tag-wordpress-themes"],"_links":{"self":[{"href":"https:\/\/www.semanariotiempo.cl\/index.php?rest_route=\/wp\/v2\/posts\/9982","targetHints":{"allow":["GET"]}}],"collection":[{"href":"https:\/\/www.semanariotiempo.cl\/index.php?rest_route=\/wp\/v2\/posts"}],"about":[{"href":"https:\/\/www.semanariotiempo.cl\/index.php?rest_route=\/wp\/v2\/types\/post"}],"author":[{"embeddable":true,"href":"https:\/\/www.semanariotiempo.cl\/index.php?rest_route=\/wp\/v2\/users\/1"}],"replies":[{"embeddable":true,"href":"https:\/\/www.semanariotiempo.cl\/index.php?rest_route=%2Fwp%2Fv2%2Fcomments&post=9982"}],"version-history":[{"count":0,"href":"https:\/\/www.semanariotiempo.cl\/index.php?rest_route=\/wp\/v2\/posts\/9982\/revisions"}],"wp:featuredmedia":[{"embeddable":true,"href":"https:\/\/www.semanariotiempo.cl\/index.php?rest_route=\/wp\/v2\/media\/9983"}],"wp:attachment":[{"href":"https:\/\/www.semanariotiempo.cl\/index.php?rest_route=%2Fwp%2Fv2%2Fmedia&parent=9982"}],"wp:term":[{"taxonomy":"category","embeddable":true,"href":"https:\/\/www.semanariotiempo.cl\/index.php?rest_route=%2Fwp%2Fv2%2Fcategories&post=9982"},{"taxonomy":"post_tag","embeddable":true,"href":"https:\/\/www.semanariotiempo.cl\/index.php?rest_route=%2Fwp%2Fv2%2Ftags&post=9982"}],"curies":[{"name":"wp","href":"https:\/\/api.w.org\/{rel}","templated":true}]}}