{"id":9979,"date":"2023-08-31T22:18:07","date_gmt":"2023-09-01T02:18:07","guid":{"rendered":"https:\/\/www.semanariotiempo.cl\/?p=9979"},"modified":"2023-08-31T22:18:12","modified_gmt":"2023-09-01T02:18:12","slug":"alcalde-de-monte-patria-manifiesta-preocupacion-por-falta-de-estrategia-frente-a-futura-crisis-de-la-agricultura","status":"publish","type":"post","link":"https:\/\/www.semanariotiempo.cl\/?p=9979","title":{"rendered":"Alcalde de Monte Patria manifiesta preocupaci\u00f3n por falta de estrategia frente a futura crisis de la agricultura"},"content":{"rendered":"\n<h4 class=\"wp-block-heading has-vivid-red-color has-text-color\"><strong>Seg\u00fan datos aportados por el Instituto Nacional de Estad\u00edsticas, en la provincia del Limar\u00ed, la desocupaci\u00f3n laboral de los \u00faltimos 12 meses se ha mantenido en un 7.1%.<\/strong><\/h4>\n\n\n<div class=\"wp-block-image\">\n<figure class=\"aligncenter size-full\"><img loading=\"lazy\" decoding=\"async\" width=\"960\" height=\"640\" src=\"https:\/\/www.semanariotiempo.cl\/wp-content\/uploads\/2023\/08\/crisis-agricultura-2.jpg\" alt=\"\" class=\"wp-image-9980\" srcset=\"https:\/\/www.semanariotiempo.cl\/wp-content\/uploads\/2023\/08\/crisis-agricultura-2.jpg 960w, https:\/\/www.semanariotiempo.cl\/wp-content\/uploads\/2023\/08\/crisis-agricultura-2-300x200.jpg 300w, https:\/\/www.semanariotiempo.cl\/wp-content\/uploads\/2023\/08\/crisis-agricultura-2-768x512.jpg 768w, https:\/\/www.semanariotiempo.cl\/wp-content\/uploads\/2023\/08\/crisis-agricultura-2-696x464.jpg 696w, https:\/\/www.semanariotiempo.cl\/wp-content\/uploads\/2023\/08\/crisis-agricultura-2-630x420.jpg 630w\" sizes=\"auto, (max-width: 960px) 100vw, 960px\" \/><\/figure>\n<\/div>\n\n\n<p class=\"wp-block-paragraph\">Un complejo escenario se vislumbra en la comuna de Monte Patria, as\u00ed como en otros territorios rurales, tras las consecuencias econ\u00f3micas de la pandemia por covid19, la extensa sequ\u00eda de la zona y la mediana inversi\u00f3n estatal para los sectores del agro, la primera autoridad comunal de los valles generosos eleva alertas por los cursos de acci\u00f3n a considerar.<br>Si bien, los datos en materias de desempleo en la regi\u00f3n no son negativos, seg\u00fan reportes del Instituto Nacional de Estad\u00edsticas, para el trimestre m\u00f3vil de abril, mayo y junio, desde el a\u00f1o 2022 al 2023 no hay variaci\u00f3n en la desocupaci\u00f3n laboral (7.1), esto en la provincial del Limar\u00ed. La situaci\u00f3n podr\u00eda tornarse compleja en los pr\u00f3ximos meses, cuando se reflejen los resultados el actual escenario de las medianas y grandes agr\u00edcolas de los valles generosos.<\/p>\n\n\n\n<p class=\"wp-block-paragraph\">El alcalde Cristian Herrera Pe\u00f1a plantea un dejo por parte de las autoridades, en cuanto a una proyecci\u00f3n en materias productivas y econ\u00f3micas a largo plazo. A nivel local, el escenario de la sequ\u00eda exige mayor planificaci\u00f3n en cuanto a la gesti\u00f3n del recurso h\u00eddrico, all\u00ed surgen medidas como las plantas desaladoras, una nueva normativa de aguas que se sobreponga a la l\u00f3gica de acciones y considere la capacidad de las cuencas h\u00eddricas, entre otras sugerencias.<\/p>\n\n\n\n<p class=\"wp-block-paragraph\">Herrera Pe\u00f1a reconoce la esencia agropecuaria de la comuna de Monte Patria, sin desconocer los esfuerzos que se han realizado en pro del sector productivo mayoritario (83% comunal), plantea una nueva exigencia, un plan regulador integral del agro, \u201cestamos en una situaci\u00f3n muy compleja, que no solo refiere al tema h\u00eddrico, sino m\u00e1s bien con m\u00faltiples facto-res, se ha sumado la sequ\u00eda, el bajo retorno de las exportaciones, el costo de los insumos por las pandemias, la variaci\u00f3n del d\u00f3lar, la decisi\u00f3n de la banca de no financiar proyectos agr\u00edcolas y pecuarios. Nosotros proyectamos un gran desempleo en los sectores rurales para los pr\u00f3ximos a\u00f1os, creo que nadie le est\u00e1 tomando el peso a lo que estamos viviendo, nosotros creemos que es necesaria una intervenci\u00f3n del estado, por ejemplo, que se hagan mediciones concretas sobre la disponibilidad h\u00eddrica, para as\u00ed limitar las superficies de siembra y los tipos de cultivo, necesitamos un gran plan regulador del agro\u201d.<\/p>\n\n\n\n<p class=\"wp-block-paragraph\">La tem\u00e1tica h\u00eddrica pareciera ser el centro de la discusi\u00f3n en materias productivas, con este mismo centro es que los valles del Limar\u00ed se caracterizan por la existencia de embalses de contenci\u00f3n del recurso. A pesar de aquella vital estrategia, el alcalde Cristian Herrera plantea explicar otras opciones, a fin de mantener un marco productivo y laboral sostenible, \u201ces importante avanzar con una planta desaladora en la provincia, sabemos que es ca-ro llegar hasta los sectores altos de la comuna, pero si llega a Ovalle, liberar el agua que tenemos que dejar pasar desde nuestros valles, para cumplir los derechos de agua de los regantes bajos de la provincia; si nosotros pudi\u00e9ramos suplir esa necesidad con agua desalada, podr\u00edamos redistribuir mejor el recursos h\u00eddrico en la zona alta; tambi\u00e9n es fundamental apoyar a los peque\u00f1os productores, liberarlos de las deudas de INDAP y aportar en sus contextos, principalmente las heladas, tambi\u00e9n tenemos a los crianceros con falta de alimentos. Pareciera que a nadie le importa, a nivel regional y nacional hemos estado levantando la voz, so-licitado audiencia con el ministro de agricultura y no sabemos cu\u00e1l es el pensamiento, pareciera que se busca dejar morir la agricultura. Esperemos que esto no se trate de una falta de voluntad, porque nosotros y nuestros productores nos encontramos en una situaci\u00f3n compleja, donde no vemos mayor futuro en el rubro que ha mantenido por a\u00f1os los valles generosos\u201d.<br>El trabajo colaborativo y planificado es el que suele manifestar frutos, desde los valles generosos el contexto es y sigue siendo complejo; independiente de la capacidad h\u00eddrica por el pron\u00f3stico de lluvias, es necesario vislumbrar los nuevos escenarios.<\/p>\n","protected":false},"excerpt":{"rendered":"<p>Seg\u00fan datos aportados por el Instituto Nacional de Estad\u00edsticas, en la provincia del Limar\u00ed, la desocupaci\u00f3n laboral de los \u00faltimos 12 meses se ha mantenido en un 7.1%. Un complejo escenario se vislumbra en la comuna de Monte Patria, as\u00ed como en otros territorios rurales, tras las consecuencias econ\u00f3micas de la pandemia por covid19, la [&hellip;]<\/p>\n","protected":false},"author":1,"featured_media":9980,"comment_status":"open","ping_status":"open","sticky":false,"template":"","format":"standard","meta":{"tdm_status":"","tdm_grid_status":"","footnotes":"","_wpscppro_dont_share_socialmedia":false,"_wpscppro_custom_social_share_image":0,"_facebook_share_type":"","_twitter_share_type":"","_linkedin_share_type":"","_pinterest_share_type":"","_linkedin_share_type_page":"","_instagram_share_type":"","_medium_share_type":"","_threads_share_type":"","_google_business_share_type":"","_bluesky_share_type":"","_mastodon_share_type":"","_selected_social_profile":[],"_wpsp_enable_custom_social_template":false,"_wpsp_social_scheduling":{"enabled":false,"datetime":null,"platforms":[],"status":"template_only","dateOption":"today","timeOption":"now","customDays":"","customHours":"","customDate":"","customTime":"","schedulingType":"absolute"},"_wpsp_active_default_template":true},"categories":[1],"tags":[8,28,7],"class_list":["post-9979","post","type-post","status-publish","format-standard","has-post-thumbnail","hentry","category-uncategorized","tag-marketing","tag-site-tips","tag-wordpress"],"_links":{"self":[{"href":"https:\/\/www.semanariotiempo.cl\/index.php?rest_route=\/wp\/v2\/posts\/9979","targetHints":{"allow":["GET"]}}],"collection":[{"href":"https:\/\/www.semanariotiempo.cl\/index.php?rest_route=\/wp\/v2\/posts"}],"about":[{"href":"https:\/\/www.semanariotiempo.cl\/index.php?rest_route=\/wp\/v2\/types\/post"}],"author":[{"embeddable":true,"href":"https:\/\/www.semanariotiempo.cl\/index.php?rest_route=\/wp\/v2\/users\/1"}],"replies":[{"embeddable":true,"href":"https:\/\/www.semanariotiempo.cl\/index.php?rest_route=%2Fwp%2Fv2%2Fcomments&post=9979"}],"version-history":[{"count":0,"href":"https:\/\/www.semanariotiempo.cl\/index.php?rest_route=\/wp\/v2\/posts\/9979\/revisions"}],"wp:featuredmedia":[{"embeddable":true,"href":"https:\/\/www.semanariotiempo.cl\/index.php?rest_route=\/wp\/v2\/media\/9980"}],"wp:attachment":[{"href":"https:\/\/www.semanariotiempo.cl\/index.php?rest_route=%2Fwp%2Fv2%2Fmedia&parent=9979"}],"wp:term":[{"taxonomy":"category","embeddable":true,"href":"https:\/\/www.semanariotiempo.cl\/index.php?rest_route=%2Fwp%2Fv2%2Fcategories&post=9979"},{"taxonomy":"post_tag","embeddable":true,"href":"https:\/\/www.semanariotiempo.cl\/index.php?rest_route=%2Fwp%2Fv2%2Ftags&post=9979"}],"curies":[{"name":"wp","href":"https:\/\/api.w.org\/{rel}","templated":true}]}}