{"id":9959,"date":"2023-08-30T21:43:14","date_gmt":"2023-08-31T01:43:14","guid":{"rendered":"https:\/\/www.semanariotiempo.cl\/?p=9959"},"modified":"2023-08-30T21:45:58","modified_gmt":"2023-08-31T01:45:58","slug":"diputado-victor-pino-acusa-irregularidad-tras-ser-removido-de-la-comision-de-gobierno-interior-y-apunta-a-presidente-de-la-camara","status":"publish","type":"post","link":"https:\/\/www.semanariotiempo.cl\/?p=9959","title":{"rendered":"Diputado V\u00edctor Pino acusa irregularidad tras ser removido de la Comisi\u00f3n de Gobierno Interior y apunta a presidente de la C\u00e1mara"},"content":{"rendered":"\n<h4 class=\"wp-block-heading has-vivid-red-color has-text-color\"><strong>Cupo fue cedido por el presidente de la C\u00e1mara, Ricardo Cifuentes, al Partido de la Gente, donde anteriormente militaba Pino.<\/strong><\/h4>\n\n\n<div class=\"wp-block-image\">\n<figure class=\"aligncenter size-full\"><img loading=\"lazy\" decoding=\"async\" width=\"960\" height=\"793\" src=\"https:\/\/www.semanariotiempo.cl\/wp-content\/uploads\/2023\/08\/Pino-Comision-1.jpg\" alt=\"\" class=\"wp-image-9960\" srcset=\"https:\/\/www.semanariotiempo.cl\/wp-content\/uploads\/2023\/08\/Pino-Comision-1.jpg 960w, https:\/\/www.semanariotiempo.cl\/wp-content\/uploads\/2023\/08\/Pino-Comision-1-300x248.jpg 300w, https:\/\/www.semanariotiempo.cl\/wp-content\/uploads\/2023\/08\/Pino-Comision-1-768x634.jpg 768w, https:\/\/www.semanariotiempo.cl\/wp-content\/uploads\/2023\/08\/Pino-Comision-1-696x575.jpg 696w, https:\/\/www.semanariotiempo.cl\/wp-content\/uploads\/2023\/08\/Pino-Comision-1-508x420.jpg 508w\" sizes=\"auto, (max-width: 960px) 100vw, 960px\" \/><\/figure>\n<\/div>\n\n\n<p class=\"wp-block-paragraph\">El pasado lunes el diputado, y hasta entonces integrante de la Comisi\u00f3n de Gobierno Interior, Victor Pino, recibi\u00f3 la noticia de que fue removido de dicha comisi\u00f3n y su cupo cedido al Partido de la Gente, siendo reemplazado por el parlamentario Rub\u00e9n Oyarzo. Cambio autorizado \u00fanica y exclusivamente por el presidente de la C\u00e1mara, Ricardo Cifuentes, por lo que el congresista de Avancemos Chile acus\u00f3 que el proceso fue irregular y se pas\u00f3 a llevar el reglamento interno.<\/p>\n\n\n\n<p class=\"wp-block-paragraph\">Al respecto, el legislador sostuvo que \u201cesta arbitrariedad de parte del presidente de la C\u00e1mara en desmedro, primero, de la correcta interpretaci\u00f3n y ejecuci\u00f3n del reglamento, y segundo, que se tengan que pagar los votos por los que fue electo, perjudicando en su trabajo legislativo a un diputado que es de su mismo distrito, ambos representamos a la regi\u00f3n de Coquimbo y solo me cabe que esto lo haga pagando favores pol\u00edticos.\u201d<\/p>\n\n\n\n<pre class=\"wp-block-code\"><code>En la misma l\u00ednea, expres\u00f3 que \u201clamento la decisi\u00f3n y que el presidente haya desechado la f\u00f3rmula que le presente a \u00e9l, a los comit\u00e9s y a la secretaria general hace algunas semanas cuando de manera voluntaria como comit\u00e9 estuvimos de acuerdo en traspasar nuestro cupo de la comisi\u00f3n de Desarrollo Social al comit\u00e9 del Partido de la Gente. La presidencia del diputado Cifuentes est\u00e1 manchada por la arbitrariedad pasando a llevar el reglamento de la c\u00e1mara con su decisi\u00f3n.\u201d\n\nSobre las razones para fundamentar esta decisi\u00f3n, Pino dijo que \u201clo extra\u00f1o es que se cita el art\u00edculo 218 \u00edntegramente, pero ese mismo art\u00edculo se\u00f1ala que solo se pueden realizar el cambio con acuerdo de los jefes de bancada respectiva. No hay regla alguna que permita al Presidente cambiar la integraci\u00f3n de las comisiones, porque ac\u00e1 no hay un vac\u00edo que se debe llenar. Hay reglas claras, y lo \u00fanico que se podr\u00eda argumentar es un cambio completo de la integraci\u00f3n de comisiones de la sala a propuesta del presidente, pero esa posibilidad fue desestimada por informe de la Secretar\u00eda de la C\u00e1mara meses atr\u00e1s cuando quer\u00edan bloquear la posibilidad de la oposici\u00f3n de rebajar las comisiones.\u201d<\/code><\/pre>\n","protected":false},"excerpt":{"rendered":"<p>Cupo fue cedido por el presidente de la C\u00e1mara, Ricardo Cifuentes, al Partido de la Gente, donde anteriormente militaba Pino. El pasado lunes el diputado, y hasta entonces integrante de la Comisi\u00f3n de Gobierno Interior, Victor Pino, recibi\u00f3 la noticia de que fue removido de dicha comisi\u00f3n y su cupo cedido al Partido de la [&hellip;]<\/p>\n","protected":false},"author":1,"featured_media":9960,"comment_status":"open","ping_status":"open","sticky":false,"template":"","format":"standard","meta":{"tdm_status":"","tdm_grid_status":"","footnotes":"","_wpscppro_dont_share_socialmedia":false,"_wpscppro_custom_social_share_image":0,"_facebook_share_type":"","_twitter_share_type":"","_linkedin_share_type":"","_pinterest_share_type":"","_linkedin_share_type_page":"","_instagram_share_type":"","_medium_share_type":"","_threads_share_type":"","_google_business_share_type":"","_bluesky_share_type":"","_mastodon_share_type":"","_selected_social_profile":[],"_wpsp_enable_custom_social_template":false,"_wpsp_social_scheduling":{"enabled":false,"datetime":null,"platforms":[],"status":"template_only","dateOption":"today","timeOption":"now","customDays":"","customHours":"","customDate":"","customTime":"","schedulingType":"absolute"},"_wpsp_active_default_template":true},"categories":[1],"tags":[],"class_list":["post-9959","post","type-post","status-publish","format-standard","has-post-thumbnail","hentry","category-uncategorized"],"_links":{"self":[{"href":"https:\/\/www.semanariotiempo.cl\/index.php?rest_route=\/wp\/v2\/posts\/9959","targetHints":{"allow":["GET"]}}],"collection":[{"href":"https:\/\/www.semanariotiempo.cl\/index.php?rest_route=\/wp\/v2\/posts"}],"about":[{"href":"https:\/\/www.semanariotiempo.cl\/index.php?rest_route=\/wp\/v2\/types\/post"}],"author":[{"embeddable":true,"href":"https:\/\/www.semanariotiempo.cl\/index.php?rest_route=\/wp\/v2\/users\/1"}],"replies":[{"embeddable":true,"href":"https:\/\/www.semanariotiempo.cl\/index.php?rest_route=%2Fwp%2Fv2%2Fcomments&post=9959"}],"version-history":[{"count":0,"href":"https:\/\/www.semanariotiempo.cl\/index.php?rest_route=\/wp\/v2\/posts\/9959\/revisions"}],"wp:featuredmedia":[{"embeddable":true,"href":"https:\/\/www.semanariotiempo.cl\/index.php?rest_route=\/wp\/v2\/media\/9960"}],"wp:attachment":[{"href":"https:\/\/www.semanariotiempo.cl\/index.php?rest_route=%2Fwp%2Fv2%2Fmedia&parent=9959"}],"wp:term":[{"taxonomy":"category","embeddable":true,"href":"https:\/\/www.semanariotiempo.cl\/index.php?rest_route=%2Fwp%2Fv2%2Fcategories&post=9959"},{"taxonomy":"post_tag","embeddable":true,"href":"https:\/\/www.semanariotiempo.cl\/index.php?rest_route=%2Fwp%2Fv2%2Ftags&post=9959"}],"curies":[{"name":"wp","href":"https:\/\/api.w.org\/{rel}","templated":true}]}}