{"id":9897,"date":"2023-08-24T21:38:59","date_gmt":"2023-08-25T01:38:59","guid":{"rendered":"https:\/\/www.semanariotiempo.cl\/?p=9897"},"modified":"2023-08-24T21:43:37","modified_gmt":"2023-08-25T01:43:37","slug":"senador-matias-walker-estas-tasaciones-van-a-dar-luces-de-si-se-pago-una-desproporcion-en-la-adquisicion-que-realizo-el-gobierno-regionalsenador-matias-walker","status":"publish","type":"post","link":"https:\/\/www.semanariotiempo.cl\/?p=9897","title":{"rendered":"Senador Mat\u00edas Walker: \u201cEstas tasaciones van a dar luces de si se pag\u00f3 una desproporci\u00f3n en la adquisici\u00f3n que realiz\u00f3 el Gobierno Regional\u201d"},"content":{"rendered":"\n<h4 class=\"wp-block-heading has-vivid-red-color has-text-color\"><strong>\u201cLas expropiaciones tienen que hacerse a valor de mercado\u201d, dijo el parlamentario de la zona, aunque igualmente valor\u00f3 que se desarrollen las enajenaciones, especialmente por el avance del proyecto de ampliaci\u00f3n de Cuatro Esquinas.<\/strong><\/h4>\n\n\n<div class=\"wp-block-image\">\n<figure class=\"aligncenter size-full\"><img loading=\"lazy\" decoding=\"async\" width=\"880\" height=\"500\" src=\"https:\/\/www.semanariotiempo.cl\/wp-content\/uploads\/2023\/08\/walker.jpg\" alt=\"\" class=\"wp-image-9898\" srcset=\"https:\/\/www.semanariotiempo.cl\/wp-content\/uploads\/2023\/08\/walker.jpg 880w, https:\/\/www.semanariotiempo.cl\/wp-content\/uploads\/2023\/08\/walker-300x170.jpg 300w, https:\/\/www.semanariotiempo.cl\/wp-content\/uploads\/2023\/08\/walker-768x436.jpg 768w, https:\/\/www.semanariotiempo.cl\/wp-content\/uploads\/2023\/08\/walker-696x395.jpg 696w, https:\/\/www.semanariotiempo.cl\/wp-content\/uploads\/2023\/08\/walker-739x420.jpg 739w\" sizes=\"auto, (max-width: 880px) 100vw, 880px\" \/><\/figure>\n<\/div>\n\n\n<p class=\"wp-block-paragraph\">Cuando era diputado, Mat\u00edas Walker, integr\u00f3 la Comisi\u00f3n Investigadora \u201cPapaya Gate\u201d, una instancia especial de la C\u00e1mara Baja, formada tambi\u00e9n por el entonces diputado Daniel N\u00fa\u00f1ez, para investigar las presuntas irregularidades en el medi\u00e1tico caso que involucr\u00f3 un \u201cabultado\u201d pago de $9.800 millones por seis predios en el sector de San Ram\u00f3n, sin autorizaci\u00f3n de la Contralor\u00eda, y que dieron origen al medi\u00e1tico caso.<br>Walker, en 2021, fue duro con la responsabilidad pol\u00edtica de los tres altos cargos directivos del Gobierno Regional presuntamente involucrados -Luc\u00eda Pinto, Jos\u00e9 C\u00e1ceres y Eduardo Espinoza- especialmente por no haber realizado licitaci\u00f3n p\u00fablica en la compra de terrenos y privilegiar la modalidad de adquisici\u00f3n v\u00eda \u201ctrato directo\u201d: \u201cse pag\u00f3 un precio absolutamente desproporciona-do en relaci\u00f3n a las tasaciones previas\u201d, dijo.<br>\u201cYa se determinaron las responsabilidades pol\u00edticas, ahora corresponde que el Ministerio Publico determine las responsabilidades penales y su formalizaci\u00f3n\u201d, agreg\u00f3 el hoy senador.<br>Walker fue consultado por Semanario Tiempo respecto a estas expropiaciones que est\u00e1 realizando el Servicio de Vivienda y Urbanismo en Coquimbo sobre parte de los terrenos involucra-dos en el Caso \u201cPapaya Gate\u201d, donde solo se cancel\u00f3 la mitad del valor en la cuestionada transacci\u00f3n (ver nota principal).<br>\u201cLas expropiaciones tienen que hacerse a valor de mercado\u201d, indic\u00f3 Walker consultado por este medio, luego de sostener una reuni\u00f3n con el presidente de la Corte de Apelaciones de La Serena, Felipe Pulgar.<br>Agreg\u00f3 que \u201cestas tasaciones van a dar luces si se pag\u00f3 o no una desproporci\u00f3n en el caso de la adquisici\u00f3n que realiz\u00f3 el Gobierno Regional. Si las tasaciones son m\u00e1s bajas, los tasadores van a dar cuenta de eso\u201d.<br>Pese a ello, el legislador indic\u00f3 que igualmente \u201ces importante\u201d que se contin\u00fae la construcci\u00f3n del proyecto de ampliaci\u00f3n de la avenida Cuatro Esquinas.<\/p>\n","protected":false},"excerpt":{"rendered":"<p>\u201cLas expropiaciones tienen que hacerse a valor de mercado\u201d, dijo el parlamentario de la zona, aunque igualmente valor\u00f3 que se desarrollen las enajenaciones, especialmente por el avance del proyecto de ampliaci\u00f3n de Cuatro Esquinas. Cuando era diputado, Mat\u00edas Walker, integr\u00f3 la Comisi\u00f3n Investigadora \u201cPapaya Gate\u201d, una instancia especial de la C\u00e1mara Baja, formada tambi\u00e9n por [&hellip;]<\/p>\n","protected":false},"author":1,"featured_media":9898,"comment_status":"open","ping_status":"open","sticky":false,"template":"","format":"standard","meta":{"tdm_status":"","tdm_grid_status":"","footnotes":"","_wpscppro_dont_share_socialmedia":false,"_wpscppro_custom_social_share_image":0,"_facebook_share_type":"","_twitter_share_type":"","_linkedin_share_type":"","_pinterest_share_type":"","_linkedin_share_type_page":"","_instagram_share_type":"","_medium_share_type":"","_threads_share_type":"","_google_business_share_type":"","_bluesky_share_type":"","_mastodon_share_type":"","_selected_social_profile":[],"_wpsp_enable_custom_social_template":false,"_wpsp_social_scheduling":{"enabled":false,"datetime":null,"platforms":[],"status":"template_only","dateOption":"today","timeOption":"now","customDays":"","customHours":"","customDate":"","customTime":"","schedulingType":"absolute"},"_wpsp_active_default_template":true},"categories":[1],"tags":[8,28],"class_list":["post-9897","post","type-post","status-publish","format-standard","has-post-thumbnail","hentry","category-uncategorized","tag-marketing","tag-site-tips"],"_links":{"self":[{"href":"https:\/\/www.semanariotiempo.cl\/index.php?rest_route=\/wp\/v2\/posts\/9897","targetHints":{"allow":["GET"]}}],"collection":[{"href":"https:\/\/www.semanariotiempo.cl\/index.php?rest_route=\/wp\/v2\/posts"}],"about":[{"href":"https:\/\/www.semanariotiempo.cl\/index.php?rest_route=\/wp\/v2\/types\/post"}],"author":[{"embeddable":true,"href":"https:\/\/www.semanariotiempo.cl\/index.php?rest_route=\/wp\/v2\/users\/1"}],"replies":[{"embeddable":true,"href":"https:\/\/www.semanariotiempo.cl\/index.php?rest_route=%2Fwp%2Fv2%2Fcomments&post=9897"}],"version-history":[{"count":0,"href":"https:\/\/www.semanariotiempo.cl\/index.php?rest_route=\/wp\/v2\/posts\/9897\/revisions"}],"wp:featuredmedia":[{"embeddable":true,"href":"https:\/\/www.semanariotiempo.cl\/index.php?rest_route=\/wp\/v2\/media\/9898"}],"wp:attachment":[{"href":"https:\/\/www.semanariotiempo.cl\/index.php?rest_route=%2Fwp%2Fv2%2Fmedia&parent=9897"}],"wp:term":[{"taxonomy":"category","embeddable":true,"href":"https:\/\/www.semanariotiempo.cl\/index.php?rest_route=%2Fwp%2Fv2%2Fcategories&post=9897"},{"taxonomy":"post_tag","embeddable":true,"href":"https:\/\/www.semanariotiempo.cl\/index.php?rest_route=%2Fwp%2Fv2%2Ftags&post=9897"}],"curies":[{"name":"wp","href":"https:\/\/api.w.org\/{rel}","templated":true}]}}