{"id":9894,"date":"2023-08-23T21:46:52","date_gmt":"2023-08-24T01:46:52","guid":{"rendered":"https:\/\/www.semanariotiempo.cl\/?p=9894"},"modified":"2023-08-23T21:46:55","modified_gmt":"2023-08-24T01:46:55","slug":"sergio-gahona-senador-la-situacion-financiera-de-enami-es-compleja","status":"publish","type":"post","link":"https:\/\/www.semanariotiempo.cl\/?p=9894","title":{"rendered":"Sergio Gahona, senador: \u201cLa situaci\u00f3n financiera de Enami es compleja\u201d"},"content":{"rendered":"\n<h4 class=\"wp-block-heading has-vivid-red-color has-text-color\"><strong>Parlamentario de la regi\u00f3n de Coquimbo aborda el complejo escenario de la firma estatal, en medio del crudo panorama financiero de la empresa, incluso los problemas locales, luego que la empresa presentara una consulta ambiental para extender la vida \u00fatil de las instalaciones y la Resoluci\u00f3n de Calificaci\u00f3n Ambiental (RCA) de la Planta Delta de Ovalle, la que expir\u00f3 en mayo de este a\u00f1o.<\/strong><\/h4>\n\n\n<div class=\"wp-block-image\">\n<figure class=\"aligncenter size-large\"><img loading=\"lazy\" decoding=\"async\" width=\"1024\" height=\"683\" src=\"https:\/\/www.semanariotiempo.cl\/wp-content\/uploads\/2023\/08\/Gahona-1024x683.jpg\" alt=\"\" class=\"wp-image-9895\" srcset=\"https:\/\/www.semanariotiempo.cl\/wp-content\/uploads\/2023\/08\/Gahona-1024x683.jpg 1024w, https:\/\/www.semanariotiempo.cl\/wp-content\/uploads\/2023\/08\/Gahona-300x200.jpg 300w, https:\/\/www.semanariotiempo.cl\/wp-content\/uploads\/2023\/08\/Gahona-768x512.jpg 768w, https:\/\/www.semanariotiempo.cl\/wp-content\/uploads\/2023\/08\/Gahona-696x464.jpg 696w, https:\/\/www.semanariotiempo.cl\/wp-content\/uploads\/2023\/08\/Gahona-1068x712.jpg 1068w, https:\/\/www.semanariotiempo.cl\/wp-content\/uploads\/2023\/08\/Gahona-630x420.jpg 630w, https:\/\/www.semanariotiempo.cl\/wp-content\/uploads\/2023\/08\/Gahona.jpg 1170w\" sizes=\"auto, (max-width: 1024px) 100vw, 1024px\" \/><\/figure>\n<\/div>\n\n\n<p class=\"wp-block-paragraph\">En la edici\u00f3n N\u00ba 1447 de Semanario Tiempo se inform\u00f3 de la crisis que atraviesa la Planta Delta de la Empresa Nacional de Miner\u00eda (Enami) de la ciudad de Ovalle, que la oblig\u00f3 a presentar una Consulta de Pertinencia, ante la autoridad ambiental, para extender sus operaciones por dos a\u00f1os, luego que la vida \u00fatil de las instalaciones y su Resoluci\u00f3n de Calificaci\u00f3n Ambiental (RCA) expiraron en mayo de este a\u00f1o.<br>La Planta Delta de Ovalle dispone de un poder de compra para m\u00e1s de 300 peque\u00f1os mineros de oxidados y sulfurados de cobre, oro y plata. La ampliaci\u00f3n del plazo tiene como prop\u00f3sito darle continuidad a las instalaciones que comprenden la mina subterr\u00e1nea, las plantas de procesa-miento del mineral e instalaciones asociadas, sin que se contemple ning\u00fan otro cambio relacionado con las partes, obras y acciones de la operaci\u00f3n actual. Desde el complejo, se extrae mineral para la producci\u00f3n de concentrado de cobre, con una capacidad para procesar 75.000 toneladas\/mes, y la planta de lixiviaci\u00f3n (LIX), extracci\u00f3n por solventes (SX) y electrobtenci\u00f3n (EW) para la producci\u00f3n de c\u00e1todos de cobre, dispone de una capacidad de 400 toneladas.<br>\u201cHay que dejar claro que la situaci\u00f3n de Enami es compleja, desde la perspectiva financiera. Tenemos que definir una pol\u00edtica p\u00fablica del fomento a la miner\u00eda y lo otro tiene que ver con la sustentabilidad econ\u00f3mica de Enami. En los \u00faltimos 15 meses, ha perdido la mitad de su patrimonio\u201d, sostuvo Sergio Gahona, quien ha demandado respuestas a la administraci\u00f3n de la compa\u00f1\u00eda.<br>La empresa atraviesa por dificultades financieras y un reciente informe de Libertad y Desarrollo (LyD) concluy\u00f3 que el gasto en personal m\u00e1s que se duplic\u00f3 en un a\u00f1o, con p\u00e9rdidas patrimoniales. Conjuntamente, el Ejecutivo decidi\u00f3 no prosperar en la revisi\u00f3n a un proyecto para la Fundici\u00f3n Paipote, alojada en Copiap\u00f3.<br>\u201cTenemos problemas con esa fundici\u00f3n, que no tiene Resoluci\u00f3n de Calificaci\u00f3n Ambiental respecto de las emisiones, y eso significa que el estado tiene que meterse las manos al bolsillo con varios millones de d\u00f3lares, por lo menos unos US$450 a US$500 millones. Tenemos que ver si hay disposici\u00f3n del Estado y de todos los contribuyentes en poder aportar, y si eso es lo que requiere el pa\u00eds\u201d, dijo el parlamentario.<br>En ese sentido, conf\u00eda que la empresa debe separar la labor de fomento y operativa, junto con elevar sus est\u00e1ndares de transparencia, saber c\u00f3mo se tratan a los peque\u00f1os mineros y mejorar los temas ambientales. \u201cEnami, en s\u00edntesis, est\u00e1 muy al debe. Esto no es un problema circunstancial del actual gobierno, obviamente se ha agudizado la crisis en el actual, pero se viene arrastrando hace mucho tiempo\u201d, dijo.<br>De acuerdo a Gahona, las p\u00e9rdidas de la compa\u00f1\u00eda se empinan en los US$78 millones y existe un constante proceso de desconfianza de los peque\u00f1os productores, respecto a, precisamente, c\u00f3mo funciona el poder de compra. Otras falencias, agreg\u00f3, se relacionan con su Gobierno Corporativa, el cual no solo cataloga de \u201ceminentemente pol\u00edtico\u201d, pero adem\u00e1s que no se somete al control del Sistema de Empresas P\u00fablicas.<br>\u201cEsperamos que el Ejecutivo se tome en serio el tema de Enami, y con el cambio de ministra de Miner\u00eda (sali\u00f3 Marcela Hernando por Aurora Williams) puede haber una preocupaci\u00f3n m\u00e1s para Enami, y la peque\u00f1a y mediana miner\u00eda\u201d, concluy\u00f3.<\/p>\n","protected":false},"excerpt":{"rendered":"<p>Parlamentario de la regi\u00f3n de Coquimbo aborda el complejo escenario de la firma estatal, en medio del crudo panorama financiero de la empresa, incluso los problemas locales, luego que la empresa presentara una consulta ambiental para extender la vida \u00fatil de las instalaciones y la Resoluci\u00f3n de Calificaci\u00f3n Ambiental (RCA) de la Planta Delta de [&hellip;]<\/p>\n","protected":false},"author":1,"featured_media":9895,"comment_status":"open","ping_status":"open","sticky":false,"template":"","format":"standard","meta":{"tdm_status":"","tdm_grid_status":"","footnotes":"","_wpscppro_dont_share_socialmedia":false,"_wpscppro_custom_social_share_image":0,"_facebook_share_type":"","_twitter_share_type":"","_linkedin_share_type":"","_pinterest_share_type":"","_linkedin_share_type_page":"","_instagram_share_type":"","_medium_share_type":"","_threads_share_type":"","_google_business_share_type":"","_bluesky_share_type":"","_mastodon_share_type":"","_selected_social_profile":[],"_wpsp_enable_custom_social_template":false,"_wpsp_social_scheduling":{"enabled":false,"datetime":null,"platforms":[],"status":"template_only","dateOption":"today","timeOption":"now","customDays":"","customHours":"","customDate":"","customTime":"","schedulingType":"absolute"},"_wpsp_active_default_template":true},"categories":[1],"tags":[8],"class_list":["post-9894","post","type-post","status-publish","format-standard","has-post-thumbnail","hentry","category-uncategorized","tag-marketing"],"_links":{"self":[{"href":"https:\/\/www.semanariotiempo.cl\/index.php?rest_route=\/wp\/v2\/posts\/9894","targetHints":{"allow":["GET"]}}],"collection":[{"href":"https:\/\/www.semanariotiempo.cl\/index.php?rest_route=\/wp\/v2\/posts"}],"about":[{"href":"https:\/\/www.semanariotiempo.cl\/index.php?rest_route=\/wp\/v2\/types\/post"}],"author":[{"embeddable":true,"href":"https:\/\/www.semanariotiempo.cl\/index.php?rest_route=\/wp\/v2\/users\/1"}],"replies":[{"embeddable":true,"href":"https:\/\/www.semanariotiempo.cl\/index.php?rest_route=%2Fwp%2Fv2%2Fcomments&post=9894"}],"version-history":[{"count":0,"href":"https:\/\/www.semanariotiempo.cl\/index.php?rest_route=\/wp\/v2\/posts\/9894\/revisions"}],"wp:featuredmedia":[{"embeddable":true,"href":"https:\/\/www.semanariotiempo.cl\/index.php?rest_route=\/wp\/v2\/media\/9895"}],"wp:attachment":[{"href":"https:\/\/www.semanariotiempo.cl\/index.php?rest_route=%2Fwp%2Fv2%2Fmedia&parent=9894"}],"wp:term":[{"taxonomy":"category","embeddable":true,"href":"https:\/\/www.semanariotiempo.cl\/index.php?rest_route=%2Fwp%2Fv2%2Fcategories&post=9894"},{"taxonomy":"post_tag","embeddable":true,"href":"https:\/\/www.semanariotiempo.cl\/index.php?rest_route=%2Fwp%2Fv2%2Ftags&post=9894"}],"curies":[{"name":"wp","href":"https:\/\/api.w.org\/{rel}","templated":true}]}}