{"id":9884,"date":"2023-08-23T21:33:55","date_gmt":"2023-08-24T01:33:55","guid":{"rendered":"https:\/\/www.semanariotiempo.cl\/?p=9884"},"modified":"2023-08-23T21:34:23","modified_gmt":"2023-08-24T01:34:23","slug":"gustavo-santos-omt-en-algunos-anos-mas-chile-se-convertira-en-el-lider-mundial-del-astroturismo","status":"publish","type":"post","link":"https:\/\/www.semanariotiempo.cl\/?p=9884","title":{"rendered":"Gustavo Santos, OMT: \u201cEn algunos a\u00f1os m\u00e1s Chile se convertir\u00e1 \u00a0en el l\u00edder mundial del astroturismo\u201d"},"content":{"rendered":"\n<h5 class=\"wp-block-heading has-vivid-red-color has-text-color\"><strong>En esta entrevista exclusiva Gustavo Santos, Director para las Am\u00e9ricas de la Organizaci\u00f3n Mundial del Turismo (OMT), repasa el desarrollo que ha tenido la regi\u00f3n y el pa\u00eds en mate-ria astron\u00f3mica. Tambi\u00e9n eval\u00faa el impacto que tendr\u00e1 la Cumbre Mundial de Astroturismo Vicu\u00f1a 2023, que se celebrar\u00e1 entre el 6 y el 9 de septiembre, de la cual ser\u00e1 expositor.<\/strong><\/h5>\n\n\n<div class=\"wp-block-image\">\n<figure class=\"aligncenter size-large is-resized\"><img loading=\"lazy\" decoding=\"async\" src=\"https:\/\/www.semanariotiempo.cl\/wp-content\/uploads\/2023\/08\/Gustavo-Santos-OMT-1024x769.jpg\" alt=\"\" class=\"wp-image-9885\" style=\"width:662px;height:497px\" width=\"662\" height=\"497\" srcset=\"https:\/\/www.semanariotiempo.cl\/wp-content\/uploads\/2023\/08\/Gustavo-Santos-OMT-1024x769.jpg 1024w, https:\/\/www.semanariotiempo.cl\/wp-content\/uploads\/2023\/08\/Gustavo-Santos-OMT-300x225.jpg 300w, https:\/\/www.semanariotiempo.cl\/wp-content\/uploads\/2023\/08\/Gustavo-Santos-OMT-768x577.jpg 768w, https:\/\/www.semanariotiempo.cl\/wp-content\/uploads\/2023\/08\/Gustavo-Santos-OMT-696x522.jpg 696w, https:\/\/www.semanariotiempo.cl\/wp-content\/uploads\/2023\/08\/Gustavo-Santos-OMT-1068x802.jpg 1068w, https:\/\/www.semanariotiempo.cl\/wp-content\/uploads\/2023\/08\/Gustavo-Santos-OMT-559x420.jpg 559w, https:\/\/www.semanariotiempo.cl\/wp-content\/uploads\/2023\/08\/Gustavo-Santos-OMT-80x60.jpg 80w, https:\/\/www.semanariotiempo.cl\/wp-content\/uploads\/2023\/08\/Gustavo-Santos-OMT-265x198.jpg 265w, https:\/\/www.semanariotiempo.cl\/wp-content\/uploads\/2023\/08\/Gustavo-Santos-OMT.jpg 1075w\" sizes=\"auto, (max-width: 662px) 100vw, 662px\" \/><\/figure>\n<\/div>\n\n<div class=\"wp-block-image\">\n<figure class=\"aligncenter size-full\"><img loading=\"lazy\" decoding=\"async\" width=\"666\" height=\"471\" src=\"https:\/\/www.semanariotiempo.cl\/wp-content\/uploads\/2023\/08\/tololo.jpg\" alt=\"\" class=\"wp-image-9886\" srcset=\"https:\/\/www.semanariotiempo.cl\/wp-content\/uploads\/2023\/08\/tololo.jpg 666w, https:\/\/www.semanariotiempo.cl\/wp-content\/uploads\/2023\/08\/tololo-300x212.jpg 300w, https:\/\/www.semanariotiempo.cl\/wp-content\/uploads\/2023\/08\/tololo-594x420.jpg 594w, https:\/\/www.semanariotiempo.cl\/wp-content\/uploads\/2023\/08\/tololo-100x70.jpg 100w\" sizes=\"auto, (max-width: 666px) 100vw, 666px\" \/><\/figure>\n<\/div>\n\n\n<p class=\"wp-block-paragraph\"><strong>\u00bfLe sorprende que una comuna peque\u00f1a como Vicu\u00f1a organice un evento de esta magnitud?<\/strong><br>No me resulta ninguna sorpresa por dos motivos: En primer lugar porque Chile fue uno de los pa\u00edses pioneros a nivel mundial en desarrollar el astroturismo; y en segundo lugar por-que el astroturismo casualmente se da en las peque\u00f1as localidades.<\/p>\n\n\n\n<p class=\"wp-block-paragraph\"><strong>\u00bfCu\u00e1l es la importancia de apostar por este tipo de turismo?<\/strong><br>El astroturismo es una tremenda oportunidad para que poblaciones de perfil rural entren en el circuito mundial del turismo, y que esto se transforme en una oportunidad de vida, y de arraigo para su poblaci\u00f3n.<\/p>\n\n\n\n<p class=\"wp-block-paragraph\"><strong>Adem\u00e1s, es sustentable\u2026<\/strong><br>Nosotros lo decimos desde la Organizaci\u00f3n Mundial del Turismo: O es sustentable (el tu-rismo) o no es\u201d. Somos quienes resguardamos los recursos porque sabemos que esos recursos son los que nos van a permitir el desarrollo de nuestra actividad.<br>En este sentido, el astroturismo es una actividad que va directamente de la mano de la sustentabilidad, est\u00e1 en su esencia misma esa preservaci\u00f3n del espacio de los cielos para poder ser contemplados.<\/p>\n\n\n\n<p class=\"wp-block-paragraph\"><strong>\u00bfQu\u00e9 lugar ocupa el astroturismo en Am\u00e9rica Latina?<\/strong><br>En mi consideraci\u00f3n, Am\u00e9rica Latina es el territorio promisorio del turismo del futuro, y eso est\u00e1 anclado en que somos unas de las fuentes de sustentabilidad m\u00e1s importantes que tiene el planeta.<br>As\u00ed como Chile fue el precursor del astroturismo, hay otros pa\u00edses que en menor medida est\u00e1n empezando a desarrollarlo como Argentina, Per\u00fa, Bolivia Brasil, Colombia y M\u00e9xico.<\/p>\n\n\n\n<p class=\"wp-block-paragraph\"><strong>\u00bfCu\u00e1l es el impacto que puede llegar a tener la cumbre que se realizar\u00e1 entre el 6 y el 9 de septiembre en Vicu\u00f1a?<\/strong><br>Creo que el impacto puede ser muy importante toda vez que la cumbre se sostiene en un posicionamiento pa\u00eds muy fuerte, pero que al mismo tiempo se est\u00e1 reactivando y visibilizando.<br>Amerita que esto tenga continuidad y que sea una reflexi\u00f3n permanente para Vicu\u00f1a y para todo Chile como l\u00edder regional de esta actividad tur\u00edstica.<\/p>\n\n\n\n<p class=\"wp-block-paragraph\"><strong>\u00bfQu\u00e9 le parece la parrilla de expositores que tendr\u00e1 el evento?<\/strong><br>Me parece relevante y de primer nivel, y la Organizaci\u00f3n Mundial del Turismo (OMT) tambi\u00e9n lo ha valorado as\u00ed. Por nuestra parte tendremos la presencia de la experta en competitividad y productos tur\u00edsticos Sandra Carvao.<br>No me cabe duda que en algunos a\u00f1os m\u00e1s Chile se convertir\u00e1 definitivamente en el l\u00edder mundial del astroturismo, lo cual es muy importante para nuestra regi\u00f3n. Estos eventos ayudan a posicionar destinos y es por eso que le estamos dando un inter\u00e9s prioritario desde la OMT.<\/p>\n","protected":false},"excerpt":{"rendered":"<p>En esta entrevista exclusiva Gustavo Santos, Director para las Am\u00e9ricas de la Organizaci\u00f3n Mundial del Turismo (OMT), repasa el desarrollo que ha tenido la regi\u00f3n y el pa\u00eds en mate-ria astron\u00f3mica. Tambi\u00e9n eval\u00faa el impacto que tendr\u00e1 la Cumbre Mundial de Astroturismo Vicu\u00f1a 2023, que se celebrar\u00e1 entre el 6 y el 9 de septiembre, [&hellip;]<\/p>\n","protected":false},"author":1,"featured_media":9886,"comment_status":"open","ping_status":"open","sticky":false,"template":"","format":"standard","meta":{"tdm_status":"","tdm_grid_status":"","footnotes":"","_wpscppro_dont_share_socialmedia":false,"_wpscppro_custom_social_share_image":0,"_facebook_share_type":"","_twitter_share_type":"","_linkedin_share_type":"","_pinterest_share_type":"","_linkedin_share_type_page":"","_instagram_share_type":"","_medium_share_type":"","_threads_share_type":"","_google_business_share_type":"","_bluesky_share_type":"","_mastodon_share_type":"","_selected_social_profile":[],"_wpsp_enable_custom_social_template":false,"_wpsp_social_scheduling":{"enabled":false,"datetime":null,"platforms":[],"status":"template_only","dateOption":"today","timeOption":"now","customDays":"","customHours":"","customDate":"","customTime":"","schedulingType":"absolute"},"_wpsp_active_default_template":true},"categories":[1],"tags":[8,28],"class_list":["post-9884","post","type-post","status-publish","format-standard","has-post-thumbnail","hentry","category-uncategorized","tag-marketing","tag-site-tips"],"_links":{"self":[{"href":"https:\/\/www.semanariotiempo.cl\/index.php?rest_route=\/wp\/v2\/posts\/9884","targetHints":{"allow":["GET"]}}],"collection":[{"href":"https:\/\/www.semanariotiempo.cl\/index.php?rest_route=\/wp\/v2\/posts"}],"about":[{"href":"https:\/\/www.semanariotiempo.cl\/index.php?rest_route=\/wp\/v2\/types\/post"}],"author":[{"embeddable":true,"href":"https:\/\/www.semanariotiempo.cl\/index.php?rest_route=\/wp\/v2\/users\/1"}],"replies":[{"embeddable":true,"href":"https:\/\/www.semanariotiempo.cl\/index.php?rest_route=%2Fwp%2Fv2%2Fcomments&post=9884"}],"version-history":[{"count":0,"href":"https:\/\/www.semanariotiempo.cl\/index.php?rest_route=\/wp\/v2\/posts\/9884\/revisions"}],"wp:featuredmedia":[{"embeddable":true,"href":"https:\/\/www.semanariotiempo.cl\/index.php?rest_route=\/wp\/v2\/media\/9886"}],"wp:attachment":[{"href":"https:\/\/www.semanariotiempo.cl\/index.php?rest_route=%2Fwp%2Fv2%2Fmedia&parent=9884"}],"wp:term":[{"taxonomy":"category","embeddable":true,"href":"https:\/\/www.semanariotiempo.cl\/index.php?rest_route=%2Fwp%2Fv2%2Fcategories&post=9884"},{"taxonomy":"post_tag","embeddable":true,"href":"https:\/\/www.semanariotiempo.cl\/index.php?rest_route=%2Fwp%2Fv2%2Ftags&post=9884"}],"curies":[{"name":"wp","href":"https:\/\/api.w.org\/{rel}","templated":true}]}}