{"id":9848,"date":"2023-08-22T17:40:50","date_gmt":"2023-08-22T21:40:50","guid":{"rendered":"https:\/\/www.semanariotiempo.cl\/?p=9848"},"modified":"2023-08-22T17:40:59","modified_gmt":"2023-08-22T21:40:59","slug":"testimonio-inspirador","status":"publish","type":"post","link":"https:\/\/www.semanariotiempo.cl\/?p=9848","title":{"rendered":"Testimonio inspirador"},"content":{"rendered":"\n<p class=\"wp-block-paragraph\">Un nadador con un solo brazo , que apenas 10 meses despu\u00e9s de haber sido amputado logra competir y convertirse en campe\u00f3n mundial de nataci\u00f3n paraol\u00edmpica. El ejemplo de Vicente Almonacid cala fuerte y profundo. Su capacidad de sobreponerse a las dificultades, su optimismo y perseverancia probablemente tiene pocos puntos de comparaci\u00f3n entre j\u00f3venes como \u00e9l.<\/p>\n\n\n\n<p class=\"wp-block-paragraph\">Pero ese esfuerzo de Vicente se da tambi\u00e9n porque hubo un entorno en el que se desarroll\u00f3. Tuvo la posibilidad de practicar deporte, de entrar permanentemente a una piscina y perseguir su sue\u00f1o.<\/p>\n\n\n\n<p class=\"wp-block-paragraph\">Entonces surge la pregunta de qu\u00e9 espacios damos a nuestros j\u00f3venes para que puedan desarrollar sus talentos y enfrentar la vida a trav\u00e9s del deporte.<\/p>\n\n\n\n<p class=\"wp-block-paragraph\">En concreto, en lo pr\u00e1ctico y tangible, vemos a decenas de deportistas entrenando en el Parque Pedro de Valdivia, un lugar que no cumple con los est\u00e1ndares m\u00ednimos y que pese a todo alberga a esforzados deportistas locales. Decenas de plazas p\u00fablicas con canchas de cemento y p\u00e9simo mantenimiento para practicar basquetball. El antiguo estadio La Bombonera y poco menos de 8 canchas cumplen rechadas con lo que realmente se necesita. Pr\u00e1cticamente ninguna red de voleibol disponible en la playa. Tenis relegado a unos pocos clubes. Una sola piscina semiol\u00edmpica disponible para competiciones.<\/p>\n\n\n\n<p class=\"wp-block-paragraph\">Las condiciones para practicar deporte no son las mejores. Definitivamente. Y es por esa misma raz\u00f3n que genera frustraci\u00f3n que los recursos p\u00fablicos no sean bien utilizados o que hayan autoridades que se del en lujo de tener una \u201csub-ejecuci\u00f3n\u201d presupuestaria.<br>Los ejemplos como los de Vicente Almonacid sirven para inspirar, pero tambi\u00e9n deben invitarnos a revisar que espacios reales damos a nuestros ni\u00f1os y j\u00f3venes.<\/p>\n\n\n\n<p class=\"has-background wp-block-paragraph\" style=\"background-color:#ffe3e3\"><strong>V\u00edctor H. Villagr\u00e1n<\/strong><br>Editor Semanario Tiempo<\/p>\n","protected":false},"excerpt":{"rendered":"<p>Un nadador con un solo brazo , que apenas 10 meses despu\u00e9s de haber sido amputado logra competir y convertirse en campe\u00f3n mundial de nataci\u00f3n paraol\u00edmpica. El ejemplo de Vicente Almonacid cala fuerte y profundo. Su capacidad de sobreponerse a las dificultades, su optimismo y perseverancia probablemente tiene pocos puntos de comparaci\u00f3n entre j\u00f3venes como [&hellip;]<\/p>\n","protected":false},"author":1,"featured_media":9724,"comment_status":"open","ping_status":"open","sticky":false,"template":"","format":"standard","meta":{"tdm_status":"","tdm_grid_status":"","footnotes":"","_wpscppro_dont_share_socialmedia":false,"_wpscppro_custom_social_share_image":0,"_facebook_share_type":"","_twitter_share_type":"","_linkedin_share_type":"","_pinterest_share_type":"","_linkedin_share_type_page":"","_instagram_share_type":"","_medium_share_type":"","_threads_share_type":"","_google_business_share_type":"","_bluesky_share_type":"","_mastodon_share_type":"","_selected_social_profile":[],"_wpsp_enable_custom_social_template":false,"_wpsp_social_scheduling":{"enabled":false,"datetime":null,"platforms":[],"status":"template_only","dateOption":"today","timeOption":"now","customDays":"","customHours":"","customDate":"","customTime":"","schedulingType":"absolute"},"_wpsp_active_default_template":true},"categories":[],"tags":[25],"class_list":["post-9848","post","type-post","status-publish","format-standard","has-post-thumbnail","hentry","tag-wordpress-themes"],"_links":{"self":[{"href":"https:\/\/www.semanariotiempo.cl\/index.php?rest_route=\/wp\/v2\/posts\/9848","targetHints":{"allow":["GET"]}}],"collection":[{"href":"https:\/\/www.semanariotiempo.cl\/index.php?rest_route=\/wp\/v2\/posts"}],"about":[{"href":"https:\/\/www.semanariotiempo.cl\/index.php?rest_route=\/wp\/v2\/types\/post"}],"author":[{"embeddable":true,"href":"https:\/\/www.semanariotiempo.cl\/index.php?rest_route=\/wp\/v2\/users\/1"}],"replies":[{"embeddable":true,"href":"https:\/\/www.semanariotiempo.cl\/index.php?rest_route=%2Fwp%2Fv2%2Fcomments&post=9848"}],"version-history":[{"count":0,"href":"https:\/\/www.semanariotiempo.cl\/index.php?rest_route=\/wp\/v2\/posts\/9848\/revisions"}],"wp:featuredmedia":[{"embeddable":true,"href":"https:\/\/www.semanariotiempo.cl\/index.php?rest_route=\/wp\/v2\/media\/9724"}],"wp:attachment":[{"href":"https:\/\/www.semanariotiempo.cl\/index.php?rest_route=%2Fwp%2Fv2%2Fmedia&parent=9848"}],"wp:term":[{"taxonomy":"category","embeddable":true,"href":"https:\/\/www.semanariotiempo.cl\/index.php?rest_route=%2Fwp%2Fv2%2Fcategories&post=9848"},{"taxonomy":"post_tag","embeddable":true,"href":"https:\/\/www.semanariotiempo.cl\/index.php?rest_route=%2Fwp%2Fv2%2Ftags&post=9848"}],"curies":[{"name":"wp","href":"https:\/\/api.w.org\/{rel}","templated":true}]}}