{"id":9820,"date":"2023-08-14T19:56:09","date_gmt":"2023-08-14T23:56:09","guid":{"rendered":"https:\/\/www.semanariotiempo.cl\/?p=9820"},"modified":"2023-08-14T19:56:12","modified_gmt":"2023-08-14T23:56:12","slug":"tras-alerta-de-la-corte-de-apelaciones-de-la-serena-comienza-a-destrabarse-reclamos-por-contribuciones-causas-vienen-desde-el-2019","status":"publish","type":"post","link":"https:\/\/www.semanariotiempo.cl\/?p=9820","title":{"rendered":"Tras alerta de la Corte de Apelaciones de La Serena, comienza a destrabarse reclamos por contribuciones: causas vienen desde el 2019"},"content":{"rendered":"\n<h4 class=\"wp-block-heading has-vivid-red-color has-text-color\"><strong>Existen dos tipos de instancias, explica el presidente de la Corte de Apelaciones de La Serena, Felipe Pulgar, dependiendo de si la materia versa sobre un bien agr\u00edcola (el primero) o no (el segundo). \u201cEsto es facultad del presidente de la Rep\u00fablica, no es la corte la encargada, pero quisimos ser m\u00e1s proactivos\u201d, comenta el magistrado.<\/strong><\/h4>\n\n\n<div class=\"wp-block-image\">\n<figure class=\"aligncenter size-large\"><img loading=\"lazy\" decoding=\"async\" width=\"1024\" height=\"609\" src=\"https:\/\/www.semanariotiempo.cl\/wp-content\/uploads\/2023\/08\/Tribunal-Especial-de-Alzada-1024x609.jpg\" alt=\"\" class=\"wp-image-9821\" srcset=\"https:\/\/www.semanariotiempo.cl\/wp-content\/uploads\/2023\/08\/Tribunal-Especial-de-Alzada-1024x609.jpg 1024w, https:\/\/www.semanariotiempo.cl\/wp-content\/uploads\/2023\/08\/Tribunal-Especial-de-Alzada-300x179.jpg 300w, https:\/\/www.semanariotiempo.cl\/wp-content\/uploads\/2023\/08\/Tribunal-Especial-de-Alzada-768x457.jpg 768w, https:\/\/www.semanariotiempo.cl\/wp-content\/uploads\/2023\/08\/Tribunal-Especial-de-Alzada-696x414.jpg 696w, https:\/\/www.semanariotiempo.cl\/wp-content\/uploads\/2023\/08\/Tribunal-Especial-de-Alzada-1068x635.jpg 1068w, https:\/\/www.semanariotiempo.cl\/wp-content\/uploads\/2023\/08\/Tribunal-Especial-de-Alzada-706x420.jpg 706w, https:\/\/www.semanariotiempo.cl\/wp-content\/uploads\/2023\/08\/Tribunal-Especial-de-Alzada.jpg 1200w\" sizes=\"auto, (max-width: 1024px) 100vw, 1024px\" \/><\/figure>\n<\/div>\n\n\n<p class=\"wp-block-paragraph\">El 05 de julio del a\u00f1o en curso, relata Felipe Pulgar, presidente de la Corte de Apelaciones de La Serena, se conform\u00f3 el Tribunal Especial de Alzada (TEA), instancia que resuelve reclamaciones de los contribuyentes que presuntamente se ven afectados con el cobro de contribuciones.<br>Se trata de una corte especializada en apelaciones y que revisa controversias tributarias. \u201cLo que hace es conocer las causas que han hecho respecto de los reaval\u00faos del Servicio de Impuestos Internos (SII) a una propiedad. Cuando SII se constituye en un terreno y determina un valor existen distintos procedimientos, uno de los cuales es una reclamaci\u00f3n que se resuelve en el Tribunal Tributario y Aduanero (TTA) de la ciudad. Nosotros ac\u00e1 tenemos uno, y las sentencias pueden ser apeladas por la parte que no quede conforme por la decisi\u00f3n, y quien conoce esa apelaci\u00f3n es precisamente el TEA\u201d, explica Pulgar.<br>Creado en el C\u00f3digo Tributario, el Tribunal Especial de Alzada tiene dos tipos, de primera y segunda categor\u00eda, dependiendo de si la materia trata de bienes agr\u00edcolas (el primero) o no (el segundo), con una conformaci\u00f3n distinta en cada uno.<br>El primero est\u00e1 compuesto por el ministro de la Corte de Apelaciones de La Serena, Sergio Troncoso, y su contraparte suplente es el propio juez Pulgar. Adem\u00e1s, existen dos representantes del presidente de la Rep\u00fablica y un empresario agr\u00edcola, asignado por el Servicio de Impuestos Internos. El otro, en tanto, el magistrado titular es Felipe Pulgar y el ministro Troncoso act\u00faa como suplente, adem\u00e1s de los otros dos representantes del mandatario y un arquitecto que ha sido asignado por el SII.<\/p>\n\n\n\n<p class=\"wp-block-paragraph\"><strong><mark style=\"background-color:rgba(0, 0, 0, 0)\" class=\"has-inline-color has-vivid-red-color\">Causas del 2019<\/mark><\/strong><br>La Corte de Apelaciones de La Serena tiene una relatora altamente especializada en el \u00e1mbito tributario. Ella (Lorena Vel\u00e1squez) inform\u00f3 que hab\u00eda un n\u00famero importante de causas que estaban pendientes de verse, y que deb\u00edan ser conocidas por este tribunal especializado. \u201cSe coordin\u00f3 con el Servicio de Impuestos Internos, se avisa de esta situaci\u00f3n y se levanta la alerta para que se conforme este tribunal, esto es facultad del presidente de la Rep\u00fablica, no es la corte la encargada, pero quisimos ser m\u00e1s proactivos porque nos imaginamos que hab\u00eda mucho contribuyente con su decisi\u00f3n pendiente\u201d, sostiene el presidente del tribunal de alzada serenense.<br>El stock que maneja la instancia de segunda categor\u00eda se empina en las 25 causas, de las cuales algunas tienen un rol de ingreso que provienen del 2017. Pulgar indica que reuniones de coordinaci\u00f3n previa entre los integrantes se logr\u00f3 establecer reglas que fijaron algunos procedimientos como los tiempos de alegatos, rendici\u00f3n de prueba y un calendario para atenderlas. Se establecieron cinco sesiones para resolver las controversias en su totalidad. Este mi\u00e9rcoles 09 ocurri\u00f3 la tercera.<br>En aquellas de primera categor\u00eda, afirma Pulgar, no existen reportes de causas.<br>\u201cDir\u00eda que existen algunas causas interesantes que tienen que ver con estos planes del (uso) suelo de la ciudad, y los profesionales t\u00e9cnicos nos advierten que ya no estar\u00eda vigente en los t\u00e9rminos que lo estaba en esa ocasi\u00f3n (controversia). como ministro le recuerdo que tiene que resolver conforme los antecedentes en que se dicta la sentencia y no los actuales. Hay distintas causas que ten\u00edan, m\u00e1s menos, la misma problem\u00e1tica\u201d, sentencia.<\/p>\n","protected":false},"excerpt":{"rendered":"<p>Existen dos tipos de instancias, explica el presidente de la Corte de Apelaciones de La Serena, Felipe Pulgar, dependiendo de si la materia versa sobre un bien agr\u00edcola (el primero) o no (el segundo). \u201cEsto es facultad del presidente de la Rep\u00fablica, no es la corte la encargada, pero quisimos ser m\u00e1s proactivos\u201d, comenta el [&hellip;]<\/p>\n","protected":false},"author":1,"featured_media":9821,"comment_status":"open","ping_status":"open","sticky":false,"template":"","format":"standard","meta":{"tdm_status":"","tdm_grid_status":"","footnotes":"","_wpscppro_dont_share_socialmedia":false,"_wpscppro_custom_social_share_image":0,"_facebook_share_type":"","_twitter_share_type":"","_linkedin_share_type":"","_pinterest_share_type":"","_linkedin_share_type_page":"","_instagram_share_type":"","_medium_share_type":"","_threads_share_type":"","_google_business_share_type":"","_bluesky_share_type":"","_mastodon_share_type":"","_selected_social_profile":[],"_wpsp_enable_custom_social_template":false,"_wpsp_social_scheduling":{"enabled":false,"datetime":null,"platforms":[],"status":"template_only","dateOption":"today","timeOption":"now","customDays":"","customHours":"","customDate":"","customTime":"","schedulingType":"absolute"},"_wpsp_active_default_template":true},"categories":[1],"tags":[8,28],"class_list":["post-9820","post","type-post","status-publish","format-standard","has-post-thumbnail","hentry","category-uncategorized","tag-marketing","tag-site-tips"],"_links":{"self":[{"href":"https:\/\/www.semanariotiempo.cl\/index.php?rest_route=\/wp\/v2\/posts\/9820","targetHints":{"allow":["GET"]}}],"collection":[{"href":"https:\/\/www.semanariotiempo.cl\/index.php?rest_route=\/wp\/v2\/posts"}],"about":[{"href":"https:\/\/www.semanariotiempo.cl\/index.php?rest_route=\/wp\/v2\/types\/post"}],"author":[{"embeddable":true,"href":"https:\/\/www.semanariotiempo.cl\/index.php?rest_route=\/wp\/v2\/users\/1"}],"replies":[{"embeddable":true,"href":"https:\/\/www.semanariotiempo.cl\/index.php?rest_route=%2Fwp%2Fv2%2Fcomments&post=9820"}],"version-history":[{"count":0,"href":"https:\/\/www.semanariotiempo.cl\/index.php?rest_route=\/wp\/v2\/posts\/9820\/revisions"}],"wp:featuredmedia":[{"embeddable":true,"href":"https:\/\/www.semanariotiempo.cl\/index.php?rest_route=\/wp\/v2\/media\/9821"}],"wp:attachment":[{"href":"https:\/\/www.semanariotiempo.cl\/index.php?rest_route=%2Fwp%2Fv2%2Fmedia&parent=9820"}],"wp:term":[{"taxonomy":"category","embeddable":true,"href":"https:\/\/www.semanariotiempo.cl\/index.php?rest_route=%2Fwp%2Fv2%2Fcategories&post=9820"},{"taxonomy":"post_tag","embeddable":true,"href":"https:\/\/www.semanariotiempo.cl\/index.php?rest_route=%2Fwp%2Fv2%2Ftags&post=9820"}],"curies":[{"name":"wp","href":"https:\/\/api.w.org\/{rel}","templated":true}]}}