{"id":9813,"date":"2023-08-14T17:37:38","date_gmt":"2023-08-14T21:37:38","guid":{"rendered":"https:\/\/www.semanariotiempo.cl\/?p=9813"},"modified":"2023-08-14T17:42:28","modified_gmt":"2023-08-14T21:42:28","slug":"actualidad-universitaria-nuevos-directores-en-instituto-de-politicas-publicas-ucn-coquimbo","status":"publish","type":"post","link":"https:\/\/www.semanariotiempo.cl\/?p=9813","title":{"rendered":"Actualidad universitaria: Nuevos directores en Instituto de Pol\u00edticas P\u00fablicas UCN Coquimbo"},"content":{"rendered":"<div class=\"wp-block-image\">\n<figure class=\"aligncenter size-full\"><img loading=\"lazy\" decoding=\"async\" width=\"1005\" height=\"675\" src=\"https:\/\/www.semanariotiempo.cl\/wp-content\/uploads\/2023\/08\/ipp-ucn.jpg\" alt=\"\" class=\"wp-image-9814\" srcset=\"https:\/\/www.semanariotiempo.cl\/wp-content\/uploads\/2023\/08\/ipp-ucn.jpg 1005w, https:\/\/www.semanariotiempo.cl\/wp-content\/uploads\/2023\/08\/ipp-ucn-300x201.jpg 300w, https:\/\/www.semanariotiempo.cl\/wp-content\/uploads\/2023\/08\/ipp-ucn-768x516.jpg 768w, https:\/\/www.semanariotiempo.cl\/wp-content\/uploads\/2023\/08\/ipp-ucn-696x467.jpg 696w, https:\/\/www.semanariotiempo.cl\/wp-content\/uploads\/2023\/08\/ipp-ucn-625x420.jpg 625w\" sizes=\"auto, (max-width: 1005px) 100vw, 1005px\" \/><\/figure>\n<\/div>\n\n\n<p class=\"wp-block-paragraph\">Continuar fortaleciendo el v\u00ednculo de la Universidad Cat\u00f3lica del Norte (UCN) y sus capacidades con su entorno, para aportar a los desaf\u00edos de los territorios, son algunos de los retos que asumir\u00e1 la nueva direcci\u00f3n del Instituto de Pol\u00edticas P\u00fablicas UCN, a cargo de Marcelo Olivares Arenas, como nuevo director y de Natalia Sandoval Anabal\u00f3n, como directora alterna.<br><br><strong>LARGA TRAYECTORIA<\/strong><br>Marcelo Olivares Arenas es Ingeniero Comercial de la Escuela de Ciencias Empresariales de la Universidad Cat\u00f3lica del Norte, M\u00e1ster en Econom\u00eda por la Universidad de Sydney, Australia; y Master of Science en Econom\u00eda Ambiental y Cambio Clim\u00e1tico de la London School of Economics and Political Science. Durante poco m\u00e1s de 3 a\u00f1os se desempe\u00f1\u00f3 como Director Alterno del IPP UCN Coquimbo, y previamente como Acad\u00e9mico en la Escuela de Ciencias Empresariales de la UCN. Marcelo Olivares posee una amplia experiencia en torno a temas asociados al an\u00e1lisis y evaluaci\u00f3n econ\u00f3mica, y las pol\u00edticas p\u00fablicas para el desarrollo sostenible.<br>Por su parte, Natalia Sandoval Anabal\u00f3n, tambi\u00e9n Ingeniera Comercial de la Universidad Cat\u00f3lica del Norte, es M\u00e1ster en Econom\u00eda Social de la Universidad de Valencia, Espa\u00f1a; y Mag\u00edster en Desarrollo Rural de la Universidad Austral de Chile; a su vez, posee un diplomado en Control de Gesti\u00f3n de la Universidad de Chile y otro en Docencia Universitaria de la UCN; trabaj\u00f3 ocho a\u00f1os en el Ministerio de Econom\u00eda, asumiendo en el a\u00f1o 2014 el cargo de Jefa de Fomento y Desarrollo de la Divisi\u00f3n de Asociatividad y Econom\u00eda Social de dicho Ministerio. Posee una amplia trayectoria como consultora en gesti\u00f3n de proyectos asociativos del sector de la econom\u00eda social.<\/p>\n","protected":false},"excerpt":{"rendered":"<p>Continuar fortaleciendo el v\u00ednculo de la Universidad Cat\u00f3lica del Norte (UCN) y sus capacidades con su entorno, para aportar a los desaf\u00edos de los territorios, son algunos de los retos que asumir\u00e1 la nueva direcci\u00f3n del Instituto de Pol\u00edticas P\u00fablicas UCN, a cargo de Marcelo Olivares Arenas, como nuevo director y de Natalia Sandoval Anabal\u00f3n, [&hellip;]<\/p>\n","protected":false},"author":1,"featured_media":9814,"comment_status":"open","ping_status":"open","sticky":false,"template":"","format":"standard","meta":{"tdm_status":"","tdm_grid_status":"","footnotes":"","_wpscppro_dont_share_socialmedia":false,"_wpscppro_custom_social_share_image":0,"_facebook_share_type":"","_twitter_share_type":"","_linkedin_share_type":"","_pinterest_share_type":"","_linkedin_share_type_page":"","_instagram_share_type":"","_medium_share_type":"","_threads_share_type":"","_google_business_share_type":"","_bluesky_share_type":"","_mastodon_share_type":"","_selected_social_profile":[],"_wpsp_enable_custom_social_template":false,"_wpsp_social_scheduling":{"enabled":false,"datetime":null,"platforms":[],"status":"template_only","dateOption":"today","timeOption":"now","customDays":"","customHours":"","customDate":"","customTime":"","schedulingType":"absolute"},"_wpsp_active_default_template":true},"categories":[1],"tags":[22,8],"class_list":["post-9813","post","type-post","status-publish","format-standard","has-post-thumbnail","hentry","category-uncategorized","tag-air-ear","tag-marketing"],"_links":{"self":[{"href":"https:\/\/www.semanariotiempo.cl\/index.php?rest_route=\/wp\/v2\/posts\/9813","targetHints":{"allow":["GET"]}}],"collection":[{"href":"https:\/\/www.semanariotiempo.cl\/index.php?rest_route=\/wp\/v2\/posts"}],"about":[{"href":"https:\/\/www.semanariotiempo.cl\/index.php?rest_route=\/wp\/v2\/types\/post"}],"author":[{"embeddable":true,"href":"https:\/\/www.semanariotiempo.cl\/index.php?rest_route=\/wp\/v2\/users\/1"}],"replies":[{"embeddable":true,"href":"https:\/\/www.semanariotiempo.cl\/index.php?rest_route=%2Fwp%2Fv2%2Fcomments&post=9813"}],"version-history":[{"count":0,"href":"https:\/\/www.semanariotiempo.cl\/index.php?rest_route=\/wp\/v2\/posts\/9813\/revisions"}],"wp:featuredmedia":[{"embeddable":true,"href":"https:\/\/www.semanariotiempo.cl\/index.php?rest_route=\/wp\/v2\/media\/9814"}],"wp:attachment":[{"href":"https:\/\/www.semanariotiempo.cl\/index.php?rest_route=%2Fwp%2Fv2%2Fmedia&parent=9813"}],"wp:term":[{"taxonomy":"category","embeddable":true,"href":"https:\/\/www.semanariotiempo.cl\/index.php?rest_route=%2Fwp%2Fv2%2Fcategories&post=9813"},{"taxonomy":"post_tag","embeddable":true,"href":"https:\/\/www.semanariotiempo.cl\/index.php?rest_route=%2Fwp%2Fv2%2Ftags&post=9813"}],"curies":[{"name":"wp","href":"https:\/\/api.w.org\/{rel}","templated":true}]}}