{"id":9804,"date":"2023-08-11T23:08:28","date_gmt":"2023-08-12T03:08:28","guid":{"rendered":"https:\/\/www.semanariotiempo.cl\/?p=9804"},"modified":"2023-08-11T23:11:03","modified_gmt":"2023-08-12T03:11:03","slug":"amcp-mu-organizaciones-reiteran-resguardo-del-ecosistema-mientras-pescadores-tramitan-recurso-de-proteccion","status":"publish","type":"post","link":"https:\/\/www.semanariotiempo.cl\/?p=9804","title":{"rendered":"AMCP-MU: organizaciones reiteran resguardo del ecosistema, mientras pescadores tramitan recurso de protecci\u00f3n"},"content":{"rendered":"\n<h4 class=\"wp-block-heading has-vivid-red-color has-text-color\"><strong>Para los partidarios de mantener la zona libre de industrias se trata de un \u201canhelo\u201d de la comunidad de La Higuera y de vital importancia para la regi\u00f3n de Coquimbo, el pa\u00eds y el planeta. En tanto, la Corte de Apelaciones de La Serena deber\u00e1 pronunciarse sobre un recurso que busca paralizar la dictaci\u00f3n de la zona de protecci\u00f3n.<\/strong><\/h4>\n\n\n<div class=\"wp-block-image\">\n<figure class=\"aligncenter size-full is-resized\"><img loading=\"lazy\" decoding=\"async\" src=\"https:\/\/www.semanariotiempo.cl\/wp-content\/uploads\/2023\/08\/Mario-Flores-presidente-de-la-Asociacion-Gremial-de-Pescadores-Panamericana-Norte-Caleta-Hornos.jpg\" alt=\"\" class=\"wp-image-9805\" style=\"width:696px;height:425px\" width=\"696\" height=\"425\" srcset=\"https:\/\/www.semanariotiempo.cl\/wp-content\/uploads\/2023\/08\/Mario-Flores-presidente-de-la-Asociacion-Gremial-de-Pescadores-Panamericana-Norte-Caleta-Hornos.jpg 908w, https:\/\/www.semanariotiempo.cl\/wp-content\/uploads\/2023\/08\/Mario-Flores-presidente-de-la-Asociacion-Gremial-de-Pescadores-Panamericana-Norte-Caleta-Hornos-300x183.jpg 300w, https:\/\/www.semanariotiempo.cl\/wp-content\/uploads\/2023\/08\/Mario-Flores-presidente-de-la-Asociacion-Gremial-de-Pescadores-Panamericana-Norte-Caleta-Hornos-768x469.jpg 768w, https:\/\/www.semanariotiempo.cl\/wp-content\/uploads\/2023\/08\/Mario-Flores-presidente-de-la-Asociacion-Gremial-de-Pescadores-Panamericana-Norte-Caleta-Hornos-696x425.jpg 696w, https:\/\/www.semanariotiempo.cl\/wp-content\/uploads\/2023\/08\/Mario-Flores-presidente-de-la-Asociacion-Gremial-de-Pescadores-Panamericana-Norte-Caleta-Hornos-687x420.jpg 687w\" sizes=\"auto, (max-width: 696px) 100vw, 696px\" \/><figcaption class=\"wp-element-caption\">Mario Flores, presidente de la Asociaci\u00f3n Gremial de Pescadores Panamericana Norte Caleta Hornos.<\/figcaption><\/figure>\n<\/div>\n\n\n<p class=\"wp-block-paragraph\">La iniciativa de dejar una amplia zona de resguardo mediante la creaci\u00f3n de un \u00c1rea Marina Costera Protegida de M\u00faltiples Usos (AMCP-MU) entre las regiones de Atacama y Coquimbo -la primera birregional del pa\u00eds- tiene en alerta a distintas agrupaciones y organizaciones sociales y productivas, especialmente en la comuna de La Higuera.<br>En casi 90 kil\u00f3metros de extensi\u00f3n, justamente en ese territorio ser\u00e1 protegido todo el borde costero, lo que genera un cruce de opiniones entre quienes miran con atenci\u00f3n mantener ese ecosistema libre de industrias y otros que ven amenazadas sus actividades productivas.<\/p>\n\n\n\n<p class=\"wp-block-paragraph\">Desde la Alianza Humboldt Coquimbo-Atacama, su vocera, Nancy Duman, explic\u00f3 que hay que entender los antecedentes de lo que ha sido el proceso de elaboraci\u00f3n de la AMCP-MU, como \u201cun anhelo de parte de la comunidad local, pero tambi\u00e9n de toda la regi\u00f3n, de poner bajo protecci\u00f3n el Archipi\u00e9lago de Humboldt, cuyos primeros pasos se dieron en el a\u00f1o 1990 con la creaci\u00f3n de la Reserva Nacional Ping\u00fcino de Humboldt, posteriormente el 2005 con la creaci\u00f3n de las Reservas Marinas Choros-Damas e Isla Cha\u00f1aral y el a\u00f1o 2009 cuando nace la propuesta de crear una AMCP-MU como una forma de protegerlo de las amenazas que ha enfrentado durante d\u00e9cadas\u201d.<\/p>\n\n\n\n<p class=\"wp-block-paragraph\">El presidente de la Asociaci\u00f3n Gremial de Punta de Choros y concejal de La Higuera, Oscar Avilez, tambi\u00e9n se refiri\u00f3 a la reuni\u00f3n sostenida, se\u00f1alando que se debe ratificar \u201cel compromiso del Gobierno de poder declarar la AMCP-MU que tan importante es para nuestra regi\u00f3n, el pa\u00eds y el planeta\u201d.<br>En tanto, la Corte de Apelaciones declar\u00f3 admisible un recurso de protecci\u00f3n proveniente de distintos sindicatos de pescadores de La Higuera para paralizar el \u00e1rea marina protegida. Acusaron impedimentos en la participaci\u00f3n ciudadana del procedimiento administrativo y que la ministra del Medio Ambiente, Maisa Rojas, ocult\u00f3 las cartas que enviaron a la cartera donde rechazan la iniciativa, escritos que no fueron incorporados al expediente que se tuvo a la vista en la \u00faltima sesi\u00f3n del Consejo de Ministros para la Sustentabilidad y el Cambio Clim\u00e1tico.<\/p>\n\n\n\n<p class=\"wp-block-paragraph\">Marcelo Castillo, abogado patrocinante de los pescadores, sostuvo que \u201cnos sorprende que la ministra de Medio Ambiente, que es una ferviente partidaria del Acuerdo de Escaz\u00fa, no haya considerado la participaci\u00f3n de los pescadores de la comuna de La Higuera, que rechazan la creaci\u00f3n de un \u00c1rea Marina Costera Protegida en la zona, ignor\u00e1ndolos y, derechamente, discrimin\u00e1ndolos\u201d.<br>Se espera que el tribunal de alzada serenense se pronuncie ante una Orden de No Innovar que se incluye en el recurso de protecci\u00f3n que suspenda la tramitaci\u00f3n de proyecto del gobierno.<br>\u201cCuando la consultora nos inform\u00f3 en la participaci\u00f3n ciudadana, se nos dijo que como pescadores \u00edbamos a tener una opini\u00f3n importante, que \u00edbamos a poder votar de lo que se iba a decidir. Y en el proyecto estamos en segundo plano, y no tenemos claridad sobre todos los recursos que hemos cuidado por generaciones. Tenemos que tener derecho a una opinar o un voto importante cuando se tenga que decidir por el sector\u201d, dijo Mario Flores, presidente de la Asociaci\u00f3n Gremial de Pescadores Panamericana Norte Caleta Hornos.<br>Ra\u00fal Julio, presidente del Sindicato de Pescadores de Totoralillo Norte, mencion\u00f3 el ejemplo de la creaci\u00f3n de la Reserva Marina Isla Choros\u2013Damas en 2005. \u201cSi el estado no ha sido capaz de administrar dicha reserva, quien nos garantiza que podr\u00e1n hacerlo bien con esta \u00e1rea que abarca a tres comunas\u201d.<\/p>\n","protected":false},"excerpt":{"rendered":"<p>Para los partidarios de mantener la zona libre de industrias se trata de un \u201canhelo\u201d de la comunidad de La Higuera y de vital importancia para la regi\u00f3n de Coquimbo, el pa\u00eds y el planeta. En tanto, la Corte de Apelaciones de La Serena deber\u00e1 pronunciarse sobre un recurso que busca paralizar la dictaci\u00f3n de [&hellip;]<\/p>\n","protected":false},"author":1,"featured_media":9805,"comment_status":"open","ping_status":"open","sticky":false,"template":"","format":"standard","meta":{"tdm_status":"","tdm_grid_status":"","footnotes":"","_wpscppro_dont_share_socialmedia":false,"_wpscppro_custom_social_share_image":0,"_facebook_share_type":"","_twitter_share_type":"","_linkedin_share_type":"","_pinterest_share_type":"","_linkedin_share_type_page":"","_instagram_share_type":"","_medium_share_type":"","_threads_share_type":"","_google_business_share_type":"","_bluesky_share_type":"","_mastodon_share_type":"","_selected_social_profile":[],"_wpsp_enable_custom_social_template":false,"_wpsp_social_scheduling":{"enabled":false,"datetime":null,"platforms":[],"status":"template_only","dateOption":"today","timeOption":"now","customDays":"","customHours":"","customDate":"","customTime":"","schedulingType":"absolute"},"_wpsp_active_default_template":true},"categories":[1],"tags":[16,8],"class_list":["post-9804","post","type-post","status-publish","format-standard","has-post-thumbnail","hentry","category-uncategorized","tag-make-money-online","tag-marketing"],"_links":{"self":[{"href":"https:\/\/www.semanariotiempo.cl\/index.php?rest_route=\/wp\/v2\/posts\/9804","targetHints":{"allow":["GET"]}}],"collection":[{"href":"https:\/\/www.semanariotiempo.cl\/index.php?rest_route=\/wp\/v2\/posts"}],"about":[{"href":"https:\/\/www.semanariotiempo.cl\/index.php?rest_route=\/wp\/v2\/types\/post"}],"author":[{"embeddable":true,"href":"https:\/\/www.semanariotiempo.cl\/index.php?rest_route=\/wp\/v2\/users\/1"}],"replies":[{"embeddable":true,"href":"https:\/\/www.semanariotiempo.cl\/index.php?rest_route=%2Fwp%2Fv2%2Fcomments&post=9804"}],"version-history":[{"count":0,"href":"https:\/\/www.semanariotiempo.cl\/index.php?rest_route=\/wp\/v2\/posts\/9804\/revisions"}],"wp:featuredmedia":[{"embeddable":true,"href":"https:\/\/www.semanariotiempo.cl\/index.php?rest_route=\/wp\/v2\/media\/9805"}],"wp:attachment":[{"href":"https:\/\/www.semanariotiempo.cl\/index.php?rest_route=%2Fwp%2Fv2%2Fmedia&parent=9804"}],"wp:term":[{"taxonomy":"category","embeddable":true,"href":"https:\/\/www.semanariotiempo.cl\/index.php?rest_route=%2Fwp%2Fv2%2Fcategories&post=9804"},{"taxonomy":"post_tag","embeddable":true,"href":"https:\/\/www.semanariotiempo.cl\/index.php?rest_route=%2Fwp%2Fv2%2Ftags&post=9804"}],"curies":[{"name":"wp","href":"https:\/\/api.w.org\/{rel}","templated":true}]}}