{"id":9801,"date":"2023-08-11T13:39:46","date_gmt":"2023-08-11T17:39:46","guid":{"rendered":"https:\/\/www.semanariotiempo.cl\/?p=9801"},"modified":"2023-08-11T13:39:49","modified_gmt":"2023-08-11T17:39:49","slug":"cumbre-mundial-de-astroturismo-vicuna-2023-se-realizara-entre-el-6-y-el-9-de-septiembre","status":"publish","type":"post","link":"https:\/\/www.semanariotiempo.cl\/?p=9801","title":{"rendered":"Cumbre Mundial de Astroturismo Vicu\u00f1a 2023 se realizar\u00e1 entre el 6 y el 9 de septiembre"},"content":{"rendered":"\n<h4 class=\"wp-block-heading has-vivid-red-color has-text-color\"><strong>Desde el a\u00f1o 2015, la comuna de Vicu\u00f1a viene trabajando consistentemente para posicionarse como la \u201cCapital Mundial de la Astronom\u00eda\u201d. Acciones como el \u201cMes de las Estrellas\u201d que se celebra en octubre, charlas de alta convocatoria junto al profesor Jos\u00e9 Maza, y la creaci\u00f3n de una ordenanza municipal de cielos oscuros, se suman ahora a la Cumbre Mundial de Astroturismo.<\/strong><\/h4>\n\n\n<div class=\"wp-block-image\">\n<figure class=\"aligncenter size-full\"><img loading=\"lazy\" decoding=\"async\" width=\"950\" height=\"655\" src=\"https:\/\/www.semanariotiempo.cl\/wp-content\/uploads\/2023\/08\/CUMBRE.jpg\" alt=\"\" class=\"wp-image-9802\" srcset=\"https:\/\/www.semanariotiempo.cl\/wp-content\/uploads\/2023\/08\/CUMBRE.jpg 950w, https:\/\/www.semanariotiempo.cl\/wp-content\/uploads\/2023\/08\/CUMBRE-300x207.jpg 300w, https:\/\/www.semanariotiempo.cl\/wp-content\/uploads\/2023\/08\/CUMBRE-768x530.jpg 768w, https:\/\/www.semanariotiempo.cl\/wp-content\/uploads\/2023\/08\/CUMBRE-218x150.jpg 218w, https:\/\/www.semanariotiempo.cl\/wp-content\/uploads\/2023\/08\/CUMBRE-696x480.jpg 696w, https:\/\/www.semanariotiempo.cl\/wp-content\/uploads\/2023\/08\/CUMBRE-609x420.jpg 609w, https:\/\/www.semanariotiempo.cl\/wp-content\/uploads\/2023\/08\/CUMBRE-100x70.jpg 100w\" sizes=\"auto, (max-width: 950px) 100vw, 950px\" \/><\/figure>\n<\/div>\n\n\n<p class=\"wp-block-paragraph\">El evento, que se realizar\u00e1 entre el 6 y el 9 de septiembre con la presencia de m\u00e1s de 40 expositores nacionales e internacionales, se lanz\u00f3 de manera oficial este lunes en el Hotel Costa Real de La Serena. A la cita se hicieron presentes el Delegado Presidencial Rub\u00e9n Quezada, el Alcalde de Vicu\u00f1a Rafael Vera Castillo, el Director Regional de Corfo Andr\u00e9s Zurita, la Directora Regional de Sernatur Ang\u00e9lica Funes, y empresarios tur\u00edsticos locales.<br>\u201cVan a venir expositores de 6 pa\u00edses, 19 extranjeros y 26 chilenos, que durante 4 d\u00edas nos van a estar compartiendo informaci\u00f3n relevante para poder demostrar que la regi\u00f3n de Coquimbo es la regi\u00f3n estrella (\u2026) Entendemos que es el encuentro de astroturismo m\u00e1s importante que se haya hecho hasta la fecha\u201d se\u00f1al\u00f3 el Alcalde de la comuna de Vicu\u00f1a, Rafael Vera Castillo.<br>La Cumbre Mundial de Astroturismo contar\u00e1 adem\u00e1s con actividades anexas como el Astrofest en Mamalluca, la Feria Nacional de Astroturismo, y el Programa Especial para ni\u00f1os y ni\u00f1as Hijos de las Estrellas \u201cEstamos muy ansiosos de que, durante los primeros d\u00edas de septiembre, podamos echar a andar el fruto de un trabajo de largo tiempo\u201d expres\u00f3 el Delegado Presidencial Rub\u00e9n Quezada.<br>La actividad, organizada por la Corporaci\u00f3n Municipal de Turismo de Vicu\u00f1a, se est\u00e1 realizando gracias al programa Viraliza Eventos de Alta Convocatoria Internacional de Corfo con foco en Ecosistemas Regionales. Cuenta adem\u00e1s con financiamiento de la Subsecretar\u00eda de Turismo, la Municipalidad de Vicu\u00f1a, el Ministerio de las Culturas, las Artes y el Patrimonio, y la propia Corporaci\u00f3n.<\/p>\n","protected":false},"excerpt":{"rendered":"<p>Desde el a\u00f1o 2015, la comuna de Vicu\u00f1a viene trabajando consistentemente para posicionarse como la \u201cCapital Mundial de la Astronom\u00eda\u201d. Acciones como el \u201cMes de las Estrellas\u201d que se celebra en octubre, charlas de alta convocatoria junto al profesor Jos\u00e9 Maza, y la creaci\u00f3n de una ordenanza municipal de cielos oscuros, se suman ahora a [&hellip;]<\/p>\n","protected":false},"author":1,"featured_media":9802,"comment_status":"open","ping_status":"open","sticky":false,"template":"","format":"standard","meta":{"tdm_status":"","tdm_grid_status":"","footnotes":"","_wpscppro_dont_share_socialmedia":false,"_wpscppro_custom_social_share_image":0,"_facebook_share_type":"","_twitter_share_type":"","_linkedin_share_type":"","_pinterest_share_type":"","_linkedin_share_type_page":"","_instagram_share_type":"","_medium_share_type":"","_threads_share_type":"","_google_business_share_type":"","_bluesky_share_type":"","_mastodon_share_type":"","_selected_social_profile":[],"_wpsp_enable_custom_social_template":false,"_wpsp_social_scheduling":{"enabled":false,"datetime":null,"platforms":[],"status":"template_only","dateOption":"today","timeOption":"now","customDays":"","customHours":"","customDate":"","customTime":"","schedulingType":"absolute"},"_wpsp_active_default_template":true},"categories":[1],"tags":[8,28],"class_list":["post-9801","post","type-post","status-publish","format-standard","has-post-thumbnail","hentry","category-uncategorized","tag-marketing","tag-site-tips"],"_links":{"self":[{"href":"https:\/\/www.semanariotiempo.cl\/index.php?rest_route=\/wp\/v2\/posts\/9801","targetHints":{"allow":["GET"]}}],"collection":[{"href":"https:\/\/www.semanariotiempo.cl\/index.php?rest_route=\/wp\/v2\/posts"}],"about":[{"href":"https:\/\/www.semanariotiempo.cl\/index.php?rest_route=\/wp\/v2\/types\/post"}],"author":[{"embeddable":true,"href":"https:\/\/www.semanariotiempo.cl\/index.php?rest_route=\/wp\/v2\/users\/1"}],"replies":[{"embeddable":true,"href":"https:\/\/www.semanariotiempo.cl\/index.php?rest_route=%2Fwp%2Fv2%2Fcomments&post=9801"}],"version-history":[{"count":0,"href":"https:\/\/www.semanariotiempo.cl\/index.php?rest_route=\/wp\/v2\/posts\/9801\/revisions"}],"wp:featuredmedia":[{"embeddable":true,"href":"https:\/\/www.semanariotiempo.cl\/index.php?rest_route=\/wp\/v2\/media\/9802"}],"wp:attachment":[{"href":"https:\/\/www.semanariotiempo.cl\/index.php?rest_route=%2Fwp%2Fv2%2Fmedia&parent=9801"}],"wp:term":[{"taxonomy":"category","embeddable":true,"href":"https:\/\/www.semanariotiempo.cl\/index.php?rest_route=%2Fwp%2Fv2%2Fcategories&post=9801"},{"taxonomy":"post_tag","embeddable":true,"href":"https:\/\/www.semanariotiempo.cl\/index.php?rest_route=%2Fwp%2Fv2%2Ftags&post=9801"}],"curies":[{"name":"wp","href":"https:\/\/api.w.org\/{rel}","templated":true}]}}