{"id":9792,"date":"2023-08-11T13:20:47","date_gmt":"2023-08-11T17:20:47","guid":{"rendered":"https:\/\/www.semanariotiempo.cl\/?p=9792"},"modified":"2023-08-11T13:20:50","modified_gmt":"2023-08-11T17:20:50","slug":"atencion-con-nuestros-jovenes","status":"publish","type":"post","link":"https:\/\/www.semanariotiempo.cl\/?p=9792","title":{"rendered":"Atenci\u00f3n con nuestros j\u00f3venes"},"content":{"rendered":"\n<p class=\"wp-block-paragraph\">Probablemente no hemos tomado conciencia todav\u00eda de las consecuencias que ha tenido en el normal desarrollo de nuestros ni\u00f1os y j\u00f3venes los procesos que hemos vivido en los \u00faltimos tres a\u00f1os como pa\u00eds y como planeta.<br>La generaci\u00f3n pand\u00e9mica tuvo dos a\u00f1os y medio de relacionamiento totalmente irregular, que trajo consigo una serie de problemas. Entre otros una profunda epidemia de adicci\u00f3n a los videojuegos y a internet. Esa fue la v\u00eda de escape que muchos tuvieron para pasar el tiempo en casa encerrados.<br>Hoy, de hecho, hay muchos j\u00f3venes que no quieren salir de casa, que les cuesta socializar o que se habituaron a un sedentarismo que conlleva un peligro f\u00edsico y psicol\u00f3gico.<br>Pero adem\u00e1s de aquello, hoy vemos con preocupaci\u00f3n c\u00f3mo han aumentado los casos de suicidio juvenil, que son la piedra de tope, los casos extremos en que la angustia lleva a tomar decisiones desesperadas. Entre medio y antes de aquello, est\u00e1n los cientos de j\u00f3venes que se autoagreden, que sufren depresi\u00f3n, que no socializan o que est\u00e1n desarrollando serios problemas psicol\u00f3gicos.<br>De hecho, es probable que esa falta de relacionamiento con sus pares influya gravemente en esas decisiones. Ya sea porque no pueden compartir sus estados de \u00e1nimo, sus emociones o bien porque en ese mismo medio son v\u00edctimas de bullying.<br>Y en este \u00faltimo punto hay una tarea enorme para colegios y apoderados. Algunos, naturalmente, se esfuerzan por proteger y defender a sus hijos de los \u201cagresores\u201d, separando en v\u00edctimas y victimarios. Sin embargo, desde el punto de vista pedag\u00f3gico, y trat\u00e1ndose de ni\u00f1os y j\u00f3venes, quiz\u00e1s es m\u00e1s razonable enfocar el apoyo tanto a agresores como agredidos.<br>La necesidad de generar instancias de convivencia sana, deporte, actividad f\u00edsica y extracurricular es indispensable en estos tiempos. Hay que rescatar con fuerza a esta generaci\u00f3n, que en muchos aspectos necesita ayuda y la est\u00e1 pidiendo a gritos.<\/p>\n\n\n\n<p class=\"has-background wp-block-paragraph\" style=\"background-color:#ffe5e5\"><strong>V\u00edctor H. Villagr\u00e1n<\/strong><br>Editor Semanario Tiempo<\/p>\n","protected":false},"excerpt":{"rendered":"<p>Probablemente no hemos tomado conciencia todav\u00eda de las consecuencias que ha tenido en el normal desarrollo de nuestros ni\u00f1os y j\u00f3venes los procesos que hemos vivido en los \u00faltimos tres a\u00f1os como pa\u00eds y como planeta.La generaci\u00f3n pand\u00e9mica tuvo dos a\u00f1os y medio de relacionamiento totalmente irregular, que trajo consigo una serie de problemas. Entre [&hellip;]<\/p>\n","protected":false},"author":1,"featured_media":9724,"comment_status":"open","ping_status":"open","sticky":false,"template":"","format":"standard","meta":{"tdm_status":"","tdm_grid_status":"","footnotes":"","_wpscppro_dont_share_socialmedia":false,"_wpscppro_custom_social_share_image":0,"_facebook_share_type":"","_twitter_share_type":"","_linkedin_share_type":"","_pinterest_share_type":"","_linkedin_share_type_page":"","_instagram_share_type":"","_medium_share_type":"","_threads_share_type":"","_google_business_share_type":"","_bluesky_share_type":"","_mastodon_share_type":"","_selected_social_profile":[],"_wpsp_enable_custom_social_template":false,"_wpsp_social_scheduling":{"enabled":false,"datetime":null,"platforms":[],"status":"template_only","dateOption":"today","timeOption":"now","customDays":"","customHours":"","customDate":"","customTime":"","schedulingType":"absolute"},"_wpsp_active_default_template":true},"categories":[],"tags":[25],"class_list":["post-9792","post","type-post","status-publish","format-standard","has-post-thumbnail","hentry","tag-wordpress-themes"],"_links":{"self":[{"href":"https:\/\/www.semanariotiempo.cl\/index.php?rest_route=\/wp\/v2\/posts\/9792","targetHints":{"allow":["GET"]}}],"collection":[{"href":"https:\/\/www.semanariotiempo.cl\/index.php?rest_route=\/wp\/v2\/posts"}],"about":[{"href":"https:\/\/www.semanariotiempo.cl\/index.php?rest_route=\/wp\/v2\/types\/post"}],"author":[{"embeddable":true,"href":"https:\/\/www.semanariotiempo.cl\/index.php?rest_route=\/wp\/v2\/users\/1"}],"replies":[{"embeddable":true,"href":"https:\/\/www.semanariotiempo.cl\/index.php?rest_route=%2Fwp%2Fv2%2Fcomments&post=9792"}],"version-history":[{"count":0,"href":"https:\/\/www.semanariotiempo.cl\/index.php?rest_route=\/wp\/v2\/posts\/9792\/revisions"}],"wp:featuredmedia":[{"embeddable":true,"href":"https:\/\/www.semanariotiempo.cl\/index.php?rest_route=\/wp\/v2\/media\/9724"}],"wp:attachment":[{"href":"https:\/\/www.semanariotiempo.cl\/index.php?rest_route=%2Fwp%2Fv2%2Fmedia&parent=9792"}],"wp:term":[{"taxonomy":"category","embeddable":true,"href":"https:\/\/www.semanariotiempo.cl\/index.php?rest_route=%2Fwp%2Fv2%2Fcategories&post=9792"},{"taxonomy":"post_tag","embeddable":true,"href":"https:\/\/www.semanariotiempo.cl\/index.php?rest_route=%2Fwp%2Fv2%2Ftags&post=9792"}],"curies":[{"name":"wp","href":"https:\/\/api.w.org\/{rel}","templated":true}]}}