{"id":9778,"date":"2023-08-09T21:28:35","date_gmt":"2023-08-10T01:28:35","guid":{"rendered":"https:\/\/www.semanariotiempo.cl\/?p=9778"},"modified":"2023-08-09T21:28:38","modified_gmt":"2023-08-10T01:28:38","slug":"mujeres-en-minera-los-pelambres-salamanquina-de-31-anos-instruye-a-nuevos-operadores-de-camiones-y-ya-se-forma-como-perforista","status":"publish","type":"post","link":"https:\/\/www.semanariotiempo.cl\/?p=9778","title":{"rendered":"Mujeres en Minera Los Pelambres: Salamanquina de 31 a\u00f1os instruye a nuevos operadores de camiones y ya se forma como perforista"},"content":{"rendered":"\n<h4 class=\"wp-block-heading has-vivid-red-color has-text-color\"><strong>Iselda Bugue\u00f1o, mam\u00e1 de Mart\u00edn (13) y la menor de cinco hermanos, suma ya siete a\u00f1os arriba de un cami\u00f3n de alto tonelaje, casi dos como monitora para la formaci\u00f3n de nuevos operadores y este es el primero de su etapa como perforista, labor que hasta antes de su ingreso junto a otras tres mujeres del Choapa solo era desarrollada por hombres.<br>Ac\u00e1 no vale decir yo no s\u00e9 nada, porque en el proceso hay gente que est\u00e1 detr\u00e1s de tuyo para apoyarte, ense\u00f1arte y darte la confianza de que como mujeres del Choapa tambi\u00e9n podemos hacerlo\u201d, afirma.<\/strong><\/h4>\n\n\n<div class=\"wp-block-image\">\n<figure class=\"aligncenter size-full\"><img loading=\"lazy\" decoding=\"async\" width=\"960\" height=\"716\" src=\"https:\/\/www.semanariotiempo.cl\/wp-content\/uploads\/2023\/08\/Operadora-MLP-Iselda-Bugueno-2-Reconocimiento-en-ceremonia-Oportunidades-de-Futuro.jpg\" alt=\"\" class=\"wp-image-9779\" srcset=\"https:\/\/www.semanariotiempo.cl\/wp-content\/uploads\/2023\/08\/Operadora-MLP-Iselda-Bugueno-2-Reconocimiento-en-ceremonia-Oportunidades-de-Futuro.jpg 960w, https:\/\/www.semanariotiempo.cl\/wp-content\/uploads\/2023\/08\/Operadora-MLP-Iselda-Bugueno-2-Reconocimiento-en-ceremonia-Oportunidades-de-Futuro-300x224.jpg 300w, https:\/\/www.semanariotiempo.cl\/wp-content\/uploads\/2023\/08\/Operadora-MLP-Iselda-Bugueno-2-Reconocimiento-en-ceremonia-Oportunidades-de-Futuro-768x573.jpg 768w, https:\/\/www.semanariotiempo.cl\/wp-content\/uploads\/2023\/08\/Operadora-MLP-Iselda-Bugueno-2-Reconocimiento-en-ceremonia-Oportunidades-de-Futuro-696x519.jpg 696w, https:\/\/www.semanariotiempo.cl\/wp-content\/uploads\/2023\/08\/Operadora-MLP-Iselda-Bugueno-2-Reconocimiento-en-ceremonia-Oportunidades-de-Futuro-563x420.jpg 563w, https:\/\/www.semanariotiempo.cl\/wp-content\/uploads\/2023\/08\/Operadora-MLP-Iselda-Bugueno-2-Reconocimiento-en-ceremonia-Oportunidades-de-Futuro-80x60.jpg 80w, https:\/\/www.semanariotiempo.cl\/wp-content\/uploads\/2023\/08\/Operadora-MLP-Iselda-Bugueno-2-Reconocimiento-en-ceremonia-Oportunidades-de-Futuro-265x198.jpg 265w\" sizes=\"auto, (max-width: 960px) 100vw, 960px\" \/><\/figure>\n<\/div>\n\n<div class=\"wp-block-image\">\n<figure class=\"aligncenter size-full\"><img loading=\"lazy\" decoding=\"async\" width=\"960\" height=\"540\" src=\"https:\/\/www.semanariotiempo.cl\/wp-content\/uploads\/2023\/08\/Operadora-MLP-Iselda-Bugueno-4.jpg\" alt=\"\" class=\"wp-image-9780\" srcset=\"https:\/\/www.semanariotiempo.cl\/wp-content\/uploads\/2023\/08\/Operadora-MLP-Iselda-Bugueno-4.jpg 960w, https:\/\/www.semanariotiempo.cl\/wp-content\/uploads\/2023\/08\/Operadora-MLP-Iselda-Bugueno-4-300x169.jpg 300w, https:\/\/www.semanariotiempo.cl\/wp-content\/uploads\/2023\/08\/Operadora-MLP-Iselda-Bugueno-4-768x432.jpg 768w, https:\/\/www.semanariotiempo.cl\/wp-content\/uploads\/2023\/08\/Operadora-MLP-Iselda-Bugueno-4-696x392.jpg 696w, https:\/\/www.semanariotiempo.cl\/wp-content\/uploads\/2023\/08\/Operadora-MLP-Iselda-Bugueno-4-747x420.jpg 747w\" sizes=\"auto, (max-width: 960px) 100vw, 960px\" \/><\/figure>\n<\/div>\n\n\n<p class=\"wp-block-paragraph\">Salamanca, 03 de agosto de 2023.- En Minera Los Pelambres hay cuatro mujeres de la provincia de Choapa que han iniciado el desaf\u00edo de cambiar la cabina de un cami\u00f3n de extracci\u00f3n (CAEX) por la de una perforadora, maquinaria encargada de realizar orificios en el macizo rocoso del rajo previo a la instalaci\u00f3n de explosivos, labor que con una distribuci\u00f3n y geometr\u00eda precisa hasta ahora solo ha sido ejecutada por hombres.<br>Una de las mujeres que busca hacer historia en la faena de la cordillera del Choapa es Iselda Bugue\u00f1o Vargas, salamanquina de 31 a\u00f1os, quien recuerda con nostalgia el inicio de este desaf\u00edo. \u201cNos lleg\u00f3 un mail informando sobre la posibilidad de ser perforista. R\u00e1pidamente lo empezamos a comentar con otras operadoras, porque era una oportunidad que est\u00e1bamos esperando, est\u00e1bamos s\u00faper contentas. En mi caso cumpl\u00eda los requisitos, como por ejemplo ser operadora de CAEX con m\u00e1s de cinco a\u00f1os de antig\u00fcedad y tener una evaluaci\u00f3n de 100%, as\u00ed que dije yo me la puedo y voy a quedar\u201d, dice Iselda, quien por estos d\u00edas no s\u00f3lo cursa la segunda etapa de formaci\u00f3n para ser perforista, sino que tambi\u00e9n se consolida como monitora en la formaci\u00f3n de nuevos operadores de camiones de extracci\u00f3n.<br>\u201cEsta fue una oportunidad que me confiaron mis propios supervisores y, cuando llega de esa manera, una se llena de motivaci\u00f3n para tomar el desaf\u00edo. Como yo tambi\u00e9n fui aprendiz, siempre intento que el proceso sea cada vez m\u00e1s confortable para los que se van sumando, que por lo dem\u00e1s son cada vez m\u00e1s mujeres y del Choapa, lo que sin duda es muy importante\u201d, asegura.<br>Estas experiencias que la llenan de orgullo -como perforista en formaci\u00f3n y operadora CAEX- son tambi\u00e9n el resultado de su capacidad para sobreponerse a cada una de las dificultades que le ha presentado la vida. La m\u00e1s dif\u00edcil, por ahora, el hecho de ser madre a temprana edad. \u201cFui mam\u00e1 muy joven, y si bien mis planes eran irme a estudiar nutrici\u00f3n, tuve que ver otras alternativas para salir adelante. Con el apoyo de mis padres y dividiendo el tiempo entre trabajos administrativos y mi rol de mam\u00e1, pude irme a estudiar a Illapel para finalmente recibirme como prevencionista de riesgos. Logr\u00e9 trabajar en un par de empresas colaboradas, pero sab\u00eda que ten\u00eda que seguir buscando algo a\u00fan mejor para mi hijo\u201d, dice Iselda haciendo referencia a Mart\u00edn, de ya 13 a\u00f1os.<br>Fue as\u00ed como en el a\u00f1o 2017 esta joven salamanquina inici\u00f3 su traves\u00eda en Minera Los Pelambres, luego de ser seleccionada en el programa Aprendices Mina. \u201cLo primero que hice fue contarles a mis padres. Mi madre (Anita), adem\u00e1s de sorprendida, estaba muy preocupada, con algo de miedo, propio obviamente de ese instinto protector que desarrolla una mam\u00e1 y que ahora comprendo mucho mejor. Con mi padre (Danilo), aunque estaba igual de sorprendido, fue un golpe instant\u00e1neo de motivaci\u00f3n\u201d, revela.<br>El primer d\u00eda al lado de un CAEX a\u00fan est\u00e1 grabado en la memoria. \u201cFue sorprendente, no s\u00f3lo por las dimensiones que tiene un cami\u00f3n, sino porque la primera visita a la mina fue en invierno y hab\u00eda nevado d\u00edas antes. Hab\u00eda mucho barro, los camiones andaban con cadenas en los neum\u00e1ticos y un CAEX en particular estaba haciendo maniobras para no quedar atrapado en una zona con barro. Entonces dije wow, esos son los que tenemos que operar nosotras\u201d.<br>Luego de superar los nervios iniciales, nada la detuvo. Hoy ya suma m\u00e1s de siete a\u00f1os arriba de un cami\u00f3n de extracci\u00f3n, casi dos como monitora y est\u00e1 en el primero de su etapa como perforista. Sin duda una historia que motivar\u00e1 tantas otras historias de mujeres del Choapa en Minera Los Pelambres.<br>\u201cAc\u00e1 no vale decir yo no s\u00e9 nada, porque en el proceso hay gente que est\u00e1 detr\u00e1s tuyo para apoyarte, ense\u00f1arte y darte la confianza de que como mujeres del Choapa tambi\u00e9n podemos hacerlo, y siento un gran orgullo, sobre todo como mam\u00e1, porque s\u00e9 que el cambio en mi vida ha valido la pena, \u00e9l (su hijo) est\u00e1 bien y no le falta nada. Y si bien me he perdido algunas celebraciones por las caracter\u00edsticas propias de este trabajo \u2013turno 7&#215;7- al final todo lo hago por \u00e9l\u201d, sentencia.<\/p>\n","protected":false},"excerpt":{"rendered":"<p>Iselda Bugue\u00f1o, mam\u00e1 de Mart\u00edn (13) y la menor de cinco hermanos, suma ya siete a\u00f1os arriba de un cami\u00f3n de alto tonelaje, casi dos como monitora para la formaci\u00f3n de nuevos operadores y este es el primero de su etapa como perforista, labor que hasta antes de su ingreso junto a otras tres mujeres [&hellip;]<\/p>\n","protected":false},"author":1,"featured_media":9779,"comment_status":"open","ping_status":"open","sticky":false,"template":"","format":"standard","meta":{"tdm_status":"","tdm_grid_status":"","footnotes":"","_wpscppro_dont_share_socialmedia":false,"_wpscppro_custom_social_share_image":0,"_facebook_share_type":"","_twitter_share_type":"","_linkedin_share_type":"","_pinterest_share_type":"","_linkedin_share_type_page":"","_instagram_share_type":"","_medium_share_type":"","_threads_share_type":"","_google_business_share_type":"","_bluesky_share_type":"","_mastodon_share_type":"","_selected_social_profile":[],"_wpsp_enable_custom_social_template":false,"_wpsp_social_scheduling":{"enabled":false,"datetime":null,"platforms":[],"status":"template_only","dateOption":"today","timeOption":"now","customDays":"","customHours":"","customDate":"","customTime":"","schedulingType":"absolute"},"_wpsp_active_default_template":true},"categories":[1],"tags":[8],"class_list":["post-9778","post","type-post","status-publish","format-standard","has-post-thumbnail","hentry","category-uncategorized","tag-marketing"],"_links":{"self":[{"href":"https:\/\/www.semanariotiempo.cl\/index.php?rest_route=\/wp\/v2\/posts\/9778","targetHints":{"allow":["GET"]}}],"collection":[{"href":"https:\/\/www.semanariotiempo.cl\/index.php?rest_route=\/wp\/v2\/posts"}],"about":[{"href":"https:\/\/www.semanariotiempo.cl\/index.php?rest_route=\/wp\/v2\/types\/post"}],"author":[{"embeddable":true,"href":"https:\/\/www.semanariotiempo.cl\/index.php?rest_route=\/wp\/v2\/users\/1"}],"replies":[{"embeddable":true,"href":"https:\/\/www.semanariotiempo.cl\/index.php?rest_route=%2Fwp%2Fv2%2Fcomments&post=9778"}],"version-history":[{"count":0,"href":"https:\/\/www.semanariotiempo.cl\/index.php?rest_route=\/wp\/v2\/posts\/9778\/revisions"}],"wp:featuredmedia":[{"embeddable":true,"href":"https:\/\/www.semanariotiempo.cl\/index.php?rest_route=\/wp\/v2\/media\/9779"}],"wp:attachment":[{"href":"https:\/\/www.semanariotiempo.cl\/index.php?rest_route=%2Fwp%2Fv2%2Fmedia&parent=9778"}],"wp:term":[{"taxonomy":"category","embeddable":true,"href":"https:\/\/www.semanariotiempo.cl\/index.php?rest_route=%2Fwp%2Fv2%2Fcategories&post=9778"},{"taxonomy":"post_tag","embeddable":true,"href":"https:\/\/www.semanariotiempo.cl\/index.php?rest_route=%2Fwp%2Fv2%2Ftags&post=9778"}],"curies":[{"name":"wp","href":"https:\/\/api.w.org\/{rel}","templated":true}]}}