{"id":9709,"date":"2023-08-03T21:09:50","date_gmt":"2023-08-04T01:09:50","guid":{"rendered":"https:\/\/www.semanariotiempo.cl\/?p=9709"},"modified":"2023-08-03T21:10:23","modified_gmt":"2023-08-04T01:10:23","slug":"en-vicuna-del-6-al-9-de-septiembre-realizaran-cumbre-mundial-de-astroturismo","status":"publish","type":"post","link":"https:\/\/www.semanariotiempo.cl\/?p=9709","title":{"rendered":"En Vicu\u00f1a: Del 6 al 9 de septiembre realizar\u00e1n Cumbre Mundial de Astroturismo"},"content":{"rendered":"<div class=\"wp-block-image\">\n<figure class=\"aligncenter size-large\"><img loading=\"lazy\" decoding=\"async\" width=\"1024\" height=\"683\" src=\"https:\/\/www.semanariotiempo.cl\/wp-content\/uploads\/2023\/08\/cumbre-astroturismo-en-santiago-1024x683.jpg\" alt=\"\" class=\"wp-image-9710\" srcset=\"https:\/\/www.semanariotiempo.cl\/wp-content\/uploads\/2023\/08\/cumbre-astroturismo-en-santiago-1024x683.jpg 1024w, https:\/\/www.semanariotiempo.cl\/wp-content\/uploads\/2023\/08\/cumbre-astroturismo-en-santiago-300x200.jpg 300w, https:\/\/www.semanariotiempo.cl\/wp-content\/uploads\/2023\/08\/cumbre-astroturismo-en-santiago-768x512.jpg 768w, https:\/\/www.semanariotiempo.cl\/wp-content\/uploads\/2023\/08\/cumbre-astroturismo-en-santiago-696x464.jpg 696w, https:\/\/www.semanariotiempo.cl\/wp-content\/uploads\/2023\/08\/cumbre-astroturismo-en-santiago-1068x712.jpg 1068w, https:\/\/www.semanariotiempo.cl\/wp-content\/uploads\/2023\/08\/cumbre-astroturismo-en-santiago-630x420.jpg 630w, https:\/\/www.semanariotiempo.cl\/wp-content\/uploads\/2023\/08\/cumbre-astroturismo-en-santiago.jpg 1200w\" sizes=\"auto, (max-width: 1024px) 100vw, 1024px\" \/><\/figure>\n<\/div>\n\n\n<p class=\"wp-block-paragraph\">En en el Centro Cultural Montecarmelo de Providencia, regi\u00f3n Metropolitana, se present\u00f3 de manera oficial la Cumbre Mundial de Astroturismo Vicu\u00f1a 2023, evento cont\u00f3 con la participaci\u00f3n de autoridades nacionales y regionales como la Subsecretaria de Turismo Ver\u00f3nica Pardo, el Director Nacional de Sernatur Crist\u00f3bal Ben\u00edtez, la Directora de Transforma Turismo Corfo Javiera Montes, el Delegado Presidencial de la regi\u00f3n de Coquimbo Rub\u00e9n Quezada, y el Alcalde de la comuna de Vicu\u00f1a Rafael Vera Castillo entre otros,<br>La Cumbre Mundial de Astroturismo Vicu\u00f1a 2023 se realizar\u00e1 entre el 6 y el 9 de septiembre en la comuna elquina, contar\u00e1 con la participaci\u00f3n de m\u00e1s de 40 expositores nacionales e internacionales, y actividades anexas como el Astrofest en Mamalluca, la Feria Nacional de Astroturismo, y el Programa Especial para ni\u00f1os y ni\u00f1as Hijos de las Estrellas \u201cEs una cumbre de primer nivel, creemos que es un hito nacional que ser\u00e1 una ventana al saber vinculada a una actividad econ\u00f3mica con tantas virtudes como el turismo\u201d se\u00f1al\u00f3 el Alcalde de Vicu\u00f1a Rafael Vera Castillo.<br>El Productor General del evento, Cristian S\u00e1ez Cariz, estima que participar\u00e1n cerca de 300 personas diarias en las ponencias que se realizar\u00e1n en el Teatro Municipal, unas 3000 personas en el Astrofest en Mamalluca, y otras miles en la Feria Nacional de Astroturismo y el Programa Especial para ni\u00f1os y ni\u00f1as Hijos de las Estrellas. A este n\u00famero \u201cse sumar\u00e1n cerca de 1 mill\u00f3n de personas que observar\u00e1n los contenidos de la cumbre a trav\u00e9s de la p\u00e1gina web y las redes sociales v\u00eda streaming\u201d dice S\u00e1ez.<\/p>\n","protected":false},"excerpt":{"rendered":"<p>En en el Centro Cultural Montecarmelo de Providencia, regi\u00f3n Metropolitana, se present\u00f3 de manera oficial la Cumbre Mundial de Astroturismo Vicu\u00f1a 2023, evento cont\u00f3 con la participaci\u00f3n de autoridades nacionales y regionales como la Subsecretaria de Turismo Ver\u00f3nica Pardo, el Director Nacional de Sernatur Crist\u00f3bal Ben\u00edtez, la Directora de Transforma Turismo Corfo Javiera Montes, el [&hellip;]<\/p>\n","protected":false},"author":1,"featured_media":9710,"comment_status":"open","ping_status":"open","sticky":false,"template":"","format":"standard","meta":{"tdm_status":"","tdm_grid_status":"","footnotes":"","_wpscppro_dont_share_socialmedia":false,"_wpscppro_custom_social_share_image":0,"_facebook_share_type":"","_twitter_share_type":"","_linkedin_share_type":"","_pinterest_share_type":"","_linkedin_share_type_page":"","_instagram_share_type":"","_medium_share_type":"","_threads_share_type":"","_google_business_share_type":"","_bluesky_share_type":"","_mastodon_share_type":"","_selected_social_profile":[],"_wpsp_enable_custom_social_template":false,"_wpsp_social_scheduling":{"enabled":false,"datetime":null,"platforms":[],"status":"template_only","dateOption":"today","timeOption":"now","customDays":"","customHours":"","customDate":"","customTime":"","schedulingType":"absolute"},"_wpsp_active_default_template":true},"categories":[1],"tags":[28],"class_list":["post-9709","post","type-post","status-publish","format-standard","has-post-thumbnail","hentry","category-uncategorized","tag-site-tips"],"_links":{"self":[{"href":"https:\/\/www.semanariotiempo.cl\/index.php?rest_route=\/wp\/v2\/posts\/9709","targetHints":{"allow":["GET"]}}],"collection":[{"href":"https:\/\/www.semanariotiempo.cl\/index.php?rest_route=\/wp\/v2\/posts"}],"about":[{"href":"https:\/\/www.semanariotiempo.cl\/index.php?rest_route=\/wp\/v2\/types\/post"}],"author":[{"embeddable":true,"href":"https:\/\/www.semanariotiempo.cl\/index.php?rest_route=\/wp\/v2\/users\/1"}],"replies":[{"embeddable":true,"href":"https:\/\/www.semanariotiempo.cl\/index.php?rest_route=%2Fwp%2Fv2%2Fcomments&post=9709"}],"version-history":[{"count":0,"href":"https:\/\/www.semanariotiempo.cl\/index.php?rest_route=\/wp\/v2\/posts\/9709\/revisions"}],"wp:featuredmedia":[{"embeddable":true,"href":"https:\/\/www.semanariotiempo.cl\/index.php?rest_route=\/wp\/v2\/media\/9710"}],"wp:attachment":[{"href":"https:\/\/www.semanariotiempo.cl\/index.php?rest_route=%2Fwp%2Fv2%2Fmedia&parent=9709"}],"wp:term":[{"taxonomy":"category","embeddable":true,"href":"https:\/\/www.semanariotiempo.cl\/index.php?rest_route=%2Fwp%2Fv2%2Fcategories&post=9709"},{"taxonomy":"post_tag","embeddable":true,"href":"https:\/\/www.semanariotiempo.cl\/index.php?rest_route=%2Fwp%2Fv2%2Ftags&post=9709"}],"curies":[{"name":"wp","href":"https:\/\/api.w.org\/{rel}","templated":true}]}}