{"id":9706,"date":"2023-08-03T21:05:20","date_gmt":"2023-08-04T01:05:20","guid":{"rendered":"https:\/\/www.semanariotiempo.cl\/?p=9706"},"modified":"2023-08-03T21:05:49","modified_gmt":"2023-08-04T01:05:49","slug":"estudio-cchc-uc-elqui-supera-a-limari-y-choapa-en-varios-indicadores-y-vialidad-es-estimada-como-media-baja-en-las-tres-provincias","status":"publish","type":"post","link":"https:\/\/www.semanariotiempo.cl\/?p=9706","title":{"rendered":"Estudio CChC-UC: Elqui supera a Limar\u00ed y Choapa en varios indicadores, y Vialidad es estimada como \u201cmedia-baja\u201d en las tres provincias"},"content":{"rendered":"\n<h4 class=\"wp-block-heading has-vivid-red-color has-text-color\"><strong>El an\u00e1lisis del gremio constructor con la casa de estudios es considerado como un insumo para ayudar a direccionar las inversiones en infraestructura para cada territorio local. Los resultados fueron entregados en medio del proceso de elaboraci\u00f3n sobre la futura Estrategia Regional de Desarrollo de la regi\u00f3n de Coquimbo.<\/strong><\/h4>\n\n\n<div class=\"wp-block-image\">\n<figure class=\"aligncenter size-large\"><img loading=\"lazy\" decoding=\"async\" width=\"1024\" height=\"768\" src=\"https:\/\/www.semanariotiempo.cl\/wp-content\/uploads\/2023\/08\/Foto-1-1024x768.jpg\" alt=\"\" class=\"wp-image-9707\" srcset=\"https:\/\/www.semanariotiempo.cl\/wp-content\/uploads\/2023\/08\/Foto-1-1024x768.jpg 1024w, https:\/\/www.semanariotiempo.cl\/wp-content\/uploads\/2023\/08\/Foto-1-300x225.jpg 300w, https:\/\/www.semanariotiempo.cl\/wp-content\/uploads\/2023\/08\/Foto-1-768x576.jpg 768w, https:\/\/www.semanariotiempo.cl\/wp-content\/uploads\/2023\/08\/Foto-1-696x522.jpg 696w, https:\/\/www.semanariotiempo.cl\/wp-content\/uploads\/2023\/08\/Foto-1-1068x801.jpg 1068w, https:\/\/www.semanariotiempo.cl\/wp-content\/uploads\/2023\/08\/Foto-1-560x420.jpg 560w, https:\/\/www.semanariotiempo.cl\/wp-content\/uploads\/2023\/08\/Foto-1-80x60.jpg 80w, https:\/\/www.semanariotiempo.cl\/wp-content\/uploads\/2023\/08\/Foto-1-265x198.jpg 265w, https:\/\/www.semanariotiempo.cl\/wp-content\/uploads\/2023\/08\/Foto-1.jpg 1200w\" sizes=\"auto, (max-width: 1024px) 100vw, 1024px\" \/><\/figure>\n<\/div>\n\n\n<p class=\"wp-block-paragraph\">Consider\u00f3 la intervenci\u00f3n de cada uno de los actores p\u00fablicos y privados que llegaron al sal\u00f3n Gabriel Gonz\u00e1lez Videla del Gobierno Regional, incluso se habilit\u00f3 un panel para debatir las necesidades y soluciones que requiere la regi\u00f3n de Coquimbo para desarrollarse. Lo cierto, es que el mi\u00e9rcoles 26 de julio, se presentaron las conclusiones del \u00cdndice de Soporte de Infraestructura Territorial (ISIT), elaborado en conjunto por el N\u00facleo de Investigaci\u00f3n en Gobernanza y Ordenamiento Territorial (NUGOT) de la Pontifica Universidad Cat\u00f3lica de Chile y la Gerencia de Estudios y Pol\u00edticas P\u00fablicas de la C\u00e1mara Chilena de la Construcci\u00f3n (CChC).<br>El an\u00e1lisis fue dado a conocer en un lanzamiento a nivel nacional, desde esta La Serena, en el que participaron el delegado Presidencial, Rub\u00e9n Quezada; el vicepresidente Nacional de la CChC, Alfredo Echavarr\u00eda; autoridades sectoriales, comunales, representantes y profesionales de distintas reparticiones p\u00fablicas y privadas, as\u00ed como socios y socias del gremio. En tanto, el panel de conversaci\u00f3n estuvo conformado por el presidente de la CChC de La Serena, Daniel Mas; la alcaldesa de R\u00edo Hurtado, Carmen Olivares; el consejero regional de Coquimbo, Wladimir Pleticosic; la gerenta de la SAN, Daniela Norambuena y el director del Centro de Inteligencia Territorial de la Universidad Adolfo Ib\u00e1\u00f1ez a cargo del estudio Estrategia Regional de Desarrollo de esta regi\u00f3n, Luis Valenzuela.<br>Y es que para impulsar su desarrollo productivo las regiones como sus provincias deben ofrecer ciertas condiciones en materia de infraestructura, seg\u00fan el tipo de actividades que buscan atraer. El an\u00e1lisis del gremio constructor con la casa de estudios fue considerado como un insumo para ayudar a direccionar las inversiones en infraestructura para cada territorio local. Los resultados fueron entregados en medio del proceso de elaboraci\u00f3n sobre la futura Estrategia Regional de Desarrollo de la regi\u00f3n de Coquimbo.<br><br>Para construir el ISIT se analiz\u00f3, a partir de fuentes oficiales, un total de 39 indicadores asociados a 6 dimensiones: Agua, Energ\u00eda, Telecomunicaciones, Vialidad, Log\u00edstica y Resiliencia. Esto permite concluir que la Provincia de Elqui muestra condiciones m\u00e1s bien favorables en cinco de las seis dimensiones analizadas (con excepci\u00f3n de Vialidad), lo que contrasta con la realidad de las otras provincias de la regi\u00f3n.<br>Al respecto, en las variables Agua, Telecomunicaciones y Log\u00edstica, la provincia de Elqui super\u00f3 a Limar\u00ed y Choapa, y el an\u00e1lisis concluy\u00f3 que Vialidad fue un d\u00e9ficit transversal para los tres territorios, dado el menor nivel de pavimentaci\u00f3n de su red de caminos. Y el aspecto positivo para la regi\u00f3n de Coquimbo se exhibi\u00f3 en condiciones relativamente favorables en cuanto a Energ\u00eda y Log\u00edstica, por su potencial de generaci\u00f3n de energ\u00edas renovables y su mayor cercan\u00eda al centro del pa\u00eds.<br>\u201cHemos hecho el llamado a las distintas organizaciones p\u00fablicas y privadas a sumarse al esfuerzo de la creaci\u00f3n de la Estrategia Regional de Desarrollo, considerando herramientas tan valiosas como el ISIT, para ir programando, en distintos ejes, como va a ser la infraestructura y el desarrollo de la regi\u00f3n, desde el territorio. Es clave contribuir en este proceso, para que est\u00e9n las miradas de todos y todas\u201d, afirm\u00f3 el delegado Presidencial, Rub\u00e9n Quezada.<\/p>\n\n\n\n<p class=\"wp-block-paragraph\">El presidente de la CChC La Serena, Daniel Mas indic\u00f3 \u201ceste \u00edndice es una herramienta m\u00e1s que como gremio, aportamos a la planificaci\u00f3n de la regi\u00f3n y creemos que es muy oportuna para el proceso de actualizaci\u00f3n de la Estrategia Regional de Desarrollo. Esperamos que la regi\u00f3n lo haga suyo y se pueda utilizar, por ejemplo, c\u00f3mo compensamos el rezago o las brechas de las provincias\u201d.<\/p>\n\n\n\n<p class=\"wp-block-paragraph\">El \u201c\u00cdndice de Soporte de Infraestructura Territorial\u201d fue presentado por el director del Proyecto ISIT por parte de NUGOT, Arturo Orellana, quien explic\u00f3 que este \u201cse aplica a escala provincial para medir el nivel de desarrollo de la infraestructura en estos territorios y as\u00ed determinar si su aptitud para localizar actividades econ\u00f3micas-productivas es alta, media-alta, media-baja o baja. Con ello aportamos criterios t\u00e9cnicos para alinear las inversiones locales en infraestructura con los objetivos de desarrollo productivo de los territorios e impulsar su efectiva materializaci\u00f3n\u201d.<br>En tanto, la Provincia de Limar\u00ed present\u00f3 condiciones deficitarias en lo relativo a la provisi\u00f3n de algunos servicios b\u00e1sicos (Agua y Telecomunicaciones), as\u00ed como de Vialidad. En Choapa, tambi\u00e9n se observan condiciones bajas en cuando a Agua y Telecomunicaciones, adem\u00e1s de Vialidad y Resiliencia, dado su rezago en t\u00e9rminos de potencia energ\u00e9tica autogenerada y sus niveles de aislamiento respecto a las otras dos provincias mencionadas.<br>Con estos antecedentes es posible determinar si la infraestructura existente est\u00e1 o no alineada con la Estrategia Regional de Desarrollo y en qu\u00e9 \u00e1reas ser\u00eda necesario reforzarla.<\/p>\n\n\n\n<p class=\"wp-block-paragraph\">Cabe destacar que la actual estrategia de la Regi\u00f3n de Coquimbo plantea, entre otras cosas, mejorar la conectividad y accesibilidad interior del territorio regional \u2013reforzando las infraestructuras locales\u2013, as\u00ed como facilitar la permanencia de la poblaci\u00f3n en el espacio rural, mejorando el acceso a servicios b\u00e1sicos de calidad y a conectividad digital.<\/p>\n\n\n\n<p class=\"wp-block-paragraph\">En este sentido, el vicepresidente nacional de la CChC, Alfredo Echavarr\u00eda destac\u00f3 \u201ctiene que haber un acuerdo transversal, ceder en algunas cosas y tener una visi\u00f3n com\u00fan de lo que se quiere hacer, tenemos que ser capaces de acercar las posiciones. Creo que hay esp\u00edritu, hay ganas, pero hay que lograr encuentros como este en que se discute y se permite la controversia para llegar a un punto com\u00fan y as\u00ed avanzar\u201d.<\/p>\n\n\n\n<p class=\"wp-block-paragraph\">Por su parte, el consejero regional, Wladimir Pleticosic agreg\u00f3 \u201cestos \u00edndices nos entregan varias luces en donde nosotros como Gobierno Regional vamos a hacer los esfuerzos para poner la inversi\u00f3n p\u00fablica en el desarrollo de la infraestructura que tanto necesita la gente\u201d.<\/p>\n\n\n\n<p class=\"wp-block-paragraph\">Desde el rol de los municipios, la alcaldesa de R\u00edo Hurtado, Carmen Olivares, se\u00f1al\u00f3 \u201ces fundamental que nos pidan la opini\u00f3n a todas las partes y a quienes vivimos en el territorio para poder concretar de la mejor manera esta estrategia\u201d.<\/p>\n\n\n\n<p class=\"wp-block-paragraph\">As\u00ed tambi\u00e9n desde la mirada gremial, la gerenta de la SAN, Daniela Norambuena afirm\u00f3 \u201ctenemos muchas brechas em materia de vialidad, especialmente en la conurbaci\u00f3n, pero tambi\u00e9n todo lo que tiene que ver con el encadenamiento productivo hacia el sector rural y el agua es urgente. Somos una regi\u00f3n productiva pero las brechas hacen que pongamos el acelerador para concretar acciones en corto, mediano y largo plazo\u201d.<\/p>\n","protected":false},"excerpt":{"rendered":"<p>El an\u00e1lisis del gremio constructor con la casa de estudios es considerado como un insumo para ayudar a direccionar las inversiones en infraestructura para cada territorio local. Los resultados fueron entregados en medio del proceso de elaboraci\u00f3n sobre la futura Estrategia Regional de Desarrollo de la regi\u00f3n de Coquimbo. Consider\u00f3 la intervenci\u00f3n de cada uno [&hellip;]<\/p>\n","protected":false},"author":1,"featured_media":9707,"comment_status":"open","ping_status":"open","sticky":false,"template":"","format":"standard","meta":{"tdm_status":"","tdm_grid_status":"","footnotes":"","_wpscppro_dont_share_socialmedia":false,"_wpscppro_custom_social_share_image":0,"_facebook_share_type":"","_twitter_share_type":"","_linkedin_share_type":"","_pinterest_share_type":"","_linkedin_share_type_page":"","_instagram_share_type":"","_medium_share_type":"","_threads_share_type":"","_google_business_share_type":"","_bluesky_share_type":"","_mastodon_share_type":"","_selected_social_profile":[],"_wpsp_enable_custom_social_template":false,"_wpsp_social_scheduling":{"enabled":false,"datetime":null,"platforms":[],"status":"template_only","dateOption":"today","timeOption":"now","customDays":"","customHours":"","customDate":"","customTime":"","schedulingType":"absolute"},"_wpsp_active_default_template":true},"categories":[1],"tags":[8,28],"class_list":["post-9706","post","type-post","status-publish","format-standard","has-post-thumbnail","hentry","category-uncategorized","tag-marketing","tag-site-tips"],"_links":{"self":[{"href":"https:\/\/www.semanariotiempo.cl\/index.php?rest_route=\/wp\/v2\/posts\/9706","targetHints":{"allow":["GET"]}}],"collection":[{"href":"https:\/\/www.semanariotiempo.cl\/index.php?rest_route=\/wp\/v2\/posts"}],"about":[{"href":"https:\/\/www.semanariotiempo.cl\/index.php?rest_route=\/wp\/v2\/types\/post"}],"author":[{"embeddable":true,"href":"https:\/\/www.semanariotiempo.cl\/index.php?rest_route=\/wp\/v2\/users\/1"}],"replies":[{"embeddable":true,"href":"https:\/\/www.semanariotiempo.cl\/index.php?rest_route=%2Fwp%2Fv2%2Fcomments&post=9706"}],"version-history":[{"count":0,"href":"https:\/\/www.semanariotiempo.cl\/index.php?rest_route=\/wp\/v2\/posts\/9706\/revisions"}],"wp:featuredmedia":[{"embeddable":true,"href":"https:\/\/www.semanariotiempo.cl\/index.php?rest_route=\/wp\/v2\/media\/9707"}],"wp:attachment":[{"href":"https:\/\/www.semanariotiempo.cl\/index.php?rest_route=%2Fwp%2Fv2%2Fmedia&parent=9706"}],"wp:term":[{"taxonomy":"category","embeddable":true,"href":"https:\/\/www.semanariotiempo.cl\/index.php?rest_route=%2Fwp%2Fv2%2Fcategories&post=9706"},{"taxonomy":"post_tag","embeddable":true,"href":"https:\/\/www.semanariotiempo.cl\/index.php?rest_route=%2Fwp%2Fv2%2Ftags&post=9706"}],"curies":[{"name":"wp","href":"https:\/\/api.w.org\/{rel}","templated":true}]}}