{"id":9703,"date":"2023-08-03T20:59:01","date_gmt":"2023-08-04T00:59:01","guid":{"rendered":"https:\/\/www.semanariotiempo.cl\/?p=9703"},"modified":"2023-08-03T20:59:25","modified_gmt":"2023-08-04T00:59:25","slug":"vida-util-de-la-planta-delta-finalizo-en-mayo-y-enami-ingresa-consulta-ambiental-para-extender-por-dos-anos-su-operacion","status":"publish","type":"post","link":"https:\/\/www.semanariotiempo.cl\/?p=9703","title":{"rendered":"Vida \u00fatil de la Planta Delta finaliz\u00f3 en mayo y Enami ingresa consulta ambiental para extender por dos a\u00f1os su operaci\u00f3n"},"content":{"rendered":"\n<h4 class=\"wp-block-heading has-vivid-red-color has-text-color\"><strong>Empresa estatal busca dar continuidad a las \u00e1reas que comprenden la mina subterr\u00e1nea, las plantas de procesamiento del mineral y otras instalaciones del complejo ubicado en la comuna de Ovalle. En los antecedentes est\u00e1 la tramitaci\u00f3n del proyecto \u201cContinuidad Operacional del Proyecto Delta-ENAMI\u201d, que fue desistido por la propia compa\u00f1\u00eda el 29 de junio pasado.<\/strong><\/h4>\n\n\n<div class=\"wp-block-image\">\n<figure class=\"aligncenter size-large\"><img loading=\"lazy\" decoding=\"async\" width=\"1024\" height=\"620\" src=\"https:\/\/www.semanariotiempo.cl\/wp-content\/uploads\/2023\/08\/enami-planta-delta-757.jpg-2-1024x620.jpg\" alt=\"\" class=\"wp-image-9704\" srcset=\"https:\/\/www.semanariotiempo.cl\/wp-content\/uploads\/2023\/08\/enami-planta-delta-757.jpg-2-1024x620.jpg 1024w, https:\/\/www.semanariotiempo.cl\/wp-content\/uploads\/2023\/08\/enami-planta-delta-757.jpg-2-300x182.jpg 300w, https:\/\/www.semanariotiempo.cl\/wp-content\/uploads\/2023\/08\/enami-planta-delta-757.jpg-2-768x465.jpg 768w, https:\/\/www.semanariotiempo.cl\/wp-content\/uploads\/2023\/08\/enami-planta-delta-757.jpg-2-696x421.jpg 696w, https:\/\/www.semanariotiempo.cl\/wp-content\/uploads\/2023\/08\/enami-planta-delta-757.jpg-2-1068x646.jpg 1068w, https:\/\/www.semanariotiempo.cl\/wp-content\/uploads\/2023\/08\/enami-planta-delta-757.jpg-2-694x420.jpg 694w, https:\/\/www.semanariotiempo.cl\/wp-content\/uploads\/2023\/08\/enami-planta-delta-757.jpg-2.jpg 1200w\" sizes=\"auto, (max-width: 1024px) 100vw, 1024px\" \/><\/figure>\n<\/div>\n\n\n<p class=\"wp-block-paragraph\">La gerenta de Seguridad y Sustentabilidad de la Empresa Nacional de Miner\u00eda (Enami), Stephanie Wilhelm, ingres\u00f3 una Consulta de Pertinencia (CP) al Servicio de Evaluaci\u00f3n Ambiental (SEA) para extender por dos a\u00f1os la vida \u00fatil, y el permiso ambiental, de las operaciones de la Planta Delta, ubicadas a 15 kil\u00f3metros al noroeste de la ciudad de Ovalle.<br>La ampliaci\u00f3n del plazo tiene como prop\u00f3sito darle continuidad a las instalaciones que comprenden la mina subterr\u00e1nea, las plantas de procesamiento del mineral e instalaciones asociadas, sin que se contemple ning\u00fan otro cambio relacionado con las partes, obras y acciones de la operaci\u00f3n actual. Desde el complejo, se extrae mineral para la producci\u00f3n de concentrado de cobre, con una capacidad para procesar 75.000 toneladas\/mes, y la planta de lixiviaci\u00f3n (LIX), extracci\u00f3n por solventes (SX) y electrobtenci\u00f3n (EW) para la producci\u00f3n de c\u00e1todos de cobre, dispone de una capacidad de 400 toneladas.<br>Conjuntamente, las instalaciones tambi\u00e9n disponen de un poder de compra de minerales para m\u00e1s de 300 peque\u00f1os productores de oxidados y sulfurados de cobre, oro y plata.<\/p>\n\n\n\n<p class=\"wp-block-paragraph\">De acuerdo a la empresa estatal, la vida \u00fatil de la etapa operacional de la Planta Delta, seg\u00fan su Resoluci\u00f3n de Calificaci\u00f3n Ambiental (RCA), N\u00b0 32\/2008, fue estimada en trece a\u00f1os. Atendiendo lo declarado en el Estudio de Impacto Ambiental (EIA) y lo establecido en la RCA y, considerando el hecho que el inicio de la fase de operaci\u00f3n se produjo en mayo del 2010 y el t\u00e9rmino de su funcionamiento \u201cdebi\u00f3 ocurrir en mayo de 2023\u201d.<br>\u201cSin perjuicio de lo anterior, y atendiendo el hecho que el yacimiento subterr\u00e1neo Mina Panulcillo, que abastece de mineral a la planta de concentraci\u00f3n del Proyecto Delta, en conjunto con peque\u00f1os mineros de la regi\u00f3n de Coquimbo de minerales oxidados y sulfurados de cobre, oro y plata, dispone de las reservas de mineral necesarias para darle continuidad a la etapa operacional\u201d, afirm\u00f3 Enami.<br>\u201cDado lo anteriormente se\u00f1alado, y a objeto de poder llevar la extensi\u00f3n de la vida \u00fatil de la etapa operacional del Proyecto Delta en dos a\u00f1os adicionales (\u2026) Se requiere realizar el an\u00e1lisis cuanto a determinar si la modificaci\u00f3n constituye o no un cambio de consideraci\u00f3n, de modo de resolver la pertinencia de que dicha modificaci\u00f3n deba o no someterse a evaluaci\u00f3n en el Sistema de Evaluaci\u00f3n de Impacto Ambiental (SEIA)\u201d, complement\u00f3 el texto.<\/p>\n\n\n\n<p class=\"wp-block-paragraph\"><strong>Soluci\u00f3n definitiva retirada<\/strong><br>En los antecedentes que se justificaron para presentar la pertinencia ambiental, denominada \u201cAmpliaci\u00f3n de la Vida \u00datil de la Etapa Operacional 5 del Proyecto Delta de 13 a 15 a\u00f1os\u201d, por parte de Enami, se encuentra que la ampliaci\u00f3n del periodo servir\u00e1 mientras en el SEIA se tramita el proyecto \u201cContinuidad Operacional del Proyecto Delta-ENAMI\u201d.<\/p>\n\n\n\n<p class=\"wp-block-paragraph\">Esta \u00faltima iniciativa considera US$33,1 millones para extender en 50 a\u00f1os la vida \u00fatil de la planta. La inversi\u00f3n se utilizar\u00e1 para ampliar la disposici\u00f3n de est\u00e9riles; elevar la capacidad de deposici\u00f3n de ripios, hasta alcanzar una vida \u00fatil de 6,67 a\u00f1os; y aumentar el dep\u00f3sito de relaves espesados, adem\u00e1s de sumar 14,5 a\u00f1os el periodo de funcionamiento de la Mina Panulcillo, bajo las mismas condiciones ya aprobadas.<br>Adicionalmente, considera la construcci\u00f3n de una l\u00ednea el\u00e9ctrica de media tensi\u00f3n, de 23 kV, la cual alimentar\u00e1 de energ\u00eda la mina subterr\u00e1nea, para prescindir de los equipos electr\u00f3genos y equipos di\u00e9sel-hidr\u00e1ulicos que actualmente operan y normalizar los procesos de extracci\u00f3n minera y beneficio de mineral.<br>Sin embargo, seg\u00fan consta en la tramitaci\u00f3n del proyecto, con fecha 29 de junio, Enami solicit\u00f3 retirar la iniciativa a evaluaci\u00f3n, poni\u00e9ndose t\u00e9rmino al procedimiento de revisi\u00f3n ambiental de la misma.<\/p>\n","protected":false},"excerpt":{"rendered":"<p>Empresa estatal busca dar continuidad a las \u00e1reas que comprenden la mina subterr\u00e1nea, las plantas de procesamiento del mineral y otras instalaciones del complejo ubicado en la comuna de Ovalle. En los antecedentes est\u00e1 la tramitaci\u00f3n del proyecto \u201cContinuidad Operacional del Proyecto Delta-ENAMI\u201d, que fue desistido por la propia compa\u00f1\u00eda el 29 de junio pasado. [&hellip;]<\/p>\n","protected":false},"author":1,"featured_media":9704,"comment_status":"open","ping_status":"open","sticky":false,"template":"","format":"standard","meta":{"tdm_status":"","tdm_grid_status":"","footnotes":"","_wpscppro_dont_share_socialmedia":false,"_wpscppro_custom_social_share_image":0,"_facebook_share_type":"","_twitter_share_type":"","_linkedin_share_type":"","_pinterest_share_type":"","_linkedin_share_type_page":"","_instagram_share_type":"","_medium_share_type":"","_threads_share_type":"","_google_business_share_type":"","_bluesky_share_type":"","_mastodon_share_type":"","_selected_social_profile":[],"_wpsp_enable_custom_social_template":false,"_wpsp_social_scheduling":{"enabled":false,"datetime":null,"platforms":[],"status":"template_only","dateOption":"today","timeOption":"now","customDays":"","customHours":"","customDate":"","customTime":"","schedulingType":"absolute"},"_wpsp_active_default_template":true},"categories":[1],"tags":[8],"class_list":["post-9703","post","type-post","status-publish","format-standard","has-post-thumbnail","hentry","category-uncategorized","tag-marketing"],"_links":{"self":[{"href":"https:\/\/www.semanariotiempo.cl\/index.php?rest_route=\/wp\/v2\/posts\/9703","targetHints":{"allow":["GET"]}}],"collection":[{"href":"https:\/\/www.semanariotiempo.cl\/index.php?rest_route=\/wp\/v2\/posts"}],"about":[{"href":"https:\/\/www.semanariotiempo.cl\/index.php?rest_route=\/wp\/v2\/types\/post"}],"author":[{"embeddable":true,"href":"https:\/\/www.semanariotiempo.cl\/index.php?rest_route=\/wp\/v2\/users\/1"}],"replies":[{"embeddable":true,"href":"https:\/\/www.semanariotiempo.cl\/index.php?rest_route=%2Fwp%2Fv2%2Fcomments&post=9703"}],"version-history":[{"count":0,"href":"https:\/\/www.semanariotiempo.cl\/index.php?rest_route=\/wp\/v2\/posts\/9703\/revisions"}],"wp:featuredmedia":[{"embeddable":true,"href":"https:\/\/www.semanariotiempo.cl\/index.php?rest_route=\/wp\/v2\/media\/9704"}],"wp:attachment":[{"href":"https:\/\/www.semanariotiempo.cl\/index.php?rest_route=%2Fwp%2Fv2%2Fmedia&parent=9703"}],"wp:term":[{"taxonomy":"category","embeddable":true,"href":"https:\/\/www.semanariotiempo.cl\/index.php?rest_route=%2Fwp%2Fv2%2Fcategories&post=9703"},{"taxonomy":"post_tag","embeddable":true,"href":"https:\/\/www.semanariotiempo.cl\/index.php?rest_route=%2Fwp%2Fv2%2Ftags&post=9703"}],"curies":[{"name":"wp","href":"https:\/\/api.w.org\/{rel}","templated":true}]}}