{"id":9595,"date":"2023-07-21T19:22:28","date_gmt":"2023-07-21T23:22:28","guid":{"rendered":"https:\/\/www.semanariotiempo.cl\/?p=9595"},"modified":"2023-07-21T19:22:30","modified_gmt":"2023-07-21T23:22:30","slug":"los-peligros-del-comportamiento-de-manada-en-los-adolescentes","status":"publish","type":"post","link":"https:\/\/www.semanariotiempo.cl\/?p=9595","title":{"rendered":"Los peligros del Comportamiento de Manada en los Adolescentes"},"content":{"rendered":"\n<p class=\"wp-block-paragraph\">El comportamiento de manada ha sido estudiado ampliamente desde la sicolog\u00eda, la sociolog\u00eda, la ciencia pol\u00edtica y la econom\u00eda. Se trata de un proceder en que los individuos siguen o imitan espont\u00e1neamente el comportamiento del grupo, en lugar de decidir su accionar de manera reflexiva e independiente. Se gatilla un fen\u00f3meno de \u201cdesindividualizaci\u00f3n\u201d, a trav\u00e9s del cual, el individuo es capaz de abandonar sus propios preceptos morales para actuar validado por lo que hacen los dem\u00e1s. Los comportamientos de manada pueden ser muy perversos y destructivos, como se ha manifestado por ejemplo en el accionar de las barras bravas del f\u00fatbol, en los estallidos sociales, las corridas masivas de los mercados burs\u00e1tiles, en el acoso y agresi\u00f3n grupal en contra de personas de distinto g\u00e9nero, raza o nacionalidad, lo que ha llevado incluso a que se produzcan actos extrema violencia como violaciones grupales o genocidio.  Entre los adolescentes es com\u00fan que formen grupos y que adopten algunos comportamientos de manada. No obstante, el sentido de pertenencia a un grupo tiene varios aspectos positivos para ellos, ya que contribuye al desarrollo de su autoestima y su personalidad. A trav\u00e9s del grupo es como suelen divertirse y entretenerse, mientras desarrollan actitudes de liderazgo, mediaci\u00f3n, soluci\u00f3n de conflictos y otras habilidades sociales. Sin embargo, debido a que son personas en proceso de formaci\u00f3n y b\u00fasqueda de su identidad, los adolescentes se encuentran expuestos a tomar decisiones err\u00f3neas solo por seguir el comportamiento del grupo en lugar de atreverse a actuar con autonom\u00eda. Es decir, se encuentran expuestos a adoptar comportamientos de manada, aun cuando la manada act\u00fae en contradicci\u00f3n con sus propios preceptos morales. Es as\u00ed como los adolescentes est\u00e1n expuestos al consumo de tabaco, alcohol u otras drogas siguiendo el comportamiento de los dem\u00e1s. Pero la manada tambi\u00e9n puede inducirlos a pr\u00e1cticas de bullying, o al acoso de g\u00e9nero, racial o xenof\u00f3bico. Tanto los apoderados como los profesores debemos estar atentos a estos comportamientos y tomar medidas oportunas para tratar de prevenir hechos lamentables. Por ello debemos ense\u00f1ar a los adolescentes a actuar con autonom\u00eda y reflexividad. A no dejarse influir totalmente por lo que hacen los dem\u00e1s. Es muy importante desarrollar en ellos el car\u00e1cter y la capacidad de tomar decisiones propias aun cuando eso vaya en contra de la corriente. Aprender a decir no, cuando es necesario es una actitud que contribuir\u00e1 sin duda a protegerlos y a que sean m\u00e1s fuertes. <\/p>\n\n\n<div class=\"wp-block-image\">\n<figure class=\"aligncenter size-medium is-resized\"><img loading=\"lazy\" decoding=\"async\" src=\"https:\/\/www.semanariotiempo.cl\/wp-content\/uploads\/2023\/07\/op-300x254.jpg\" alt=\"\" class=\"wp-image-9596\" width=\"302\" height=\"256\" srcset=\"https:\/\/www.semanariotiempo.cl\/wp-content\/uploads\/2023\/07\/op-300x254.jpg 300w, https:\/\/www.semanariotiempo.cl\/wp-content\/uploads\/2023\/07\/op-1024x865.jpg 1024w, https:\/\/www.semanariotiempo.cl\/wp-content\/uploads\/2023\/07\/op-768x649.jpg 768w, https:\/\/www.semanariotiempo.cl\/wp-content\/uploads\/2023\/07\/op-696x588.jpg 696w, https:\/\/www.semanariotiempo.cl\/wp-content\/uploads\/2023\/07\/op-497x420.jpg 497w, https:\/\/www.semanariotiempo.cl\/wp-content\/uploads\/2023\/07\/op.jpg 1052w\" sizes=\"auto, (max-width: 302px) 100vw, 302px\" \/><figcaption class=\"wp-element-caption\">Por: <strong>Mauricio Gallardo Altamirano<\/strong><br>Mag\u00edster en Filosof\u00eda y<br>Doctor en Econom\u00eda<br>Profesor Asociado<br>Secretario de Investigaci\u00f3n<br>Escuela de Ciencias Empresariales<br>Universidad Cat\u00f3lica del Norte<\/figcaption><\/figure>\n<\/div>","protected":false},"excerpt":{"rendered":"<p>El comportamiento de manada ha sido estudiado ampliamente desde la sicolog\u00eda, la sociolog\u00eda, la ciencia pol\u00edtica y la econom\u00eda. Se trata de un proceder en que los individuos siguen o imitan espont\u00e1neamente el comportamiento del grupo, en lugar de decidir su accionar de manera reflexiva e independiente. Se gatilla un fen\u00f3meno de \u201cdesindividualizaci\u00f3n\u201d, a trav\u00e9s [&hellip;]<\/p>\n","protected":false},"author":1,"featured_media":9596,"comment_status":"open","ping_status":"open","sticky":false,"template":"","format":"standard","meta":{"tdm_status":"","tdm_grid_status":"","footnotes":"","_wpscppro_dont_share_socialmedia":false,"_wpscppro_custom_social_share_image":0,"_facebook_share_type":"","_twitter_share_type":"","_linkedin_share_type":"","_pinterest_share_type":"","_linkedin_share_type_page":"","_instagram_share_type":"","_medium_share_type":"","_threads_share_type":"","_google_business_share_type":"","_bluesky_share_type":"","_mastodon_share_type":"","_selected_social_profile":[],"_wpsp_enable_custom_social_template":false,"_wpsp_social_scheduling":{"enabled":false,"datetime":null,"platforms":[],"status":"template_only","dateOption":"today","timeOption":"now","customDays":"","customHours":"","customDate":"","customTime":"","schedulingType":"absolute"},"_wpsp_active_default_template":true},"categories":[],"tags":[25],"class_list":["post-9595","post","type-post","status-publish","format-standard","has-post-thumbnail","hentry","tag-wordpress-themes"],"_links":{"self":[{"href":"https:\/\/www.semanariotiempo.cl\/index.php?rest_route=\/wp\/v2\/posts\/9595","targetHints":{"allow":["GET"]}}],"collection":[{"href":"https:\/\/www.semanariotiempo.cl\/index.php?rest_route=\/wp\/v2\/posts"}],"about":[{"href":"https:\/\/www.semanariotiempo.cl\/index.php?rest_route=\/wp\/v2\/types\/post"}],"author":[{"embeddable":true,"href":"https:\/\/www.semanariotiempo.cl\/index.php?rest_route=\/wp\/v2\/users\/1"}],"replies":[{"embeddable":true,"href":"https:\/\/www.semanariotiempo.cl\/index.php?rest_route=%2Fwp%2Fv2%2Fcomments&post=9595"}],"version-history":[{"count":0,"href":"https:\/\/www.semanariotiempo.cl\/index.php?rest_route=\/wp\/v2\/posts\/9595\/revisions"}],"wp:featuredmedia":[{"embeddable":true,"href":"https:\/\/www.semanariotiempo.cl\/index.php?rest_route=\/wp\/v2\/media\/9596"}],"wp:attachment":[{"href":"https:\/\/www.semanariotiempo.cl\/index.php?rest_route=%2Fwp%2Fv2%2Fmedia&parent=9595"}],"wp:term":[{"taxonomy":"category","embeddable":true,"href":"https:\/\/www.semanariotiempo.cl\/index.php?rest_route=%2Fwp%2Fv2%2Fcategories&post=9595"},{"taxonomy":"post_tag","embeddable":true,"href":"https:\/\/www.semanariotiempo.cl\/index.php?rest_route=%2Fwp%2Fv2%2Ftags&post=9595"}],"curies":[{"name":"wp","href":"https:\/\/api.w.org\/{rel}","templated":true}]}}