{"id":9592,"date":"2023-07-21T19:14:05","date_gmt":"2023-07-21T23:14:05","guid":{"rendered":"https:\/\/www.semanariotiempo.cl\/?p=9592"},"modified":"2023-07-21T19:14:36","modified_gmt":"2023-07-21T23:14:36","slug":"los-pelambres-concreta-nueva-iniciativa-en-su-desafio-de-avanzar-hacia-la-economia-circular","status":"publish","type":"post","link":"https:\/\/www.semanariotiempo.cl\/?p=9592","title":{"rendered":"Los Pelambres concreta nueva iniciativa en su desaf\u00edo de avanzar hacia la econom\u00eda circular"},"content":{"rendered":"\n<h4 class=\"wp-block-heading has-vivid-red-color has-text-color\"><strong>\u2022 Se trata de la adquisici\u00f3n de 24.000 bolsas pl\u00e1sticas para la segregaci\u00f3n de residuos y que fueron elaboradas en un 100% a partir de pl\u00e1sticos reciclados provenientes de su operaci\u00f3n.<br>\u2022 Esta iniciativa se suma a otras impulsadas por la compa\u00f1\u00eda bajo el concepto de Econom\u00eda Circular, como el env\u00edo, en 2022, de m\u00e1s de 2.300 toneladas de neum\u00e1ticos de camiones de extracci\u00f3n fuera de uso a una planta de reconversi\u00f3n ubicada en Antofagasta.<\/strong><\/h4>\n\n\n<div class=\"wp-block-image\">\n<figure class=\"aligncenter size-large\"><img loading=\"lazy\" decoding=\"async\" width=\"1024\" height=\"768\" src=\"https:\/\/www.semanariotiempo.cl\/wp-content\/uploads\/2023\/07\/mlp-1024x768.jpg\" alt=\"\" class=\"wp-image-9593\" srcset=\"https:\/\/www.semanariotiempo.cl\/wp-content\/uploads\/2023\/07\/mlp-1024x768.jpg 1024w, https:\/\/www.semanariotiempo.cl\/wp-content\/uploads\/2023\/07\/mlp-300x225.jpg 300w, https:\/\/www.semanariotiempo.cl\/wp-content\/uploads\/2023\/07\/mlp-768x576.jpg 768w, https:\/\/www.semanariotiempo.cl\/wp-content\/uploads\/2023\/07\/mlp-696x522.jpg 696w, https:\/\/www.semanariotiempo.cl\/wp-content\/uploads\/2023\/07\/mlp-1068x801.jpg 1068w, https:\/\/www.semanariotiempo.cl\/wp-content\/uploads\/2023\/07\/mlp-560x420.jpg 560w, https:\/\/www.semanariotiempo.cl\/wp-content\/uploads\/2023\/07\/mlp-80x60.jpg 80w, https:\/\/www.semanariotiempo.cl\/wp-content\/uploads\/2023\/07\/mlp-265x198.jpg 265w, https:\/\/www.semanariotiempo.cl\/wp-content\/uploads\/2023\/07\/mlp.jpg 1200w\" sizes=\"auto, (max-width: 1024px) 100vw, 1024px\" \/><\/figure>\n<\/div>\n\n\n<p class=\"wp-block-paragraph\">Una nueva iniciativa concret\u00f3 Minera Los Pelambres bajo la estrategia de Econom\u00eda Circular que impulsa el grupo Antofagasta Minerals en cada una de sus operaciones, la cual se sustenta en la reducci\u00f3n del consumo de recursos, extensi\u00f3n de la vida \u00fatil de materiales y equipos y la conversi\u00f3n de residuos en nuevos recursos.<br>En esta oportunidad se trata de la compra de 20.000 bolsas pl\u00e1sticas para la segregaci\u00f3n de residuos, las que fueron elaboradas en un 100% a partir de desechos pl\u00e1sticos -como tuber\u00edas de PVC-recolectados y seleccionados en las distintas \u00e1reas operacionales de Minera Los Pelambres, como lo son Mina, Planta, Puerto y Tranque. La compra se concret\u00f3 el 5 de julio y se suma a otras 4.000 bolsas que fueron adquiridas en marzo como primera etapa de la iniciativa.<\/p>\n\n\n\n<p class=\"wp-block-paragraph\">La cadena considera la i participaci\u00f3n de empresas especialistas en la materia encargadas de recolectar, seleccionar, almacenar, trasladar y convertir los desechos industriales no peligrosos en diversos art\u00edculos, como bolsas pl\u00e1sticas de 90&#215;60 cm elaboradas a partir de 260 gr. de materia prima reciclada. Entre las empresas que son parte de este ciclo de producci\u00f3n, destaca Ecolog\u00eda Siglo XXI, empresa illapelina que en el a\u00f1o 2007 inici\u00f3 su relaci\u00f3n contractual con Minera Los Pelambres y que actualmente es la encargada de recuperar los materiales reciclables.<br>\u201cEs una iniciativa concreta que sumamos a nuestro desaf\u00edo de incorporar la circularidad en la gesti\u00f3n de nuestros residuos operacionales y que ha sido propiciada no s\u00f3lo por la estrategia a nivel corporativo, sino tambi\u00e9n por los lazos estrat\u00e9gicos que hemos construido con distintas empresas, sobre todo de la provincia de Choapa\u201d, explica Alejandro V\u00e1squez, gerente general de Minera Los Pelambres.<\/p>\n\n\n\n<p class=\"wp-block-paragraph\">\u201cLo que hacemos nosotros es recuperar todos aquellos desechos o residuos s\u00f3lidos reciclables desde los lugares de acopio de Minera Los Pelambres y trasladarlos hasta nuestras instalaciones en Illapel, donde los preparamos, limpiamos, y procesamos para enviarlos a las empresas recicladoras de disposici\u00f3n final, ubicadas en Santiago, para que \u00e9stos vuelvan como nuevos productos y as\u00ed cumplir con una de las m\u00e1s importantes obligaciones que es cuidar y proteger el medio ambiente\u201d, coment\u00f3 Sandra Polanco, administradora de contrato de Siglo XXI.<br>Como lo explican desde la compa\u00f1\u00eda, esta acci\u00f3n se suma a otras impulsadas bajo el concepto de Econom\u00eda Circular. Una de las m\u00e1s llamativas fue el env\u00edo, en 2022, de m\u00e1s de 2.300 toneladas de neum\u00e1ticos de camiones de extracci\u00f3n fuera de uso a una planta de reconversi\u00f3n ubicada en Antofagasta.<\/p>\n\n\n\n<p class=\"wp-block-paragraph\">Esta gesti\u00f3n permiti\u00f3 generar hasta 8.000 litros de aceite -para alimentar generadores y maquinarias-, 5.600 kilos de carbono negro refinado y 6.000 kilos de acero de alta resistencia y calidad, que fueron utilizados para la fabricaci\u00f3n de tapetes de caucho, mangueras, tejas para techo y asfalto, y nuevas bolas de molienda para la planta concentradora de Los Pelambres.<\/p>\n","protected":false},"excerpt":{"rendered":"<p>\u2022 Se trata de la adquisici\u00f3n de 24.000 bolsas pl\u00e1sticas para la segregaci\u00f3n de residuos y que fueron elaboradas en un 100% a partir de pl\u00e1sticos reciclados provenientes de su operaci\u00f3n.\u2022 Esta iniciativa se suma a otras impulsadas por la compa\u00f1\u00eda bajo el concepto de Econom\u00eda Circular, como el env\u00edo, en 2022, de m\u00e1s de [&hellip;]<\/p>\n","protected":false},"author":1,"featured_media":9593,"comment_status":"open","ping_status":"open","sticky":false,"template":"","format":"standard","meta":{"tdm_status":"","tdm_grid_status":"","footnotes":"","_wpscppro_dont_share_socialmedia":false,"_wpscppro_custom_social_share_image":0,"_facebook_share_type":"","_twitter_share_type":"","_linkedin_share_type":"","_pinterest_share_type":"","_linkedin_share_type_page":"","_instagram_share_type":"","_medium_share_type":"","_threads_share_type":"","_google_business_share_type":"","_bluesky_share_type":"","_mastodon_share_type":"","_selected_social_profile":[],"_wpsp_enable_custom_social_template":false,"_wpsp_social_scheduling":{"enabled":false,"datetime":null,"platforms":[],"status":"template_only","dateOption":"today","timeOption":"now","customDays":"","customHours":"","customDate":"","customTime":"","schedulingType":"absolute"},"_wpsp_active_default_template":true},"categories":[1],"tags":[16,8],"class_list":["post-9592","post","type-post","status-publish","format-standard","has-post-thumbnail","hentry","category-uncategorized","tag-make-money-online","tag-marketing"],"_links":{"self":[{"href":"https:\/\/www.semanariotiempo.cl\/index.php?rest_route=\/wp\/v2\/posts\/9592","targetHints":{"allow":["GET"]}}],"collection":[{"href":"https:\/\/www.semanariotiempo.cl\/index.php?rest_route=\/wp\/v2\/posts"}],"about":[{"href":"https:\/\/www.semanariotiempo.cl\/index.php?rest_route=\/wp\/v2\/types\/post"}],"author":[{"embeddable":true,"href":"https:\/\/www.semanariotiempo.cl\/index.php?rest_route=\/wp\/v2\/users\/1"}],"replies":[{"embeddable":true,"href":"https:\/\/www.semanariotiempo.cl\/index.php?rest_route=%2Fwp%2Fv2%2Fcomments&post=9592"}],"version-history":[{"count":0,"href":"https:\/\/www.semanariotiempo.cl\/index.php?rest_route=\/wp\/v2\/posts\/9592\/revisions"}],"wp:featuredmedia":[{"embeddable":true,"href":"https:\/\/www.semanariotiempo.cl\/index.php?rest_route=\/wp\/v2\/media\/9593"}],"wp:attachment":[{"href":"https:\/\/www.semanariotiempo.cl\/index.php?rest_route=%2Fwp%2Fv2%2Fmedia&parent=9592"}],"wp:term":[{"taxonomy":"category","embeddable":true,"href":"https:\/\/www.semanariotiempo.cl\/index.php?rest_route=%2Fwp%2Fv2%2Fcategories&post=9592"},{"taxonomy":"post_tag","embeddable":true,"href":"https:\/\/www.semanariotiempo.cl\/index.php?rest_route=%2Fwp%2Fv2%2Ftags&post=9592"}],"curies":[{"name":"wp","href":"https:\/\/api.w.org\/{rel}","templated":true}]}}