{"id":9563,"date":"2023-07-19T21:17:55","date_gmt":"2023-07-20T01:17:55","guid":{"rendered":"https:\/\/www.semanariotiempo.cl\/?p=9563"},"modified":"2023-07-19T21:17:57","modified_gmt":"2023-07-20T01:17:57","slug":"sociedad-agricola-del-norte-se-reune-con-parlamentarios-de-la-region-de-coquimbo-para-entregar-propuestas-por-sequia","status":"publish","type":"post","link":"https:\/\/www.semanariotiempo.cl\/?p=9563","title":{"rendered":"Sociedad Agr\u00edcola del Norte se re\u00fane con parlamentarios de la regi\u00f3n de Coquimbo para entregar propuestas por sequ\u00eda"},"content":{"rendered":"\n<h4 class=\"wp-block-heading has-vivid-red-color has-text-color\"><strong>La presidenta de la Sociedad Agr\u00edcola del Norte, Mar\u00eda In\u00e9s Figari, se reuni\u00f3 con parlamentarios de la regi\u00f3n de Coquimbo para mostrar las cr\u00edticas cifras h\u00eddricas que presenta la zona y adem\u00e1s proponer un trabajo conjunto para propuestas urgentes y de corto plazo, porque la falta de agua podr\u00eda hacer peligrar el consumo humano y por ende tambi\u00e9n la producci\u00f3n de alimentos.<\/strong><\/h4>\n\n\n<div class=\"wp-block-image\">\n<figure class=\"aligncenter size-large\"><img loading=\"lazy\" decoding=\"async\" width=\"1024\" height=\"684\" src=\"https:\/\/www.semanariotiempo.cl\/wp-content\/uploads\/2023\/07\/SAN-01-1024x684.jpg\" alt=\"\" class=\"wp-image-9564\" srcset=\"https:\/\/www.semanariotiempo.cl\/wp-content\/uploads\/2023\/07\/SAN-01-1024x684.jpg 1024w, https:\/\/www.semanariotiempo.cl\/wp-content\/uploads\/2023\/07\/SAN-01-300x201.jpg 300w, https:\/\/www.semanariotiempo.cl\/wp-content\/uploads\/2023\/07\/SAN-01-768x513.jpg 768w, https:\/\/www.semanariotiempo.cl\/wp-content\/uploads\/2023\/07\/SAN-01-696x465.jpg 696w, https:\/\/www.semanariotiempo.cl\/wp-content\/uploads\/2023\/07\/SAN-01-1068x714.jpg 1068w, https:\/\/www.semanariotiempo.cl\/wp-content\/uploads\/2023\/07\/SAN-01-628x420.jpg 628w, https:\/\/www.semanariotiempo.cl\/wp-content\/uploads\/2023\/07\/SAN-01.jpg 1200w\" sizes=\"auto, (max-width: 1024px) 100vw, 1024px\" \/><\/figure>\n<\/div>\n\n\n<p class=\"wp-block-paragraph\">La red de 8 embalses de la regi\u00f3n de Coquimbo est\u00e1 con graves problemas de distribuci\u00f3n. A lo largo de su historia han ayudado en tiempos complejos, pero ahora el problema es que no ha ca\u00eddo agua y tampoco nieve, provocando bajas en reservas y por ende algunos sistemas est\u00e1n en falla, que significa que no se puede distribuir el vital elemento en forma normal.<\/p>\n\n\n\n<p class=\"wp-block-paragraph\">Para Mar\u00eda In\u00e9s Figari, presidenta de la SAN, fue muy importante que el gremio regional fuera uno de los primeros exponer a la comisi\u00f3n, porque el tema alimentario, tiene que ser prioridad. \u201cEs tanta la incertidumbre que estamos teniendo con el cambio clim\u00e1tico que creo que cualquier Estado tiene que asegurar la alimentaci\u00f3n de su poblaci\u00f3n. Me parece que hay que hacer saber, no toda la comunidad est\u00e1 enterada, siempre nos dicen que estamos llorando, pero no. Mi responsabilidad es hacer saber cu\u00e1les son las dificultades y cu\u00e1les son las posibles soluciones que estamos viviendo en el d\u00eda a d\u00eda. Expusimos la importancia de las desaladoras y que la pol\u00edtica h\u00eddrica debe ser constante\u201d.<\/p>\n\n\n\n<p class=\"wp-block-paragraph\"><strong>\u00bfC\u00d3MO EST\u00c1 EL TRABAJO LEGISLATIVO?<\/strong><br>Los parlamentarios asistentes estuvieron de acuerdo con las solicitudes del gremio y manifestaron su apoyo y respaldo a entregar urgencia a las iniciativas especialmente en darle seguridad h\u00eddrica y certeza jur\u00eddica. Manifiestan el respaldo a las organizaciones de usuarios de agua y a buscar el ordenamiento administrativo. Ante lo anterior explicaron que existen 2 proyectos de ley que est\u00e1n en el congreso.<\/p>\n\n\n\n<p class=\"wp-block-paragraph\">Una moci\u00f3n parlamentaria que est\u00e1 en el Senado y entrar\u00eda a discusi\u00f3n a la C\u00e1mara de Diputados el primer semestre del 2024 sobre las plantas desaladoras. Tambi\u00e9n los recursos para el re\u00faso de aguas. El 12 de julio el MOP presentar\u00e1 el proyecto por moci\u00f3n parlamentaria a la comisi\u00f3n de Obras P\u00fablicas del Senado. Luego con las indicaciones de \u00e9ste, pasar\u00e1 a la C\u00e1mara de diputados en septiembre 2024.<\/p>\n\n\n\n<p class=\"wp-block-paragraph\"><strong>OPINI\u00d3N DE PARLAMENTARIOS<\/strong><br>El Senador Mat\u00edas Walker sostuvo que termin\u00f3 el tiempo de lamentarse y lleg\u00f3 el momento de tomar decisiones y \u201cnosotros estamos a favor de las plantas desaladoras multiprop\u00f3sito que sirvan al consumo humano, a los APR, a los sistemas sanitarios rurales, pero tambi\u00e9n a la agricultura. Estamos a favor de seguir construyendo embalses como lo hemos planteado respecto a embalse murallas viejas en Combarbal\u00e1. Vamos a plantear la construcci\u00f3n de plantas desaladoras y tambi\u00e9n de embalses dentro del pacto pro crecimiento que le estamos proponiendo al Gobierno como condici\u00f3n para avanzar en un pacto fiscal\u201d.<\/p>\n\n\n\n<p class=\"wp-block-paragraph\">Para el Diputado V\u00edctor Pino presidente de la Comisi\u00f3n de Recursos H\u00eddricos de la C\u00e1mara de Diputados, es fundamental avanzar en tecnolog\u00edas nuevas, en cuanto a nuevas fuentes de recursos de agua tanto la desalinizaci\u00f3n de agua de mar as\u00ed como tambi\u00e9n, el re\u00faso de las aguas que se vierten al mar. Es fundamental que trabajemos en colaboraci\u00f3n, los parlamentarios que hoy nos encontramos, los dos senadores y los dos diputados, estamos dispuestos a avanzar. Durante a\u00f1os se han entregado solamente promesas y a la regi\u00f3n de Coquimbo no se le ha dado nada. Nos estamos secando poco a poco y la desertificaci\u00f3n avanza desde el norte hacia el sur y va a dejar a la regi\u00f3n de Coquimbo muy damnificada, si es que no hacemos algo a tiempo\u201d.<\/p>\n\n\n\n<p class=\"wp-block-paragraph\">El Senador Sergio Gahona, quien lidera la Comisi\u00f3n de Recursos H\u00eddricos del Senado puntualiz\u00f3 que es relevante poder instalar lo m\u00e1s pronto posible plantas desaladoras en la regi\u00f3n de car\u00e1cter multiprop\u00f3sito, que no s\u00f3lo sirvan para el consumo humano sino tambi\u00e9n para la agricultura, para la miner\u00eda y para la industria.<br>\u201cTambi\u00e9n tenemos que pensar en los 8 metros c\u00fabicos por d\u00eda que lanzamos al mar a trav\u00e9s de los emisarios submarinos. Debemos buscar f\u00f3rmulas de poder reusar el agua para el regad\u00edo de \u00e1reas verdes y la agricultura. Hemos acordado con la Sociedad Agr\u00edcola del Norte y con los parlamentarios concurrir a conversar con los ministros de Obras P\u00fablicas y el ministro de Agricultura para que nos escuchen. Yo presido con las comisiones de Recursos H\u00eddricos y de Obras p\u00fablicas del Senado. Evidentemente desde esa vereda nos va a servir para precisamente apoyar a la regi\u00f3n a obtener los resultados que esperamos respecto a enfrentar esta crisis h\u00eddrica que hoy es un problema casi insoluble. El gran problema que tenemos es que no hay agua y tampoco nuevas fuentes, por lo tanto, tenemos que crear legislaci\u00f3n y certezas tanto en el \u00e1mbito del agua desalada como el agua de re\u00faso\u201d.<\/p>\n\n\n\n<p class=\"wp-block-paragraph\">El Diputado Marco Antonio Sulantay expres\u00f3 que la falta de agua \u201ces una situaci\u00f3n que debemos abordar desde la urgencia y justamente sabiendo que los diagn\u00f3sticos son que no vamos a tener probablemente las lluvias que necesitamos; sabemos que se requieren nuevas fuentes de agua, en este caso la desalaci\u00f3n, no hay que dejar el tema de micro embalses, ning\u00fan tema bajo la mesa pero estamos nosotros tambi\u00e9n con una tarea muy importante en el Congreso que tiene que ver con la legislaci\u00f3n, porque justamente al ser este un tema que ha estado por mucho tiempo retrasado, se carece de la legislaci\u00f3n necesaria, el reglamento necesario para que se pueda avanzar, especialmente, por ejemplo, en la construcci\u00f3n e instalaci\u00f3n y operaci\u00f3n de planta desaladora en la regi\u00f3n de Coquimbo. No queremos que suceda lo que sufre Uruguay que tambi\u00e9n se qued\u00f3 sin agua\u201d.<br><\/p>\n\n\n\n<p class=\"wp-block-paragraph\"><strong>\u00bfCU\u00c1LES SON LOS COMPROMISOS ASUMIDOS?<\/strong><br>En la cita entre la SAN y parlamentarios se acord\u00f3 solicitar una reuni\u00f3n SAN-Ministerio de Obras p\u00fablicas- Ministerio de Agricultura para apoyar con m\u00e1s fuerza y sentido de urgencia de las propuestas, adem\u00e1s de acciones comunicacionales para presentar y posicionar la necesidad de que estas obras por la sequ\u00eda estructural regional.<br><br><strong>LAS CIFRAS<br><\/strong>A\u00d1O 2013 Embalse Puclaro Vicu\u00f1a al 80%,1 acci\u00f3n de agua= 1 litro\/sg para 1 hect\u00e1rea de riego<br>A\u00d1O 2023 Embalse al 13.4%, 1 acci\u00f3n de agua= 0,2 litros\/sg para 2000 m2 de riego<br>La producci\u00f3n en la cuenca de Elqui ha disminuido en un 60%,considerando la aplicaci\u00f3n de tecnolog\u00eda como el riego tecnificado<br>Desde el a\u00f1o 2014 a la fecha ,el desmarque (dotaci\u00f3n de agua) no ha superado el 25%<br>Reducci\u00f3n de superficie agr\u00edcola 30% seg\u00fan Juntas de Vigilancia<br>A la fecha Elqui tiene cero% de nieve y escasos mil\u00edmetros de agua ca\u00edda, lo mismo Limar\u00ed y Choapa ha recibido al menos 10 mm durante el 2023.<\/p>\n","protected":false},"excerpt":{"rendered":"<p>La presidenta de la Sociedad Agr\u00edcola del Norte, Mar\u00eda In\u00e9s Figari, se reuni\u00f3 con parlamentarios de la regi\u00f3n de Coquimbo para mostrar las cr\u00edticas cifras h\u00eddricas que presenta la zona y adem\u00e1s proponer un trabajo conjunto para propuestas urgentes y de corto plazo, porque la falta de agua podr\u00eda hacer peligrar el consumo humano y [&hellip;]<\/p>\n","protected":false},"author":1,"featured_media":9564,"comment_status":"open","ping_status":"open","sticky":false,"template":"","format":"standard","meta":{"tdm_status":"","tdm_grid_status":"","footnotes":"","_wpscppro_dont_share_socialmedia":false,"_wpscppro_custom_social_share_image":0,"_facebook_share_type":"","_twitter_share_type":"","_linkedin_share_type":"","_pinterest_share_type":"","_linkedin_share_type_page":"","_instagram_share_type":"","_medium_share_type":"","_threads_share_type":"","_google_business_share_type":"","_bluesky_share_type":"","_mastodon_share_type":"","_selected_social_profile":[],"_wpsp_enable_custom_social_template":false,"_wpsp_social_scheduling":{"enabled":false,"datetime":null,"platforms":[],"status":"template_only","dateOption":"today","timeOption":"now","customDays":"","customHours":"","customDate":"","customTime":"","schedulingType":"absolute"},"_wpsp_active_default_template":true},"categories":[1],"tags":[16,8,7],"class_list":["post-9563","post","type-post","status-publish","format-standard","has-post-thumbnail","hentry","category-uncategorized","tag-make-money-online","tag-marketing","tag-wordpress"],"_links":{"self":[{"href":"https:\/\/www.semanariotiempo.cl\/index.php?rest_route=\/wp\/v2\/posts\/9563","targetHints":{"allow":["GET"]}}],"collection":[{"href":"https:\/\/www.semanariotiempo.cl\/index.php?rest_route=\/wp\/v2\/posts"}],"about":[{"href":"https:\/\/www.semanariotiempo.cl\/index.php?rest_route=\/wp\/v2\/types\/post"}],"author":[{"embeddable":true,"href":"https:\/\/www.semanariotiempo.cl\/index.php?rest_route=\/wp\/v2\/users\/1"}],"replies":[{"embeddable":true,"href":"https:\/\/www.semanariotiempo.cl\/index.php?rest_route=%2Fwp%2Fv2%2Fcomments&post=9563"}],"version-history":[{"count":0,"href":"https:\/\/www.semanariotiempo.cl\/index.php?rest_route=\/wp\/v2\/posts\/9563\/revisions"}],"wp:featuredmedia":[{"embeddable":true,"href":"https:\/\/www.semanariotiempo.cl\/index.php?rest_route=\/wp\/v2\/media\/9564"}],"wp:attachment":[{"href":"https:\/\/www.semanariotiempo.cl\/index.php?rest_route=%2Fwp%2Fv2%2Fmedia&parent=9563"}],"wp:term":[{"taxonomy":"category","embeddable":true,"href":"https:\/\/www.semanariotiempo.cl\/index.php?rest_route=%2Fwp%2Fv2%2Fcategories&post=9563"},{"taxonomy":"post_tag","embeddable":true,"href":"https:\/\/www.semanariotiempo.cl\/index.php?rest_route=%2Fwp%2Fv2%2Ftags&post=9563"}],"curies":[{"name":"wp","href":"https:\/\/api.w.org\/{rel}","templated":true}]}}