{"id":9556,"date":"2023-07-18T16:18:10","date_gmt":"2023-07-18T20:18:10","guid":{"rendered":"https:\/\/www.semanariotiempo.cl\/?p=9556"},"modified":"2023-07-18T16:18:11","modified_gmt":"2023-07-18T20:18:11","slug":"gobierno-blinda-a-leonardo-gros-luego-que-dominga-anunciara-acciones-legales-por-ocultacion-de-informacion","status":"publish","type":"post","link":"https:\/\/www.semanariotiempo.cl\/?p=9556","title":{"rendered":"Gobierno blinda a Leonardo Gros, luego que Dominga anunciara acciones legales por ocultaci\u00f3n de informaci\u00f3n"},"content":{"rendered":"\n<h4 class=\"wp-block-heading has-vivid-red-color has-text-color\"><strong>Secretario regional ministerial afirm\u00f3 ante el Consejo de Ministros para la Sustentabilidad que Andes Iron, propietario de la iniciativa minero-portuaria, no cuenta con concesi\u00f3n mar\u00edtima en la comuna de La Higuera, siendo que la empresa cuenta con un permiso vigente, otorgada por Decreto N\u00b0405\/2012 del Ministerio de Defensa.<\/strong><\/h4>\n\n\n<div class=\"wp-block-image\">\n<figure class=\"aligncenter size-large\"><img loading=\"lazy\" decoding=\"async\" width=\"1024\" height=\"768\" src=\"https:\/\/www.semanariotiempo.cl\/wp-content\/uploads\/2023\/07\/Leonardo-Gros-seremi-del-Medio-Ambiente-1024x768.jpg\" alt=\"\" class=\"wp-image-9557\" srcset=\"https:\/\/www.semanariotiempo.cl\/wp-content\/uploads\/2023\/07\/Leonardo-Gros-seremi-del-Medio-Ambiente-1024x768.jpg 1024w, https:\/\/www.semanariotiempo.cl\/wp-content\/uploads\/2023\/07\/Leonardo-Gros-seremi-del-Medio-Ambiente-300x225.jpg 300w, https:\/\/www.semanariotiempo.cl\/wp-content\/uploads\/2023\/07\/Leonardo-Gros-seremi-del-Medio-Ambiente-768x576.jpg 768w, https:\/\/www.semanariotiempo.cl\/wp-content\/uploads\/2023\/07\/Leonardo-Gros-seremi-del-Medio-Ambiente-696x522.jpg 696w, https:\/\/www.semanariotiempo.cl\/wp-content\/uploads\/2023\/07\/Leonardo-Gros-seremi-del-Medio-Ambiente-1068x801.jpg 1068w, https:\/\/www.semanariotiempo.cl\/wp-content\/uploads\/2023\/07\/Leonardo-Gros-seremi-del-Medio-Ambiente-560x420.jpg 560w, https:\/\/www.semanariotiempo.cl\/wp-content\/uploads\/2023\/07\/Leonardo-Gros-seremi-del-Medio-Ambiente-80x60.jpg 80w, https:\/\/www.semanariotiempo.cl\/wp-content\/uploads\/2023\/07\/Leonardo-Gros-seremi-del-Medio-Ambiente-265x198.jpg 265w, https:\/\/www.semanariotiempo.cl\/wp-content\/uploads\/2023\/07\/Leonardo-Gros-seremi-del-Medio-Ambiente.jpg 1200w\" sizes=\"auto, (max-width: 1024px) 100vw, 1024px\" \/><\/figure>\n<\/div>\n\n\n<p class=\"wp-block-paragraph\">Los coletazos de la tensa sesi\u00f3n del Consejo de Ministros para la Sustentabilidad y Cambio Clim\u00e1tico no cesaron y llegaron a la regi\u00f3n de Coquimbo, producto de las intervenciones registradas en la transmisi\u00f3n en vivo de la instancia que habilit\u00f3 el Ministerio del Medio Ambiente, luego que uno de los temas centrales estaba en la revisi\u00f3n del \u00c1rea Marina Costera Protegida de M\u00faltiples Usos (AMCP-MU) que busca implementarse para las regiones III y IV.<br>Y es que luego de solicitar la palabra ante los Ministros y Ministras que componen el Consejo, Leonardo Gros, seremi del Medio Ambiente de Coquimbo, asegur\u00f3 que el proyecto minero-portuario Dominga no cuenta concesi\u00f3n mar\u00edtima, lo que no solo fue descartado por el titular de Dominga, la empresa Andes Iron, sino que anunci\u00f3 acciones legales contra Gros, y contra quienes resulten responsables, por ocultaci\u00f3n de antecedentes, \u201cen raz\u00f3n de haber omitido de manera deliberada antecedentes b\u00e1sicos y objetivos al Consejo de Ministros para la Sustentabilidad y Cambio Clim\u00e1tico, acci\u00f3n que perjudica de manera grav\u00edsima a la compa\u00f1\u00eda\u201d.<br>A trav\u00e9s de un comunicado, la empresa indic\u00f3 que Dominga \u201ccuenta con una concesi\u00f3n mar\u00edtima vigente, otorgada por Decreto N\u00b0405\/2012 del Ministerio de Defensa. \u201cCabe se\u00f1alar que desde hace varios meses el Ministerio del Medio Ambiente ha venido trabajando en una propuesta para crear un AMCP-MU (\u2026) Esta propuesta se\u00f1alaba que quedar\u00edan excluidas de la zona protegida todas aquellas concesiones mar\u00edtimas vigentes, omiti\u00e9ndose la concesi\u00f3n mar\u00edtima vigente que posee Andes Iron en la Bah\u00eda Totoralillo Norte, otorgada por Decreto N\u00b0405\/2012 del Ministerio de Defensa, que le permite instalar un terminal de embarque para concentrado de hierro. Ante esta omisi\u00f3n, antes de la mencionada reuni\u00f3n, Andes Iron envi\u00f3 una carta al Consejo de Ministros para la Sustentabilidad y Cambio Clim\u00e1tico, representando a la instancia la ya se\u00f1alada inexplicable discriminaci\u00f3n\u201d, mencion\u00f3 el escrito.<br>Agreg\u00f3 que \u201cpese al reparo realizado y frente a consultas realizadas por miembros del Consejo respecto de c\u00f3mo impactar\u00eda la creaci\u00f3n de AMCP-MU para distintos proyectos de puertos en La Higuera, el seremi de Medio Ambiente de Coquimbo, faltando a la verdad, indic\u00f3 que Dominga no contaba con concesi\u00f3n mar\u00edtima. Para Andes Iron la conducta del se\u00f1or Gros, sumada a un conjunto de eventuales irregularidades en torno al intento de declaraci\u00f3n de la se\u00f1alada AMCP-MU, podr\u00eda corresponder a posibles delitos de prevaricaci\u00f3n administrativa y ocultaci\u00f3n documental, adem\u00e1s de otras figuras sancionadas por la normativa administrativa\u201d, explic\u00f3 la firma, que precis\u00f3 que durante \u201clos pr\u00f3ximos d\u00edas se presentar\u00e1n las respectivas querellas para que el Ministerio P\u00fablico investigue estos hechos, que a juicio de la compa\u00f1\u00eda resultan perjudiciales para el desarrollo de Dominga y limitan el futuro de la Regi\u00f3n de Coquimbo al pretender cerrarse la posibilidad de desarrollo de puertos, plantas desaladoras, corredores bioce\u00e1nicos, actividades mineras e industriales, entre otras\u201d.<br>\u201cCabe se\u00f1alar que Andes Iron no se opone a la creaci\u00f3n de un AMCP-MU, pero sin duda, al igual que en pa\u00edses desarrollados, estas deben implementarse con proceso de participaci\u00f3n cuidada adecuados y compatibilizando la protecci\u00f3n del medio ambiente con el desarrollo de actividades econ\u00f3micas sostenibles\u201d, culmin\u00f3 la empresa.<\/p>\n\n\n\n<p class=\"wp-block-paragraph\">En respuesta, durante la tarde de ayer, el Ministerio del Medio Ambiente, a trav\u00e9s de una declaraci\u00f3n p\u00fablica, mantuvo que el Seremi del Medio Ambiente de la Regi\u00f3n de Coquimbo, Leonardo Gros, en ning\u00fan caso ocult\u00f3 informaci\u00f3n, pues sus declaraciones solo respondieron a una \u201cconfusi\u00f3n\u201d del momento sobre proyectos que se encuentran en el \u00e1rea. \u201cAquello no pudo generar perjuicio alguno, ya que la decisi\u00f3n fue pospuesta para una nueva sesi\u00f3n del Consejo de Ministros para la Sustentabilidad y el Cambio Clim\u00e1tico\u201d, mecion\u00f3.<br>\u201cEn el proceso de elaboraci\u00f3n no ha existido ninguna forma de ocultaci\u00f3n de informaci\u00f3n. En el lapso de un a\u00f1o han existido m\u00faltiples instancias de difusi\u00f3n, sociabilizaci\u00f3n y participaci\u00f3n ciudadana, realizando 15 talleres, con representantes del mundo acad\u00e9mico, social, pol\u00edtico, privado y de los servicios p\u00fablicos pertinentes. Como Ministerio, estaremos disponibles para continuar con la socializaci\u00f3n de la propuesta del \u00c1rea. Adicionalmente, los antecedentes, incluyendo la existencia de concesiones mar\u00edtimas, se encuentran en el informe t\u00e9cnico justificatorio del proceso de declaratoria\u201d, a\u00f1adi\u00f3 la cartera liderada por Maisa Rojas.<br>Conjuntamente, destac\u00f3 que los procedimientos para declarar \u00e1reas protegidas son totalmente distintos a los de aprobaci\u00f3n de proyectos de inversi\u00f3n. \u201cAl respecto, cabe aclarar que la existencia o no de permisos previos, como puede ser una resoluci\u00f3n de calificaci\u00f3n ambiental, no impide la declaraci\u00f3n de \u00e1reas protegidas, seg\u00fan lo ha dictaminado en reiteradas ocasiones la Contralor\u00eda General de la Rep\u00fablica, por tratarse de situaciones consolidadas\u201d, precis\u00f3.<br>\u201cFinalmente, se\u00f1alar que se ha utilizado la figura de \u00e1rea marina protegida de m\u00faltiples usos, la que, justamente, busca compatibilizar la conservaci\u00f3n y protecci\u00f3n del medioambiente con el desarrollo de actividades sustentables. Esta figura permite armonizar los m\u00faltiples e importantes usos que existen en el \u00e1rea pues permite la continuidad de las actividades de pesca, turismo, la investigaci\u00f3n y la educaci\u00f3n, siempre en compatibilidad con los fines de protecci\u00f3n del \u00e1rea\u201d, sentenci\u00f3.<\/p>\n","protected":false},"excerpt":{"rendered":"<p>Secretario regional ministerial afirm\u00f3 ante el Consejo de Ministros para la Sustentabilidad que Andes Iron, propietario de la iniciativa minero-portuaria, no cuenta con concesi\u00f3n mar\u00edtima en la comuna de La Higuera, siendo que la empresa cuenta con un permiso vigente, otorgada por Decreto N\u00b0405\/2012 del Ministerio de Defensa. Los coletazos de la tensa sesi\u00f3n del [&hellip;]<\/p>\n","protected":false},"author":1,"featured_media":9557,"comment_status":"open","ping_status":"open","sticky":false,"template":"","format":"standard","meta":{"tdm_status":"","tdm_grid_status":"","footnotes":"","_wpscppro_dont_share_socialmedia":false,"_wpscppro_custom_social_share_image":0,"_facebook_share_type":"","_twitter_share_type":"","_linkedin_share_type":"","_pinterest_share_type":"","_linkedin_share_type_page":"","_instagram_share_type":"","_medium_share_type":"","_threads_share_type":"","_google_business_share_type":"","_bluesky_share_type":"","_mastodon_share_type":"","_selected_social_profile":[],"_wpsp_enable_custom_social_template":false,"_wpsp_social_scheduling":{"enabled":false,"datetime":null,"platforms":[],"status":"template_only","dateOption":"today","timeOption":"now","customDays":"","customHours":"","customDate":"","customTime":"","schedulingType":"absolute"},"_wpsp_active_default_template":true},"categories":[1],"tags":[8],"class_list":["post-9556","post","type-post","status-publish","format-standard","has-post-thumbnail","hentry","category-uncategorized","tag-marketing"],"_links":{"self":[{"href":"https:\/\/www.semanariotiempo.cl\/index.php?rest_route=\/wp\/v2\/posts\/9556","targetHints":{"allow":["GET"]}}],"collection":[{"href":"https:\/\/www.semanariotiempo.cl\/index.php?rest_route=\/wp\/v2\/posts"}],"about":[{"href":"https:\/\/www.semanariotiempo.cl\/index.php?rest_route=\/wp\/v2\/types\/post"}],"author":[{"embeddable":true,"href":"https:\/\/www.semanariotiempo.cl\/index.php?rest_route=\/wp\/v2\/users\/1"}],"replies":[{"embeddable":true,"href":"https:\/\/www.semanariotiempo.cl\/index.php?rest_route=%2Fwp%2Fv2%2Fcomments&post=9556"}],"version-history":[{"count":0,"href":"https:\/\/www.semanariotiempo.cl\/index.php?rest_route=\/wp\/v2\/posts\/9556\/revisions"}],"wp:featuredmedia":[{"embeddable":true,"href":"https:\/\/www.semanariotiempo.cl\/index.php?rest_route=\/wp\/v2\/media\/9557"}],"wp:attachment":[{"href":"https:\/\/www.semanariotiempo.cl\/index.php?rest_route=%2Fwp%2Fv2%2Fmedia&parent=9556"}],"wp:term":[{"taxonomy":"category","embeddable":true,"href":"https:\/\/www.semanariotiempo.cl\/index.php?rest_route=%2Fwp%2Fv2%2Fcategories&post=9556"},{"taxonomy":"post_tag","embeddable":true,"href":"https:\/\/www.semanariotiempo.cl\/index.php?rest_route=%2Fwp%2Fv2%2Ftags&post=9556"}],"curies":[{"name":"wp","href":"https:\/\/api.w.org\/{rel}","templated":true}]}}