{"id":9547,"date":"2023-07-18T15:49:43","date_gmt":"2023-07-18T19:49:43","guid":{"rendered":"https:\/\/www.semanariotiempo.cl\/?p=9547"},"modified":"2023-07-18T15:49:45","modified_gmt":"2023-07-18T19:49:45","slug":"falta-de-antecedentes-de-dominga-y-cruz-grande-hacienda-transportes-oo-pp-y-mineria-postergan-aprobar-area-marina-costera-protegida","status":"publish","type":"post","link":"https:\/\/www.semanariotiempo.cl\/?p=9547","title":{"rendered":"Falta de antecedentes de Dominga y Cruz Grande, Hacienda, Transportes, OO.PP y Miner\u00eda postergan aprobar \u00c1rea Marina Costera Protegida"},"content":{"rendered":"\n<h4 class=\"wp-block-heading has-vivid-red-color has-text-color\"><strong>Zona de protecci\u00f3n, que abarca m\u00e1s de 570 mil hect\u00e1reas entre Freirina (regi\u00f3n de Atacama) y La Serena (regi\u00f3n de Coquimbo, y que incluye la totalidad de la zona costera de La Higuera, donde se emplazan iniciativas privadas, fue uno de los temas centrales de la \u00faltima reuni\u00f3n de los secretarios de Estado. Discusi\u00f3n se aplazar\u00e1 para la pr\u00f3xima sesi\u00f3n.<\/strong><\/h4>\n\n\n<div class=\"wp-block-image\">\n<figure class=\"aligncenter size-large\"><img loading=\"lazy\" decoding=\"async\" width=\"1024\" height=\"548\" src=\"https:\/\/www.semanariotiempo.cl\/wp-content\/uploads\/2023\/07\/area-marina-1024x548.jpg\" alt=\"\" class=\"wp-image-9548\" srcset=\"https:\/\/www.semanariotiempo.cl\/wp-content\/uploads\/2023\/07\/area-marina-1024x548.jpg 1024w, https:\/\/www.semanariotiempo.cl\/wp-content\/uploads\/2023\/07\/area-marina-300x161.jpg 300w, https:\/\/www.semanariotiempo.cl\/wp-content\/uploads\/2023\/07\/area-marina-768x411.jpg 768w, https:\/\/www.semanariotiempo.cl\/wp-content\/uploads\/2023\/07\/area-marina-696x372.jpg 696w, https:\/\/www.semanariotiempo.cl\/wp-content\/uploads\/2023\/07\/area-marina-1068x571.jpg 1068w, https:\/\/www.semanariotiempo.cl\/wp-content\/uploads\/2023\/07\/area-marina-785x420.jpg 785w, https:\/\/www.semanariotiempo.cl\/wp-content\/uploads\/2023\/07\/area-marina.jpg 1200w\" sizes=\"auto, (max-width: 1024px) 100vw, 1024px\" \/><\/figure>\n<\/div>\n\n\n<p class=\"wp-block-paragraph\">Las carteras de Obras P\u00fablicas, Miner\u00eda, Transportes y Hacienda tuvieron fuertes reparos a la declaraci\u00f3n del \u00c1rea Marina Costera Protegida de M\u00faltiples Usos (AMCP-MU) birregional entre Atacama y Coquimbo. Y es que la \u00faltima sesi\u00f3n del Consejo de Ministros para la Sustentabilidad y el Cambio Clim\u00e1tico, presidida por la ministra del Medio Ambiente, Maisa Rojas, no solo estuvo cargada de un alto debate entre los secretarios de Estado que componen la instancia -se suman Agricultura, Desarrollo Social, Econom\u00eda, Salud, Energ\u00eda, Vivienda- sino por las cr\u00edticas a la falta de informaci\u00f3n por el desarrollo de los proyecto minero-portuario Dominga y Puerto Cruz Grande, que buscan emplazarse en la costa de La Higuera.<\/p>\n\n\n\n<p class=\"wp-block-paragraph\">La reuni\u00f3n, celebrada el pasado viernes 07 de julio, ten\u00eda uno de los temas centrales discutir la declaratoria de la zona de protecci\u00f3n que abarca desde la comuna de Freirina, en Atacama, hasta La Serena, en la regi\u00f3n de Coquimbo, por m\u00e1s de 90 kil\u00f3metros de mar y que deja a la zona costera de La Higuera inserta en ella. La superficie involucra m\u00e1s de 574 mil hect\u00e1reas.<br><br>La ministra Maisa Rojas, indic\u00f3 que la propuesta es un compromiso \u201cque asumimos hace un poquito m\u00e1s de un a\u00f1o en el Archipi\u00e9lago de Humboldt, que se trabaj\u00f3 en las regiones de Atacama y Coquimbo. \u201cha sido un deseo de la comunidad local por muchos a\u00f1os, tal como lo ha mencionado nuestro seremi de Coquimbo (Leonardo Gros). Y nos va a permitir en nuestros compromisos internacionales de protecci\u00f3n que esta ecorregi\u00f3n en el Sistema Nacional de \u00c1reas Protegidas.<\/p>\n\n\n\n<p class=\"wp-block-paragraph\">Efectivamente, de aprobarse esta superficie, se elevar\u00e1 desde un 0,03% el resguardo de la ecorregi\u00f3n de Chile-Central, a un 1,7%. \u201cY va en la l\u00ednea de los compromisos establecidos en Chile, el a\u00f1o pasado, de sumar el 30% de nuestro territorio y maritorio al a\u00f1o 2030, y del Programa de Gobierno en relaci\u00f3n de crear una Red Nacional de \u00c1reas Marinas Protegidas, como parte de la adaptaci\u00f3n al cambio clim\u00e1tico\u201d, sostuvo la seremi del Medio Ambiente de Atacama, Natalia Penroz.<\/p>\n\n\n\n<p class=\"wp-block-paragraph\">Sin embargo, despu\u00e9s de una exposici\u00f3n de Penroz y su hom\u00f3logo de Coquimbo, varias carteras entraron a cuestionar la -ausencia tanto en la presentaci\u00f3n como la exposici\u00f3n de las autoridades locales la falta de antecedentes de las iniciativas de inversi\u00f3n de Andes Iron (Dominga) y la Compa\u00f1\u00eda Minera del Pac\u00edfico, CMP, (Cruz Grande). El primero en criticar fue el ministro de Transportes y Telecomunicaciones, Juan Carlos Mu\u00f1oz, qui\u00e9n pregunt\u00f3 si la declaratoria significa limitar el tr\u00e1nsito de naves. \u201cMe gustar\u00eda entender porque Dominga est\u00e1 metido al medio de esta cuesti\u00f3n. \u00bfNo se ha hablado de Cruz Grande, cierto? \u00bfFue parte de la presentaci\u00f3n?\u201d, dijo.<br>\u201cCreo que esto, y es como una moci\u00f3n de orden. Creo que en proyectos como \u00e9stos ser\u00eda bueno tener estos antecedentes a la vista y de los elementos para la decisi\u00f3n que estamos tomando. Esta es una decisi\u00f3n que tiene un mont\u00f3n de aristas, unas de ellas que van a ser titular de varios peri\u00f3dicos. \u00bfEs distinta esta conversaci\u00f3n si Dominga o Cruz Grande est\u00e1n ah\u00ed o no est\u00e1n? Pedir\u00eda que, como parte de la forma de proceder, cuando nos presenten un proyecto, nos entreguen estas dimensiones. La decisi\u00f3n es distinta o puede ser distinta en un caso o en otro\u201d, justific\u00f3 la autoridad de Transportes.<\/p>\n\n\n\n<p class=\"wp-block-paragraph\">La ministra de Miner\u00eda, Marcela Hernando, confes\u00f3 que sus equipos t\u00e9cnicos le pidieron que se consideraran en el Plan de Manejo del AMCP-MU la infraestructura existente o en ejecuci\u00f3n, adem\u00e1s de su eventual ampliaci\u00f3n. \u201cHay algunas concesiones de exploraci\u00f3n, que son pocas, pero que pudieran ser que a futuro, estoy pensando en voz alta, pero si nos encontr\u00e1ramos con una minera como Escondida, as\u00ed muy importante, desde el punto de vista del hallazgo, c\u00f3mo proteger eso\u201d, retruc\u00f3.<\/p>\n\n\n\n<p class=\"wp-block-paragraph\">En una l\u00ednea similar, la subsecretaria de Hacienda, Heidi Berner, indic\u00f3 que se debe prever tambi\u00e9n \u201cel impacto potencial en la inversi\u00f3n de la zona de otros proyectos que pueden estar por venir, m\u00e1s all\u00e1 de Dominga, que aqu\u00ed se han estado presentando\u201d.<br>\u201cEntendemos que todav\u00eda hay varios grupos que no fueron consultados. Estamos bastante complicados con la decisi\u00f3n a falta de mayores antecedentes, y tomar la decisi\u00f3n y votaci\u00f3n hoy\u201d, asegur\u00f3.<br><br>En un tono m\u00e1s duro, la ministra de Obras P\u00fablicas, Jessica L\u00f3pez, manifest\u00f3 su \u201csorpresa\u201d a la presentaci\u00f3n, ya que \u201cno contiene toda la informaci\u00f3n necesaria para juzgar esto\u201d. \u201cMe siento incapaz de hacer una votaci\u00f3n. Encuentro que las exposiciones debieron ser expl\u00edcitas de lo que se ha mencionado aqu\u00ed. Y ojal\u00e1 lo pudi\u00e9ramos retirar y volver a revisar\u201d, concluy\u00f3.<br><br>En ese sentido, el ministro de Econom\u00eda, Nicol\u00e1s Grau, comparti\u00f3 que este tipo de decisiones deben recoger todas las implicancias y deliberarse con todos los antecedentes a la vista. En esa l\u00ednea, la autoridad mantuvo que debe haber una conversaci\u00f3n antes y cuestion\u00f3 por qu\u00e9 no est\u00e1 ocurriendo. \u201cHay que entender qu\u00e9 est\u00e1 pasando en la interacci\u00f3n antes de esta reuni\u00f3n que pareciera que una decisi\u00f3n de este tipo se est\u00e1 tomando sin considerar todos los elementos\u201d, sentenci\u00f3.<br><\/p>\n","protected":false},"excerpt":{"rendered":"<p>Zona de protecci\u00f3n, que abarca m\u00e1s de 570 mil hect\u00e1reas entre Freirina (regi\u00f3n de Atacama) y La Serena (regi\u00f3n de Coquimbo, y que incluye la totalidad de la zona costera de La Higuera, donde se emplazan iniciativas privadas, fue uno de los temas centrales de la \u00faltima reuni\u00f3n de los secretarios de Estado. Discusi\u00f3n se [&hellip;]<\/p>\n","protected":false},"author":1,"featured_media":9548,"comment_status":"open","ping_status":"open","sticky":false,"template":"","format":"standard","meta":{"tdm_status":"","tdm_grid_status":"","footnotes":"","_wpscppro_dont_share_socialmedia":false,"_wpscppro_custom_social_share_image":0,"_facebook_share_type":"","_twitter_share_type":"","_linkedin_share_type":"","_pinterest_share_type":"","_linkedin_share_type_page":"","_instagram_share_type":"","_medium_share_type":"","_threads_share_type":"","_google_business_share_type":"","_bluesky_share_type":"","_mastodon_share_type":"","_selected_social_profile":[],"_wpsp_enable_custom_social_template":false,"_wpsp_social_scheduling":{"enabled":false,"datetime":null,"platforms":[],"status":"template_only","dateOption":"today","timeOption":"now","customDays":"","customHours":"","customDate":"","customTime":"","schedulingType":"absolute"},"_wpsp_active_default_template":true},"categories":[1],"tags":[16,8],"class_list":["post-9547","post","type-post","status-publish","format-standard","has-post-thumbnail","hentry","category-uncategorized","tag-make-money-online","tag-marketing"],"_links":{"self":[{"href":"https:\/\/www.semanariotiempo.cl\/index.php?rest_route=\/wp\/v2\/posts\/9547","targetHints":{"allow":["GET"]}}],"collection":[{"href":"https:\/\/www.semanariotiempo.cl\/index.php?rest_route=\/wp\/v2\/posts"}],"about":[{"href":"https:\/\/www.semanariotiempo.cl\/index.php?rest_route=\/wp\/v2\/types\/post"}],"author":[{"embeddable":true,"href":"https:\/\/www.semanariotiempo.cl\/index.php?rest_route=\/wp\/v2\/users\/1"}],"replies":[{"embeddable":true,"href":"https:\/\/www.semanariotiempo.cl\/index.php?rest_route=%2Fwp%2Fv2%2Fcomments&post=9547"}],"version-history":[{"count":0,"href":"https:\/\/www.semanariotiempo.cl\/index.php?rest_route=\/wp\/v2\/posts\/9547\/revisions"}],"wp:featuredmedia":[{"embeddable":true,"href":"https:\/\/www.semanariotiempo.cl\/index.php?rest_route=\/wp\/v2\/media\/9548"}],"wp:attachment":[{"href":"https:\/\/www.semanariotiempo.cl\/index.php?rest_route=%2Fwp%2Fv2%2Fmedia&parent=9547"}],"wp:term":[{"taxonomy":"category","embeddable":true,"href":"https:\/\/www.semanariotiempo.cl\/index.php?rest_route=%2Fwp%2Fv2%2Fcategories&post=9547"},{"taxonomy":"post_tag","embeddable":true,"href":"https:\/\/www.semanariotiempo.cl\/index.php?rest_route=%2Fwp%2Fv2%2Ftags&post=9547"}],"curies":[{"name":"wp","href":"https:\/\/api.w.org\/{rel}","templated":true}]}}