{"id":9540,"date":"2023-07-17T21:47:53","date_gmt":"2023-07-18T01:47:53","guid":{"rendered":"https:\/\/www.semanariotiempo.cl\/?p=9540"},"modified":"2023-07-17T21:47:57","modified_gmt":"2023-07-18T01:47:57","slug":"quien-es-marcelo-orrego-el-nuevo-gobernador-de-san-juan-que-derroto-20-anos-de-liderazgo-peronista","status":"publish","type":"post","link":"https:\/\/www.semanariotiempo.cl\/?p=9540","title":{"rendered":"Qui\u00e9n es Marcelo Orrego, el nuevo gobernador de San Juan que derrot\u00f3 20 a\u00f1os de liderazgo peronista"},"content":{"rendered":"\n<h4 class=\"wp-block-heading has-vivid-red-color has-text-color\"><strong>Abogado laboralista y penalista, adem\u00e1s de dirigente del partido Producci\u00f3n y Trabajo, realiz\u00f3 su proceso eleccionario bajo la f\u00f3rmula de un conglomerado denominado Frente Unido Por San Juan. Obtuvo su t\u00edtulo de abogado en la Universidad Nacional de C\u00f3rdoba en el a\u00f1o 2001 y comenz\u00f3 su experiencia laboral pol\u00edtica en 2007.<\/strong><\/h4>\n\n\n<div class=\"wp-block-image\">\n<figure class=\"aligncenter size-full\"><img loading=\"lazy\" decoding=\"async\" width=\"400\" height=\"400\" src=\"https:\/\/www.semanariotiempo.cl\/wp-content\/uploads\/2023\/07\/Marcelo-Orrego-nuevo-gobernador-de-la-provincia-de-San-Juan-02.jpg\" alt=\"\" class=\"wp-image-9541\" srcset=\"https:\/\/www.semanariotiempo.cl\/wp-content\/uploads\/2023\/07\/Marcelo-Orrego-nuevo-gobernador-de-la-provincia-de-San-Juan-02.jpg 400w, https:\/\/www.semanariotiempo.cl\/wp-content\/uploads\/2023\/07\/Marcelo-Orrego-nuevo-gobernador-de-la-provincia-de-San-Juan-02-300x300.jpg 300w, https:\/\/www.semanariotiempo.cl\/wp-content\/uploads\/2023\/07\/Marcelo-Orrego-nuevo-gobernador-de-la-provincia-de-San-Juan-02-150x150.jpg 150w\" sizes=\"auto, (max-width: 400px) 100vw, 400px\" \/><\/figure>\n<\/div>\n\n\n<p class=\"wp-block-paragraph\">En Argentina, el mundo pol\u00edtico fij\u00f3 sus ojos en la provincia de San Juan. Y es que despu\u00e9s de dos periodos consecutivos y luego que la Corte Suprema impidiera su reelecci\u00f3n, Sergio U\u00f1ac, dejar\u00e1 de liderar una de las \u00e1reas geogr\u00e1ficas m\u00e1s pr\u00f3ximas a la regi\u00f3n de Coquimbo, tras el sorpresivo ascenso del abogado Marcelo Orrego.<br>Obviamente, la larga y consolidada relaci\u00f3n entre ambos puntos de Argentina y Chile no era el foco de atenci\u00f3n, sino que Orrego logr\u00f3 todo un hito al poner fin a dos d\u00e9cadas de peronismo en San Juan. El sorpresivo batacazo se dio unos comicios at\u00edpicos en los que participaron m\u00e1s de 600 mil sanjuaninos, y luego que solo estuvieron en disputa las categor\u00edas de Gobernador y Vicegobernador, luego que, en mayo pasado, la decisi\u00f3n de la Corte Suprema de Justicia de la Naci\u00f3n de dar lugar a una inconstitucionalidad en la candidatura de U\u00f1ac.<br>Con el 98,55% de las mesas escrutadas, el Frente Unidos por San Juan obtuvo 217.800 votos, de los cuales 210.175 para la f\u00f3rmula de Marcelo Orrego, acompa\u00f1ado por Fabi\u00e1n Martin, mientras que el resto qued\u00f3 para los candidatos Marcelo Arancibia, Sergio Vallejos y Eduardo C\u00e1ceres. En segundo lugar qued\u00f3 el Frente San Juan por Todos, con 188.882 votos, de los cuales 116.423 sufragios fueron para Jos\u00e9 Luis Gioja, otro reconocido para la regi\u00f3n de Coquimbo, pues tambi\u00e9n se desempe\u00f1\u00f3 como gobernador de esa lado argentino, adem\u00e1s de ser uno de los m\u00e1s ac\u00e9rrimos defensores del frustrado proyecto T\u00fanel de Agua Negra.<br>En tanto, la agrupaci\u00f3n Desarrollo y Libertad, alineada con el dirigente Javier Milei, qued\u00f3 en tercer lugar y alcanz\u00f3 16.145 votos.<br>El presidente Alberto Fern\u00e1ndez felicit\u00f3 a Orrego en los comicios realizo el pasado 02 de julio: \u201cTiene por delante el desaf\u00edo de trabajar para garantizar el crecimiento y el desarrollo de la provincia. Conf\u00edo en que as\u00ed lo har\u00e1\u201d. Tambi\u00e9n tuvo palabras en sus redes sociales el ex Presidente de ese pa\u00eds Mauricio Macri, quien expres\u00f3 en Twitter: \u201c\u00a1\u00a1\u00a1Qu\u00e9 alegr\u00eda, San Juan!!! \u00a1Felicitaciones a Marcelo Orrego, a su equipo y a todos los sanjuaninos que hoy eligieron el cambio!\u201d.<\/p>\n\n\n\n<p class=\"wp-block-paragraph\"><strong><mark style=\"background-color:rgba(0, 0, 0, 0)\" class=\"has-inline-color has-vivid-red-color\">Qui\u00e9n es Marcelo Orrego<\/mark><\/strong><br>\u201cLos sanjuaninos eligieron un cambio para el futuro de San Juan. Solo tengo palabras de agradecimiento a la gente que nos dio su apoyo, a los que confiaron a todos los sanjuaninos (\u2026) Voy a dejarlo todo para ser un buen gobernador\u201d, expres\u00f3 Orrego en la misma red social, despu\u00e9s de conocer los resultados.<br>Marcelo Orrego es abogado laboralista y penalista, adem\u00e1s de dirigente del partido Producci\u00f3n y Trabajo. Obtuvo su t\u00edtulo de abogado en la Universidad Nacional de C\u00f3rdoba en el a\u00f1o 2001, pero un a\u00f1o antes hab\u00eda comenzado su experiencia laboral.<br>Entre los a\u00f1os 2001 y 2005, Orrego trabaj\u00f3 como asesor de Roberto Basualdo en la C\u00e1mara de Diputados de la Naci\u00f3n, llegando a desempe\u00f1arse como jefe de asesores del entonces reconocido diputado.<br>La carrera pol\u00edtica de Orrego tuvo sus primeros pasos en el a\u00f1o 2007 cuando se postul\u00f3 como candidato a Intendente (similar a la figura chilena de alcaldes) de Santa Luc\u00eda. Desde 2010 hasta 2012, ejerci\u00f3 el cargo de presidente del partido Producci\u00f3n y Trabajo.<br>En diciembre de 2011, Marcelo Orrego logr\u00f3 un importante hito al ser elegido Intendente de Santa Luc\u00eda con el respaldo del 49,80% de los votantes. En 2015, logr\u00f3 su reelecci\u00f3n con el 57,32% de los \u201csantaluce\u00f1o\u201d apoy\u00e1ndolo. En 2019, dio otro paso en su carrera pol\u00edtica al presentarse como candidato a Diputado Nacional por el frente Juntos por el Cambio, obteniendo finalmente un puesto en el Congreso.<\/p>\n","protected":false},"excerpt":{"rendered":"<p>Abogado laboralista y penalista, adem\u00e1s de dirigente del partido Producci\u00f3n y Trabajo, realiz\u00f3 su proceso eleccionario bajo la f\u00f3rmula de un conglomerado denominado Frente Unido Por San Juan. Obtuvo su t\u00edtulo de abogado en la Universidad Nacional de C\u00f3rdoba en el a\u00f1o 2001 y comenz\u00f3 su experiencia laboral pol\u00edtica en 2007. En Argentina, el mundo [&hellip;]<\/p>\n","protected":false},"author":1,"featured_media":9542,"comment_status":"open","ping_status":"open","sticky":false,"template":"","format":"standard","meta":{"tdm_status":"","tdm_grid_status":"","footnotes":"","_wpscppro_dont_share_socialmedia":false,"_wpscppro_custom_social_share_image":0,"_facebook_share_type":"","_twitter_share_type":"","_linkedin_share_type":"","_pinterest_share_type":"","_linkedin_share_type_page":"","_instagram_share_type":"","_medium_share_type":"","_threads_share_type":"","_google_business_share_type":"","_bluesky_share_type":"","_mastodon_share_type":"","_selected_social_profile":[],"_wpsp_enable_custom_social_template":false,"_wpsp_social_scheduling":{"enabled":false,"datetime":null,"platforms":[],"status":"template_only","dateOption":"today","timeOption":"now","customDays":"","customHours":"","customDate":"","customTime":"","schedulingType":"absolute"},"_wpsp_active_default_template":true},"categories":[1],"tags":[8],"class_list":["post-9540","post","type-post","status-publish","format-standard","has-post-thumbnail","hentry","category-uncategorized","tag-marketing"],"_links":{"self":[{"href":"https:\/\/www.semanariotiempo.cl\/index.php?rest_route=\/wp\/v2\/posts\/9540","targetHints":{"allow":["GET"]}}],"collection":[{"href":"https:\/\/www.semanariotiempo.cl\/index.php?rest_route=\/wp\/v2\/posts"}],"about":[{"href":"https:\/\/www.semanariotiempo.cl\/index.php?rest_route=\/wp\/v2\/types\/post"}],"author":[{"embeddable":true,"href":"https:\/\/www.semanariotiempo.cl\/index.php?rest_route=\/wp\/v2\/users\/1"}],"replies":[{"embeddable":true,"href":"https:\/\/www.semanariotiempo.cl\/index.php?rest_route=%2Fwp%2Fv2%2Fcomments&post=9540"}],"version-history":[{"count":0,"href":"https:\/\/www.semanariotiempo.cl\/index.php?rest_route=\/wp\/v2\/posts\/9540\/revisions"}],"wp:featuredmedia":[{"embeddable":true,"href":"https:\/\/www.semanariotiempo.cl\/index.php?rest_route=\/wp\/v2\/media\/9542"}],"wp:attachment":[{"href":"https:\/\/www.semanariotiempo.cl\/index.php?rest_route=%2Fwp%2Fv2%2Fmedia&parent=9540"}],"wp:term":[{"taxonomy":"category","embeddable":true,"href":"https:\/\/www.semanariotiempo.cl\/index.php?rest_route=%2Fwp%2Fv2%2Fcategories&post=9540"},{"taxonomy":"post_tag","embeddable":true,"href":"https:\/\/www.semanariotiempo.cl\/index.php?rest_route=%2Fwp%2Fv2%2Ftags&post=9540"}],"curies":[{"name":"wp","href":"https:\/\/api.w.org\/{rel}","templated":true}]}}