{"id":9501,"date":"2023-07-12T19:16:55","date_gmt":"2023-07-12T23:16:55","guid":{"rendered":"https:\/\/www.semanariotiempo.cl\/?p=9501"},"modified":"2023-07-12T19:16:56","modified_gmt":"2023-07-12T23:16:56","slug":"coquimbo-vuelve-a-ubicarse-como-la-region-con-peor-ejecucion-presupuestaria-del-pais","status":"publish","type":"post","link":"https:\/\/www.semanariotiempo.cl\/?p=9501","title":{"rendered":"Coquimbo vuelve a ubicarse como la regi\u00f3n con peor ejecuci\u00f3n presupuestaria del pa\u00eds"},"content":{"rendered":"\n<h4 class=\"wp-block-heading has-vivid-red-color has-text-color\"><strong>Gasto representa solo el 25% del presupuesto considerado para la regi\u00f3n de Coquimbo. Consejeros regionales, nuevamente, apuntan los dardos al Gobierno Regional y esperan que no se repita lo ocurrido el a\u00f1o pasado, sin embargo, tambi\u00e9n les precupa la mala gesti\u00f3n en otros servicios p\u00fablicos, como el Ministerio de Obras P\u00fablicas.<\/strong><\/h4>\n\n\n<div class=\"wp-block-image\">\n<figure class=\"aligncenter size-large\"><img loading=\"lazy\" decoding=\"async\" width=\"1024\" height=\"575\" src=\"https:\/\/www.semanariotiempo.cl\/wp-content\/uploads\/2023\/07\/coquimbo-1024x575.jpg\" alt=\"\" class=\"wp-image-9502\" srcset=\"https:\/\/www.semanariotiempo.cl\/wp-content\/uploads\/2023\/07\/coquimbo-1024x575.jpg 1024w, https:\/\/www.semanariotiempo.cl\/wp-content\/uploads\/2023\/07\/coquimbo-300x169.jpg 300w, https:\/\/www.semanariotiempo.cl\/wp-content\/uploads\/2023\/07\/coquimbo-768x431.jpg 768w, https:\/\/www.semanariotiempo.cl\/wp-content\/uploads\/2023\/07\/coquimbo-696x391.jpg 696w, https:\/\/www.semanariotiempo.cl\/wp-content\/uploads\/2023\/07\/coquimbo-1068x600.jpg 1068w, https:\/\/www.semanariotiempo.cl\/wp-content\/uploads\/2023\/07\/coquimbo-748x420.jpg 748w, https:\/\/www.semanariotiempo.cl\/wp-content\/uploads\/2023\/07\/coquimbo.jpg 1200w\" sizes=\"auto, (max-width: 1024px) 100vw, 1024px\" \/><\/figure>\n<\/div>\n\n\n<p class=\"wp-block-paragraph\">\u201cEsto demuestra que en los pr\u00f3ximos meses vamos a seguir con una mala ejecuci\u00f3n presupuestaria, sin tener perspectivas claras de c\u00f3mo se gasta el dinero en la regi\u00f3n distribuido equitativamente\u201d.<br>Son las palabras de Ximena Ampuero, consejera regional de Coquimbo que nuevamente apunta los dardos contra el Gobierno Regional y la figura de Krist Naranjo, a cargo de la ejecuci\u00f3n del presupuesto fijado para proyectos e inicitivas de inversi\u00f3n para este a\u00f1o.<br>Las declaraciones de ella, y otros integrantes del cuerpo colegiado, se deben a los poco m\u00e1s de $20 mil millones gastados por el Gobierno Regional de Coquimbo hasta el mes de mayo, lo que representa un 25% del \u00edtem para este per\u00edodo, seg\u00fan informaci\u00f3n de la Subsecretar\u00eda de Desarrollo Regional (Subdere).<br>As\u00ed, la regi\u00f3n de Coquimbo se posiciona con el peor desempe\u00f1o operaciones entre las distintas regiones de Chile. \u201cNuevamente somos el \u00faltimo lugar. El abril, por ejemplo, la media nacional era de un 28,5% eso nos indica que seguimos con los mismos estados desde el a\u00f1o pasado de que constantemente somos la \u00faltima regi\u00f3n en este \u00edtem, pero durante el \u00faltimo trimestre del a\u00f1o empezamos a transferir o gastar la plata sin una propuesta clara, y seguimos en lo mismo\u201d.<br>Por su parte, Javier Vega, presidente de la Comisi\u00f3n de Presupuestos del Consejo Regional, explic\u00f3 que \u201cal mes de mayo tenemos un cuarto del presupuesto (invertido). Igual hay una diferencia entre el a\u00f1o 2022 y 2023 que es bastante amplia, ya que todos los gobiernos regionales aumentaron su ejecuci\u00f3n comparado con el a\u00f1o anterior, en donde por ejemplo ten\u00edamos el 10,4% y era m\u00e1s preocupante a\u00fan la situaci\u00f3n\u201d.<\/p>\n\n\n\n<p class=\"wp-block-paragraph\">\u201cEstar con un 25,3% de la ejecuci\u00f3n de $82 mil millones, es preocupante tambi\u00e9n porque somos la \u00faltima regi\u00f3n nuevamente con el peor gasto, pero comparado con el a\u00f1o pasado. Si vemos el cuadro podemos decir que estamos mejor, pero si nos comparamos con otras regiones, \u00e9stas tambi\u00e9n han aumentado su ejecuci\u00f3n porque los gobernadores ya conocen el ruedo\u201d, lament\u00f3.<\/p>\n\n\n\n<p class=\"wp-block-paragraph\">Agreg\u00f3 que \u201cesto es preocupante porque, en mi provincia (Elqui), tenemos las comunas de Andacollo y Paihuano con un 0% de ejecuci\u00f3n, y esto nos est\u00e1 diciendo que hoy en d\u00eda no se est\u00e1 entendiendo la realidad territorial en la regi\u00f3n, donde hay comunas que son m\u00e1s vulnerables que est\u00e1n estancadas en este \u00edtem y no se ve una presentaci\u00f3n de proyectos, y en esa l\u00ednea sacamos un acuerdo para el fortalecimiento de los municipios\u201d.<\/p>\n\n\n\n<p class=\"wp-block-paragraph\">El consejero regional, Cristian Rondanelli, indic\u00f3 que \u201ces una cifra que espero que en el segundo semestre se revierta, sino vamos a estar nuevamente con una situaci\u00f3n compleja en el gasto presupuestario, lo que nos va a llevar a fin de a\u00f1o con apuros de ejecuci\u00f3n\u201d.<\/p>\n\n\n\n<p class=\"wp-block-paragraph\">Sin embargo, la autoridad del Choapa mostr\u00f3 su preocupaci\u00f3n por la geati\u00f3n de algunos servivoos como la Direcci\u00f3n de Obras Hidr\u00e1ulicas y la Direcci\u00f3n de Vialidad del Ministerio de Obras P\u00fablicas (MOP): \u201cninguna de las dos reparticiones del MOP, que es una de las carteras m\u00e1s relevantes de inversiones de la regi\u00f3n, superan el 20% de ejecuci\u00f3n presupuestaria al mes de mayo\u201d.<\/p>\n\n\n\n<p class=\"wp-block-paragraph\">\u201cEn Obras Hidr\u00e1ulicas hay temas muy relevantes como la inversi\u00f3n en obras de riego, lo que implica los servicios sanitarios rurales, que son fundamentales tanto para los habitantes de la regi\u00f3n de Coquimbo, como para generar empleao, y lo mismo en Vialidad, por lo que el llamado de atenci\u00f3n es aun m\u00e1s grande. El MOP cumple un rol importante en la econom\u00eda de la regi\u00f3n y necesitamos que se pueda ejecutar su presupuesto\u201d puntualiz\u00f3.<\/p>\n\n\n\n<p class=\"wp-block-paragraph\">Un tono m\u00e1s moderado, Lombardo Toledo, presidente de la Comisi\u00f3n de Desarrollo Social del Consejo Regional, sostuvo que \u201cel Gobierno Regional est\u00e1 repuntando en su gesti\u00f3n, sus equipos t\u00e9cnicos est\u00e1n haciendo un esfuerzo bastante importante para llegar a un ideal de presupuesto\u201d.<\/p>\n\n\n\n<p class=\"wp-block-paragraph\">Adem\u00e1s, \u201cexisten otras instituciones que van mermando la ejecuci\u00f3n presupuestaria, ya que lo que aprobamos en el Consejo Regional tienen que recorrer un largo camino, por ejemplo el Parque Oasis de Andacollo tiene que ir a Ministerio de Desarrollo Social y al Ministerio de Vivienda por el monto, y eso demora meses, lo mismo que el Parque San Joaqu\u00edn de La Serena, que cumplen un c\u00edrculo que no es muy virtuoso\u201d.<\/p>\n\n\n\n<p class=\"wp-block-paragraph\">De acuerdo a Toledo, \u201clo ideal es que cuando aprobamos el Gobierno Regional haga todo lo que signifique el papeleo jur\u00eddico para licitar, y lo mismo deben hacer los gobiernos locales, y se lo he dicho al presidente de los alcaldes, Rafael Vera, y tambi\u00e9n al de los municipios rurales, que la gesti\u00f3n tambi\u00e9n pasa por lo que puedan hacer ellos y los sectores como las serem\u00edas y los servicios\u201d.<\/p>\n\n\n\n<p class=\"wp-block-paragraph\">\u201cEsperamos que este 2023 haya una ejecuci\u00f3n presupuestaria ideal, como se lo merece la gente que espera obras y programas\u201d, sentenci\u00f3.<\/p>\n","protected":false},"excerpt":{"rendered":"<p>Gasto representa solo el 25% del presupuesto considerado para la regi\u00f3n de Coquimbo. Consejeros regionales, nuevamente, apuntan los dardos al Gobierno Regional y esperan que no se repita lo ocurrido el a\u00f1o pasado, sin embargo, tambi\u00e9n les precupa la mala gesti\u00f3n en otros servicios p\u00fablicos, como el Ministerio de Obras P\u00fablicas. \u201cEsto demuestra que en [&hellip;]<\/p>\n","protected":false},"author":1,"featured_media":9502,"comment_status":"open","ping_status":"open","sticky":false,"template":"","format":"standard","meta":{"tdm_status":"","tdm_grid_status":"","footnotes":"","_wpscppro_dont_share_socialmedia":false,"_wpscppro_custom_social_share_image":0,"_facebook_share_type":"","_twitter_share_type":"","_linkedin_share_type":"","_pinterest_share_type":"","_linkedin_share_type_page":"","_instagram_share_type":"","_medium_share_type":"","_threads_share_type":"","_google_business_share_type":"","_bluesky_share_type":"","_mastodon_share_type":"","_selected_social_profile":[],"_wpsp_enable_custom_social_template":false,"_wpsp_social_scheduling":{"enabled":false,"datetime":null,"platforms":[],"status":"template_only","dateOption":"today","timeOption":"now","customDays":"","customHours":"","customDate":"","customTime":"","schedulingType":"absolute"},"_wpsp_active_default_template":true},"categories":[1],"tags":[8],"class_list":["post-9501","post","type-post","status-publish","format-standard","has-post-thumbnail","hentry","category-uncategorized","tag-marketing"],"_links":{"self":[{"href":"https:\/\/www.semanariotiempo.cl\/index.php?rest_route=\/wp\/v2\/posts\/9501","targetHints":{"allow":["GET"]}}],"collection":[{"href":"https:\/\/www.semanariotiempo.cl\/index.php?rest_route=\/wp\/v2\/posts"}],"about":[{"href":"https:\/\/www.semanariotiempo.cl\/index.php?rest_route=\/wp\/v2\/types\/post"}],"author":[{"embeddable":true,"href":"https:\/\/www.semanariotiempo.cl\/index.php?rest_route=\/wp\/v2\/users\/1"}],"replies":[{"embeddable":true,"href":"https:\/\/www.semanariotiempo.cl\/index.php?rest_route=%2Fwp%2Fv2%2Fcomments&post=9501"}],"version-history":[{"count":0,"href":"https:\/\/www.semanariotiempo.cl\/index.php?rest_route=\/wp\/v2\/posts\/9501\/revisions"}],"wp:featuredmedia":[{"embeddable":true,"href":"https:\/\/www.semanariotiempo.cl\/index.php?rest_route=\/wp\/v2\/media\/9502"}],"wp:attachment":[{"href":"https:\/\/www.semanariotiempo.cl\/index.php?rest_route=%2Fwp%2Fv2%2Fmedia&parent=9501"}],"wp:term":[{"taxonomy":"category","embeddable":true,"href":"https:\/\/www.semanariotiempo.cl\/index.php?rest_route=%2Fwp%2Fv2%2Fcategories&post=9501"},{"taxonomy":"post_tag","embeddable":true,"href":"https:\/\/www.semanariotiempo.cl\/index.php?rest_route=%2Fwp%2Fv2%2Ftags&post=9501"}],"curies":[{"name":"wp","href":"https:\/\/api.w.org\/{rel}","templated":true}]}}