{"id":9499,"date":"2023-07-12T19:09:27","date_gmt":"2023-07-12T23:09:27","guid":{"rendered":"https:\/\/www.semanariotiempo.cl\/?p=9499"},"modified":"2023-07-12T19:09:29","modified_gmt":"2023-07-12T23:09:29","slug":"estrategia-justo-y-necesario","status":"publish","type":"post","link":"https:\/\/www.semanariotiempo.cl\/?p=9499","title":{"rendered":"Estrategia. Justo y necesario"},"content":{"rendered":"\n<p class=\"wp-block-paragraph\">Se conoci\u00f3 finalmente que ser\u00e1 la Universidad Adolfo Ib\u00e1\u00f1ez la instituci\u00f3n encargada de acompa\u00f1ar el proceso de construcci\u00f3n de una nueva Estrategia Regional de Desarrollo al 2030. Ser\u00e1n 178 millones de costo para un proceso en el que qued\u00f3 fuera la Universidad Cat\u00f3lica del Norte y la consultora Pulso.<br>Ahora, el tema ser\u00e1 verificar la metodolog\u00eda y las caracter\u00edsticas del proceso, ya que en el fondose trata de un documento muy importante o -mejor dicho- que \u201cpuede ser\u201d muy importante, si es bien trabajado y si es representativo del sentir de la ciudadan\u00eda de nuestra regi\u00f3n.<br>Tan solo como un ejemplo, en el caso del turismo, la falta de orientaci\u00f3n y de un discurso p\u00fablico coherente y consistente es evidente. Desde Sernatur se hacen los esfuerzos con las herramientas con las que se cuenta, pero mientras desde el Gobierno Regional no sea considerada un \u00e1rea prioritaria, seguiremos utilizando recursos en promociones peque\u00f1as, en esfuerzos espor\u00e1dicos y sin continuidad, que sirven para el corto plazo, pero que no nos proyectan sistem\u00e1ticamente hacia un futuro de mayor umbral.<br>En Vicu\u00f1a, por ejemplo, se trabaja a gran ritmo, pero como una isla. All\u00ed potencian el turismo astron\u00f3mico a nivel internacional siguiendo la senda que qued\u00f3 de los a\u00f1os 2000 que identificaba a la regi\u00f3n de Coquimbo como \u201cla Regi\u00f3n Estrella\u201d. Una mirada de futuro, de largo plazo, que invitaba a instalar a la regi\u00f3n de Coquimbo como un referente internacional de alto nivel. Ese envi\u00f3n se perdi\u00f3 o al menos perdi\u00f3 mucha de su fuerza inicial.<br>As\u00ed como en el turismo, en todas las \u00e1reas de desarrollo regional, miner\u00eda, acuicultura, medio ambiente, obras p\u00fablicas, es necesario que exista una coherencia y consistencia de largo plazo, una invitaci\u00f3n a so\u00f1ar en grande, a remar todos por un objetivo com\u00fan y no s\u00f3lo a tapar hoyos o solucionar contingencias de la pr\u00f3xima temporada. Tampoco puede ser el antojo de una autoridad moment\u00e1nea ya que esa mirada debe ir m\u00e1s all\u00e1, debe ser m\u00e1s ambiciosa y motivadora.<br>En fin, Hay expectativas respecto del resultado de este trabajo. Una hoja de ruta, un objetivo com\u00fan es indispensable. Es de esperar que los ego\u00edsmos y personalismo cedan paso a la participaci\u00f3n franca y con visi\u00f3n de futuro.<\/p>\n\n\n\n<p class=\"has-background wp-block-paragraph\" style=\"background:linear-gradient(135deg,rgb(247,168,168) 0%,rgb(247,233,233) 11%,rgb(224,81,91) 100%)\"><strong>V\u00edctor H. Villagr\u00e1n<\/strong><br>Editor Semanario Tiempo<\/p>\n","protected":false},"excerpt":{"rendered":"<p>Se conoci\u00f3 finalmente que ser\u00e1 la Universidad Adolfo Ib\u00e1\u00f1ez la instituci\u00f3n encargada de acompa\u00f1ar el proceso de construcci\u00f3n de una nueva Estrategia Regional de Desarrollo al 2030. Ser\u00e1n 178 millones de costo para un proceso en el que qued\u00f3 fuera la Universidad Cat\u00f3lica del Norte y la consultora Pulso.Ahora, el tema ser\u00e1 verificar la metodolog\u00eda [&hellip;]<\/p>\n","protected":false},"author":1,"featured_media":0,"comment_status":"open","ping_status":"open","sticky":false,"template":"","format":"standard","meta":{"tdm_status":"","tdm_grid_status":"","footnotes":"","_wpscppro_dont_share_socialmedia":false,"_wpscppro_custom_social_share_image":0,"_facebook_share_type":"","_twitter_share_type":"","_linkedin_share_type":"","_pinterest_share_type":"","_linkedin_share_type_page":"","_instagram_share_type":"","_medium_share_type":"","_threads_share_type":"","_google_business_share_type":"","_bluesky_share_type":"","_mastodon_share_type":"","_selected_social_profile":[],"_wpsp_enable_custom_social_template":false,"_wpsp_social_scheduling":{"enabled":false,"datetime":null,"platforms":[],"status":"template_only","dateOption":"today","timeOption":"now","customDays":"","customHours":"","customDate":"","customTime":"","schedulingType":"absolute"},"_wpsp_active_default_template":true},"categories":[],"tags":[25],"class_list":["post-9499","post","type-post","status-publish","format-standard","hentry","tag-wordpress-themes"],"_links":{"self":[{"href":"https:\/\/www.semanariotiempo.cl\/index.php?rest_route=\/wp\/v2\/posts\/9499","targetHints":{"allow":["GET"]}}],"collection":[{"href":"https:\/\/www.semanariotiempo.cl\/index.php?rest_route=\/wp\/v2\/posts"}],"about":[{"href":"https:\/\/www.semanariotiempo.cl\/index.php?rest_route=\/wp\/v2\/types\/post"}],"author":[{"embeddable":true,"href":"https:\/\/www.semanariotiempo.cl\/index.php?rest_route=\/wp\/v2\/users\/1"}],"replies":[{"embeddable":true,"href":"https:\/\/www.semanariotiempo.cl\/index.php?rest_route=%2Fwp%2Fv2%2Fcomments&post=9499"}],"version-history":[{"count":0,"href":"https:\/\/www.semanariotiempo.cl\/index.php?rest_route=\/wp\/v2\/posts\/9499\/revisions"}],"wp:attachment":[{"href":"https:\/\/www.semanariotiempo.cl\/index.php?rest_route=%2Fwp%2Fv2%2Fmedia&parent=9499"}],"wp:term":[{"taxonomy":"category","embeddable":true,"href":"https:\/\/www.semanariotiempo.cl\/index.php?rest_route=%2Fwp%2Fv2%2Fcategories&post=9499"},{"taxonomy":"post_tag","embeddable":true,"href":"https:\/\/www.semanariotiempo.cl\/index.php?rest_route=%2Fwp%2Fv2%2Ftags&post=9499"}],"curies":[{"name":"wp","href":"https:\/\/api.w.org\/{rel}","templated":true}]}}