{"id":9484,"date":"2023-07-07T22:34:33","date_gmt":"2023-07-08T02:34:33","guid":{"rendered":"https:\/\/www.semanariotiempo.cl\/?p=9484"},"modified":"2023-07-07T22:34:36","modified_gmt":"2023-07-08T02:34:36","slug":"autoridades-y-cchc-la-serena-coinciden-en-priorizar-la-construccion-de-plantas-desalinizadoras-como-solucion-a-laescasez-hidrica-en-region-de-coquimbo","status":"publish","type":"post","link":"https:\/\/www.semanariotiempo.cl\/?p=9484","title":{"rendered":"Autoridades y CChC La Serena coinciden en priorizar la construcci\u00f3n de plantas desalinizadoras como soluci\u00f3n a laescasez h\u00eddrica en Regi\u00f3n de Coquimbo"},"content":{"rendered":"\n<h4 class=\"wp-block-heading has-vivid-red-color has-text-color\"><strong>\u2022 En un espacio in\u00e9dito para la regi\u00f3n, el sector p\u00fablico-privado analiz\u00f3 las necesidades m\u00e1s urgentes para esta zona en materia de vivienda, obras de infraestructura p\u00fablica y privada, as\u00ed como tambi\u00e9n empleo y reactivaci\u00f3n. Uno de los desaf\u00edos, concuerdan, es impulsar la desalinizaci\u00f3n como alternativa para enfrentar la escasez h\u00eddrica y garantizar el consumo de agua potable de sus habitantes.<\/strong><\/h4>\n\n\n<div class=\"wp-block-image\">\n<figure class=\"aligncenter size-large\"><img loading=\"lazy\" decoding=\"async\" width=\"1024\" height=\"768\" src=\"https:\/\/www.semanariotiempo.cl\/wp-content\/uploads\/2023\/07\/SEMINARIO-3-1024x768.jpg\" alt=\"\" class=\"wp-image-9485\" srcset=\"https:\/\/www.semanariotiempo.cl\/wp-content\/uploads\/2023\/07\/SEMINARIO-3-1024x768.jpg 1024w, https:\/\/www.semanariotiempo.cl\/wp-content\/uploads\/2023\/07\/SEMINARIO-3-300x225.jpg 300w, https:\/\/www.semanariotiempo.cl\/wp-content\/uploads\/2023\/07\/SEMINARIO-3-768x576.jpg 768w, https:\/\/www.semanariotiempo.cl\/wp-content\/uploads\/2023\/07\/SEMINARIO-3-696x522.jpg 696w, https:\/\/www.semanariotiempo.cl\/wp-content\/uploads\/2023\/07\/SEMINARIO-3-1068x801.jpg 1068w, https:\/\/www.semanariotiempo.cl\/wp-content\/uploads\/2023\/07\/SEMINARIO-3-560x420.jpg 560w, https:\/\/www.semanariotiempo.cl\/wp-content\/uploads\/2023\/07\/SEMINARIO-3-80x60.jpg 80w, https:\/\/www.semanariotiempo.cl\/wp-content\/uploads\/2023\/07\/SEMINARIO-3-265x198.jpg 265w, https:\/\/www.semanariotiempo.cl\/wp-content\/uploads\/2023\/07\/SEMINARIO-3.jpg 1200w\" sizes=\"auto, (max-width: 1024px) 100vw, 1024px\" \/><\/figure>\n<\/div>\n\n\n<p class=\"wp-block-paragraph\">Una conversaci\u00f3n profunda, necesaria y con miras a consensuar las principales iniciativas que requiere nuestra regi\u00f3n de Coquimbo y que permiten una mayor bienestar y calidad de vida para sus habitantes, fue el marco del seminario \u201cEl futuro lo construimos todas y todas: Desaf\u00edos y oportunidades del sector construcci\u00f3n\u201d, organizado por la CChC La Serena y el INE regional.<br>La instancia que cont\u00f3 con expositores tanto del sector p\u00fablico como privado, permiti\u00f3 revisar los resultados del Informe de Macroeconom\u00eda y Construcci\u00f3n, MACh 64, presentado por el gerente de estudios de la CChC, Nicol\u00e1s Le\u00f3n, quien afirm\u00f3 \u201cla industria de la construcci\u00f3n ha tenido en el \u00faltimo tiempo un mejor desempe\u00f1o que otras regiones del pa\u00eds, esperamos que esta cifra se mantenga y para esto se necesita con urgencia que la inversi\u00f3n privada se reactive. Nuestra proyecci\u00f3n, a nivel nacional es que vamos a tener una ca\u00edda de un 5,9% de inversiones este a\u00f1o, frente a esto la regi\u00f3n de Coquimbo puede tener una oportunidad para empujar el carro de la econom\u00eda con proyectos nuevos que impulsen la inversi\u00f3n a nivel pa\u00eds\u201d,<br>En tanto, las profesionales del INE, Denis L\u00f3pez y Claudia Cartes expusieron sobre la evoluci\u00f3n de los permisos de edificaci\u00f3n y el mercado laboral del sector construcci\u00f3n regional. Por su parte, el director regional (S) de esta entidad, Douglas Henr\u00edquez se\u00f1al\u00f3 al respecto \u201cla Encuesta Nacional de Empleo nos entrega antecedentes important\u00edsimos y podemos destacar que la construcci\u00f3n est\u00e1 dentro de las cinco actividades econ\u00f3micas con mayor cantidad de personas ocupadas en la regi\u00f3n. Las otras son comercio, miner\u00eda, ense\u00f1anza y agricultura-pesca. La pandemia marc\u00f3 una baja en la cantidad de trabajadoras y trabajadores, sin embargo, en los a\u00f1os posteriores se ha visto un incremento en esta actividad econ\u00f3mica\u201d.<\/p>\n\n\n\n<p class=\"wp-block-paragraph\">As\u00ed tambi\u00e9n, las carteras de vivienda y de obras p\u00fablicas, dieron a conocer sus avances, programas y desaf\u00edos, destacando el Plan de Emergencia Habitacional impulsado por el MINVU, presentado por el seremi Jos\u00e9 Manuel Peralta, en tanto, el seremi del MOP, Javier Sandoval expuso sobre los \u201cDesaf\u00edos de la infraestructura regional\u201d.<\/p>\n\n\n\n<p class=\"wp-block-paragraph\"><strong><mark style=\"background-color:rgba(0, 0, 0, 0)\" class=\"has-inline-color has-vivid-red-color\">PLANTAS DESALINIZADORAS Y VISI\u00d3N CIUDAD<\/mark><\/strong><br>Tras las exposiciones, se gener\u00f3 un panel de conversaci\u00f3n integrado por el Delegado Presidencial Rub\u00e9n Quezada; el presidente de la CChC La Serena, Daniel Mas; la consejera regional Tatiana Castillo y el gerente de estudios de la CChC, Nicol\u00e1s Le\u00f3n, quienes debatieron sobre la urgencia de contar con una Estrategia de Desarrollo Regional, clave para una adecuada planificaci\u00f3n del territorio sostenible y a largo plazo; el rol de la banca y su impacto en la reactivaci\u00f3n; estrategias para la incorporaci\u00f3n femenina en la industria de la construcci\u00f3n; seguridad p\u00fablica e infraestructura cr\u00edtica necesaria para el desarrollo y crecimiento de la regi\u00f3n, entre otros temas.<br>Una de las materias que tom\u00f3 mayor relevancia fue la necesidad de contar con soluciones alternativas que garanticen el consumo de agua potable y hagan frente a la escasez h\u00eddrica que nos aqueja como regi\u00f3n. Tanto las autoridades como los representantes del gremio constructor coinciden en que las plantas desalinizadoras son la opci\u00f3n m\u00e1s adecuada para avanzar en esta materia, m\u00e1s a\u00fan, considerando que la regi\u00f3n de Coquimbo es la \u00fanica regi\u00f3n del norte que no cuenta con este tipo de proyectos.<br>\u201cA nivel regional estamos atrasados en materia de obtener nuevas fuentes a trav\u00e9s de la desalinizaci\u00f3n\u2026 en conjunto con el CORE, la CChC y otras entidades tenemos un acuerdo de impulsar esta alternativa, y dentro de lo posible con el apoyo pol\u00edtico de nuestros parlamentarios y en el marco de la discusi\u00f3n de la Ley de Presupuesto debemos poner el acelerador y en el caso de que el pa\u00eds pueda permit\u00edrselo, el 2024 adelantar esta inversi\u00f3n. Frente a estas faltas tenemos que tomar acciones\u201d, manifest\u00f3 el Delegado Presidencial, Rub\u00e9n Quezada.<br>\u201cLa planta desalinizadora es urgente\u2026 si no tenemos agua no tenemos ning\u00fan \u00e1rea productiva en la regi\u00f3n. Debemos tener rutas adecuadas, mejorar la conurbaci\u00f3n, la seguridad y la cara visible de nuestras ciudades, no podemos seguir transitando sobre hoyos. Tenemos que dar empleabilidad, y frente a tantos problemas tenemos que empezar por alguno, en esta conversaci\u00f3n salieron grandes temas, la seguridad, ciudades m\u00e1s limpias y obviamente las plantas desalinizadoras\u201d, afirm\u00f3 la consejera regional, Tatiana Castillo.<br>Por su parte, el presidente de la CChC La Serena, Daniel Mas, valor\u00f3 esta instancia se\u00f1alando \u201cse dio un di\u00e1logo profundo y con libertad, con miradas distintas, pero con altura para lograr consensos. Como resumen nos falta gobernanza para tomar decisiones y tenemos que priorizar el agua como regi\u00f3n, as\u00ed como tambi\u00e9n consensuar una visi\u00f3n de ciudad, qu\u00e9 queremos, una ciudad con m\u00e1s barrios y con m\u00e1s infraestructura. Como CChC creemos fervientemente en el trabajo p\u00fablico privado y este tipo de instancias es un ejemplo de lo bien que resulta la colaboraci\u00f3n\u201d.<\/p>\n","protected":false},"excerpt":{"rendered":"<p>\u2022 En un espacio in\u00e9dito para la regi\u00f3n, el sector p\u00fablico-privado analiz\u00f3 las necesidades m\u00e1s urgentes para esta zona en materia de vivienda, obras de infraestructura p\u00fablica y privada, as\u00ed como tambi\u00e9n empleo y reactivaci\u00f3n. Uno de los desaf\u00edos, concuerdan, es impulsar la desalinizaci\u00f3n como alternativa para enfrentar la escasez h\u00eddrica y garantizar el consumo [&hellip;]<\/p>\n","protected":false},"author":1,"featured_media":9485,"comment_status":"open","ping_status":"open","sticky":false,"template":"","format":"standard","meta":{"tdm_status":"","tdm_grid_status":"","footnotes":"","_wpscppro_dont_share_socialmedia":false,"_wpscppro_custom_social_share_image":0,"_facebook_share_type":"","_twitter_share_type":"","_linkedin_share_type":"","_pinterest_share_type":"","_linkedin_share_type_page":"","_instagram_share_type":"","_medium_share_type":"","_threads_share_type":"","_google_business_share_type":"","_bluesky_share_type":"","_mastodon_share_type":"","_selected_social_profile":[],"_wpsp_enable_custom_social_template":false,"_wpsp_social_scheduling":{"enabled":false,"datetime":null,"platforms":[],"status":"template_only","dateOption":"today","timeOption":"now","customDays":"","customHours":"","customDate":"","customTime":"","schedulingType":"absolute"},"_wpsp_active_default_template":true},"categories":[1],"tags":[8,28,5],"class_list":["post-9484","post","type-post","status-publish","format-standard","has-post-thumbnail","hentry","category-uncategorized","tag-marketing","tag-site-tips","tag-website"],"_links":{"self":[{"href":"https:\/\/www.semanariotiempo.cl\/index.php?rest_route=\/wp\/v2\/posts\/9484","targetHints":{"allow":["GET"]}}],"collection":[{"href":"https:\/\/www.semanariotiempo.cl\/index.php?rest_route=\/wp\/v2\/posts"}],"about":[{"href":"https:\/\/www.semanariotiempo.cl\/index.php?rest_route=\/wp\/v2\/types\/post"}],"author":[{"embeddable":true,"href":"https:\/\/www.semanariotiempo.cl\/index.php?rest_route=\/wp\/v2\/users\/1"}],"replies":[{"embeddable":true,"href":"https:\/\/www.semanariotiempo.cl\/index.php?rest_route=%2Fwp%2Fv2%2Fcomments&post=9484"}],"version-history":[{"count":0,"href":"https:\/\/www.semanariotiempo.cl\/index.php?rest_route=\/wp\/v2\/posts\/9484\/revisions"}],"wp:featuredmedia":[{"embeddable":true,"href":"https:\/\/www.semanariotiempo.cl\/index.php?rest_route=\/wp\/v2\/media\/9485"}],"wp:attachment":[{"href":"https:\/\/www.semanariotiempo.cl\/index.php?rest_route=%2Fwp%2Fv2%2Fmedia&parent=9484"}],"wp:term":[{"taxonomy":"category","embeddable":true,"href":"https:\/\/www.semanariotiempo.cl\/index.php?rest_route=%2Fwp%2Fv2%2Fcategories&post=9484"},{"taxonomy":"post_tag","embeddable":true,"href":"https:\/\/www.semanariotiempo.cl\/index.php?rest_route=%2Fwp%2Fv2%2Ftags&post=9484"}],"curies":[{"name":"wp","href":"https:\/\/api.w.org\/{rel}","templated":true}]}}