{"id":9471,"date":"2023-07-07T00:25:10","date_gmt":"2023-07-07T04:25:10","guid":{"rendered":"https:\/\/www.semanariotiempo.cl\/?p=9471"},"modified":"2023-07-07T00:25:10","modified_gmt":"2023-07-07T04:25:10","slug":"caso-chofer-de-gobernadora-ratifican-el-supremazo-que-elevo-a-5-anos-el-tiempo-minimo-para-confianza-legitima-de-funcionarios-a-contrata","status":"publish","type":"post","link":"https:\/\/www.semanariotiempo.cl\/?p=9471","title":{"rendered":"CASO CHOFER DE GOBERNADORA: Ratifican el \u201cSupremazo\u201d que elev\u00f3 a 5 a\u00f1os el tiempo m\u00ednimo para confianza leg\u00edtima de funcionarios a contrata"},"content":{"rendered":"\n<h4 class=\"wp-block-heading has-vivid-red-color has-text-color\"><strong>El m\u00e1ximo tribunal revoc\u00f3 la sentencia dictada por la Corte de Apelaciones de La Serena, quien hab\u00eda acogido los descargos del conductor Juan Francisco Fern\u00e1ndez, considerando el criterio que hab\u00eda sido aceptado en todo el pa\u00eds de s\u00f3lo 2 a\u00f1os de renovaci\u00f3n de contrata para configurar la confianza leg\u00edtima (y el consiguiente despido arbitrario e ilegal). \u201cLos antecedentes que la parte recurrente no se encontraba protegida por el principio de confianza legitima, pues ten\u00eda un periodo de desempe\u00f1o menor a cinco a\u00f1os\u201d, indic\u00f3 la Corte Suprema.<\/strong><\/h4>\n\n\n<div class=\"wp-block-image\">\n<figure class=\"aligncenter size-large\"><img loading=\"lazy\" decoding=\"async\" width=\"1024\" height=\"768\" src=\"https:\/\/www.semanariotiempo.cl\/wp-content\/uploads\/2023\/07\/Gobierno-Regional-2-1024x768.jpg\" alt=\"\" class=\"wp-image-9472\" srcset=\"https:\/\/www.semanariotiempo.cl\/wp-content\/uploads\/2023\/07\/Gobierno-Regional-2-1024x768.jpg 1024w, https:\/\/www.semanariotiempo.cl\/wp-content\/uploads\/2023\/07\/Gobierno-Regional-2-300x225.jpg 300w, https:\/\/www.semanariotiempo.cl\/wp-content\/uploads\/2023\/07\/Gobierno-Regional-2-768x576.jpg 768w, https:\/\/www.semanariotiempo.cl\/wp-content\/uploads\/2023\/07\/Gobierno-Regional-2-696x522.jpg 696w, https:\/\/www.semanariotiempo.cl\/wp-content\/uploads\/2023\/07\/Gobierno-Regional-2-1068x801.jpg 1068w, https:\/\/www.semanariotiempo.cl\/wp-content\/uploads\/2023\/07\/Gobierno-Regional-2-560x420.jpg 560w, https:\/\/www.semanariotiempo.cl\/wp-content\/uploads\/2023\/07\/Gobierno-Regional-2-80x60.jpg 80w, https:\/\/www.semanariotiempo.cl\/wp-content\/uploads\/2023\/07\/Gobierno-Regional-2-265x198.jpg 265w, https:\/\/www.semanariotiempo.cl\/wp-content\/uploads\/2023\/07\/Gobierno-Regional-2.jpg 1200w\" sizes=\"auto, (max-width: 1024px) 100vw, 1024px\" \/><\/figure>\n<\/div>\n\n\n<p class=\"wp-block-paragraph\">La escandalosa salida Juan Francisco Fern\u00e1ndez como conductor de la Gobernadora Krist Naranjo lleg\u00f3 a su fin y las acusaciones de maltrato, amenazas e incumplimiento a la normativa vigente de tr\u00e1nsito efectuadas por la m\u00e1xima autoridad local quedaron sin efecto, luego que la Tercera Sala de la Corte Suprema (CS) rechazara el recurso de protecci\u00f3n interpuesto por ex chofer.<br>Dicha sala estuvo integrada por los ministros(as) Angela Vivanco M., Mario Carroza E., Jean Pierre Matus A. y los Abogados (as) Integrantes Enrique Alcalde R., Maria Angelica Benavides (C. Santiago).<br>La decisi\u00f3n respecto a la apelaci\u00f3n del recurso de protecci\u00f3n, interpuesta por el Gobierno regional fue alcanzada por unanimidad de los votos y anul\u00f3 la sentencia dictada por la Corte de Apelaciones de La Serena, que, en primera instancia, acogi\u00f3 lo planteado por el conductor.<br>Sin embargo, hay que destacar que la sentencia de la Corte Suprema no hace ninguna referencia a los hechos basales que fundaron el recurso de protecci\u00f3n y se limita a fijar y consolidar el nuevo criterio ya establecido en fallo dictado por la misma tercera sala el 31 de marzo reci\u00e9n pasado. As\u00ed las cosas, la sentencia indic\u00f3 que \u201cla parte recurrente no se encontraba protegida por el principio de confianza legitima, pues ten\u00eda un periodo de desempe\u00f1o menor a cinco a\u00f1os\u201d.<\/p>\n\n\n\n<p class=\"wp-block-paragraph\"><strong><mark style=\"background-color:rgba(0, 0, 0, 0)\" class=\"has-inline-color has-vivid-red-color\">LOS ANTECEDENTES<\/mark><\/strong><br>Cabe recordar que en diciembre del 2022 se notific\u00f3 a Fern\u00e1ndez que se resolvi\u00f3 poner t\u00e9rmino a sus servicios, no renovando su contrata para el a\u00f1o 2023. Esto, en un contexto en que el conductor de veh\u00edculo fiscal que denunci\u00f3 malas pr\u00e1cticas y maltrato por parte de la gobernadora Krist Naranjo, que se tradujo en denuncias y 3 informes escritos, el \u00faltimo de estos es el que se filtr\u00f3 p\u00fablicamente, seg\u00fan se consigna en los informes de prensa de diciembre del a\u00f1o 2022.<br>Esto gener\u00f3 que el aludido presentar\u00e1 un recurso de protecci\u00f3n en tribunales que fue resuelto por la Corte de Apelaciones, que, en primera instancia, sentenci\u00f3 su reincorporaci\u00f3n e indemnizaci\u00f3n.<\/p>\n\n\n\n<p class=\"wp-block-paragraph\"><strong><mark style=\"background-color:rgba(0, 0, 0, 0)\" class=\"has-inline-color has-vivid-red-color\">REACCI\u00d3N GOBERNADORA<\/mark><\/strong><br>Al conocer el dictamen, Naranjo indic\u00f3, \u201ccomo Gobierno Regional somos respetuosos de los dict\u00e1menes de la Justicia y actuamos acorde a lo que se\u00f1alan sus sentencias. Este fallo tambi\u00e9n demuestra que como Gobierno Regional actuamos desde la legalidad y viene a marcar un precedente en esta materia. Lamentamos los ataques personales gratuitos y de mala fe que se dijeron con tanta vehemencia en su momento. Incluso, algunos consejeros regionales utilizaron este caso para articular ataques y persecuci\u00f3n pol\u00edtica que ahora queda claro que no ten\u00eda sustento\u201d.<br>\u201cSer\u00eda sano, para la convivencia democr\u00e1tica, que los esfuerzos de quienes critican y da\u00f1an gratuitamente nuestra imagen, se centraran en lo importante que es el desarrollo de nuestros territorios Finalmente, resaltar que la justicia nos da la raz\u00f3n\u201d, agreg\u00f3.<br>A trav\u00e9s de un documento, Fern\u00e1ndez relat\u00f3 una serie de peticiones de Naranjo para ocupar el auto fiscal con fines personales, tales como viajes al supermercado, centros comerciales, restaurantes y a la universidad de su hijo. Asimismo, declar\u00f3 que Naranjo lo habr\u00eda obligado a faltar a las leyes del tr\u00e1nsito, pidi\u00e9ndole que saltara se\u00f1al\u00e9ticas y condujera a exceso de velocidad.<\/p>\n","protected":false},"excerpt":{"rendered":"<p>El m\u00e1ximo tribunal revoc\u00f3 la sentencia dictada por la Corte de Apelaciones de La Serena, quien hab\u00eda acogido los descargos del conductor Juan Francisco Fern\u00e1ndez, considerando el criterio que hab\u00eda sido aceptado en todo el pa\u00eds de s\u00f3lo 2 a\u00f1os de renovaci\u00f3n de contrata para configurar la confianza leg\u00edtima (y el consiguiente despido arbitrario e [&hellip;]<\/p>\n","protected":false},"author":1,"featured_media":9472,"comment_status":"open","ping_status":"open","sticky":false,"template":"","format":"standard","meta":{"tdm_status":"","tdm_grid_status":"","footnotes":"","_wpscppro_dont_share_socialmedia":false,"_wpscppro_custom_social_share_image":0,"_facebook_share_type":"","_twitter_share_type":"","_linkedin_share_type":"","_pinterest_share_type":"","_linkedin_share_type_page":"","_instagram_share_type":"","_medium_share_type":"","_threads_share_type":"","_google_business_share_type":"","_bluesky_share_type":"","_mastodon_share_type":"","_selected_social_profile":[],"_wpsp_enable_custom_social_template":false,"_wpsp_social_scheduling":{"enabled":false,"datetime":null,"platforms":[],"status":"template_only","dateOption":"today","timeOption":"now","customDays":"","customHours":"","customDate":"","customTime":"","schedulingType":"absolute"},"_wpsp_active_default_template":true},"categories":[1],"tags":[8],"class_list":["post-9471","post","type-post","status-publish","format-standard","has-post-thumbnail","hentry","category-uncategorized","tag-marketing"],"_links":{"self":[{"href":"https:\/\/www.semanariotiempo.cl\/index.php?rest_route=\/wp\/v2\/posts\/9471","targetHints":{"allow":["GET"]}}],"collection":[{"href":"https:\/\/www.semanariotiempo.cl\/index.php?rest_route=\/wp\/v2\/posts"}],"about":[{"href":"https:\/\/www.semanariotiempo.cl\/index.php?rest_route=\/wp\/v2\/types\/post"}],"author":[{"embeddable":true,"href":"https:\/\/www.semanariotiempo.cl\/index.php?rest_route=\/wp\/v2\/users\/1"}],"replies":[{"embeddable":true,"href":"https:\/\/www.semanariotiempo.cl\/index.php?rest_route=%2Fwp%2Fv2%2Fcomments&post=9471"}],"version-history":[{"count":0,"href":"https:\/\/www.semanariotiempo.cl\/index.php?rest_route=\/wp\/v2\/posts\/9471\/revisions"}],"wp:featuredmedia":[{"embeddable":true,"href":"https:\/\/www.semanariotiempo.cl\/index.php?rest_route=\/wp\/v2\/media\/9472"}],"wp:attachment":[{"href":"https:\/\/www.semanariotiempo.cl\/index.php?rest_route=%2Fwp%2Fv2%2Fmedia&parent=9471"}],"wp:term":[{"taxonomy":"category","embeddable":true,"href":"https:\/\/www.semanariotiempo.cl\/index.php?rest_route=%2Fwp%2Fv2%2Fcategories&post=9471"},{"taxonomy":"post_tag","embeddable":true,"href":"https:\/\/www.semanariotiempo.cl\/index.php?rest_route=%2Fwp%2Fv2%2Ftags&post=9471"}],"curies":[{"name":"wp","href":"https:\/\/api.w.org\/{rel}","templated":true}]}}