{"id":9407,"date":"2023-06-29T19:49:26","date_gmt":"2023-06-29T23:49:26","guid":{"rendered":"https:\/\/www.semanariotiempo.cl\/?p=9407"},"modified":"2023-06-29T19:49:29","modified_gmt":"2023-06-29T23:49:29","slug":"indap-ha-recibido-mas-de-140-denuncias-por-danos-en-cultivos-por-ultimas-heladas","status":"publish","type":"post","link":"https:\/\/www.semanariotiempo.cl\/?p=9407","title":{"rendered":"INDAP ha recibido m\u00e1s de 140 denuncias por da\u00f1os en cultivos por \u00faltimas heladas"},"content":{"rendered":"\n<h4 class=\"wp-block-heading has-vivid-red-color has-text-color\"><strong>Las denuncias han sido realizadas por peque\u00f1os agricultores que tienen contratado el seguro agr\u00edcola, cuyos cultivos, en su mayor\u00eda hortalizas, fueron afectados.<\/strong><\/h4>\n\n\n<div class=\"wp-block-image\">\n<figure class=\"aligncenter size-large\"><img loading=\"lazy\" decoding=\"async\" width=\"1024\" height=\"656\" src=\"https:\/\/www.semanariotiempo.cl\/wp-content\/uploads\/2023\/06\/Heladas-19-06-1024x656.jpg\" alt=\"\" class=\"wp-image-9408\" srcset=\"https:\/\/www.semanariotiempo.cl\/wp-content\/uploads\/2023\/06\/Heladas-19-06-1024x656.jpg 1024w, https:\/\/www.semanariotiempo.cl\/wp-content\/uploads\/2023\/06\/Heladas-19-06-300x192.jpg 300w, https:\/\/www.semanariotiempo.cl\/wp-content\/uploads\/2023\/06\/Heladas-19-06-768x492.jpg 768w, https:\/\/www.semanariotiempo.cl\/wp-content\/uploads\/2023\/06\/Heladas-19-06-696x446.jpg 696w, https:\/\/www.semanariotiempo.cl\/wp-content\/uploads\/2023\/06\/Heladas-19-06-1068x684.jpg 1068w, https:\/\/www.semanariotiempo.cl\/wp-content\/uploads\/2023\/06\/Heladas-19-06-656x420.jpg 656w, https:\/\/www.semanariotiempo.cl\/wp-content\/uploads\/2023\/06\/Heladas-19-06.jpg 1124w\" sizes=\"auto, (max-width: 1024px) 100vw, 1024px\" \/><\/figure>\n<\/div>\n\n\n<p class=\"wp-block-paragraph\">M\u00e1s de 140 denuncias por da\u00f1os en cultivos son las que ha recibido INDAP durante la \u00faltima semana, con motivo de las heladas matinales que se registraron en las tres provincias de la regi\u00f3n.<br>Fen\u00f3meno clim\u00e1tico, que se concentr\u00f3 principalmente en las comunas de Vicu\u00f1a, Ovalle, Monte Patria, Illapel y Salamanca, que dej\u00f3 a su paso da\u00f1os de diversas consideraciones, principalmente en cultivos de habas, zapallos italianos y lechugas, reportando en algunas situaciones p\u00e9rdida total.<br>Es el caso del agricultor y usuario de Instituto de Desarrollo Agropecuario (INDAP), Jorge Arias del sector de Peralillos, comuna de Vicu\u00f1a, quien se\u00f1al\u00f3 tener una p\u00e9rdida total en su siembra de zapallo, \u201ctengo cultivos de aj\u00ed, zapallo italiano y tomate, son los cultivos que siempre hago y ahora con el tema de las heladas me revent\u00f3. Perd\u00ed el 100% del zapallo italiano, media hect\u00e1rea, reci\u00e9n llevaba 10 d\u00edas cosechando de un total de 4 meses. Tengo un seguro por los zapallos, ya se inform\u00f3 por el da\u00f1o de las heladas y estamos a la espera de que vengan a verificar y ver que soluci\u00f3n me dan\u201d.<br>Situaci\u00f3n similar es la que vive el peque\u00f1o productor del sector El Que\u00f1e, comuna de Salamanca, Joel Aguilera, quien report\u00f3 un da\u00f1o total en su plantaci\u00f3n de habas. \u201cSufr\u00ed el da\u00f1o de las heladas, estaba iniciando el proceso de producci\u00f3n y floraci\u00f3n y con la helada perd\u00ed todo. Aproximadamente son 4 mil metros de producci\u00f3n y perd\u00ed el 100%. Afortunadamente tengo seguro agr\u00edcola y ya vinieron a revisar desde la aseguradora\u201d.<br>En tanto, el agricultor Ra\u00fal \u00c1lvarez de la localidad de La Torre, comuna de Ovalle, quien sufri\u00f3 da\u00f1os en sus cultivos de alcachofa, coment\u00f3 que, \u201ctenemos m\u00ednimo un 80% de afectaci\u00f3n en la planta, tuvimos heladas el d\u00eda martes, mi\u00e9rcoles, jueves y se extendi\u00f3 hasta el d\u00eda viernes, tuvimos mucha perdida y est\u00e1bamos reci\u00e9n cosechando\u201d.<br>Desde la Seremi de Agricultura, el titular del ramo Christian \u00c1lvarez, quien realiz\u00f3 un recorrido por las tres provincias para constatar en terreno el nivel de los da\u00f1os generados por el paso de las heladas se\u00f1al\u00f3 que, \u201cestamos haciendo una revisi\u00f3n en terreno seg\u00fan los datos reportados a INDAP y efectivamente hay un da\u00f1o total o casi total en la mayor\u00eda de los cultivos. Sin bien el n\u00famero de contrataci\u00f3n de seguros es menor a lo que esper\u00e1bamos, quienes cuentan con este instrumento podr\u00e1n recuperar su capital de trabajo y retomar su actividad productiva\u201d.<\/p>\n","protected":false},"excerpt":{"rendered":"<p>Las denuncias han sido realizadas por peque\u00f1os agricultores que tienen contratado el seguro agr\u00edcola, cuyos cultivos, en su mayor\u00eda hortalizas, fueron afectados. M\u00e1s de 140 denuncias por da\u00f1os en cultivos son las que ha recibido INDAP durante la \u00faltima semana, con motivo de las heladas matinales que se registraron en las tres provincias de la [&hellip;]<\/p>\n","protected":false},"author":1,"featured_media":9408,"comment_status":"open","ping_status":"open","sticky":false,"template":"","format":"standard","meta":{"tdm_status":"","tdm_grid_status":"","footnotes":"","_wpscppro_dont_share_socialmedia":false,"_wpscppro_custom_social_share_image":0,"_facebook_share_type":"","_twitter_share_type":"","_linkedin_share_type":"","_pinterest_share_type":"","_linkedin_share_type_page":"","_instagram_share_type":"","_medium_share_type":"","_threads_share_type":"","_google_business_share_type":"","_bluesky_share_type":"","_mastodon_share_type":"","_selected_social_profile":[],"_wpsp_enable_custom_social_template":false,"_wpsp_social_scheduling":{"enabled":false,"datetime":null,"platforms":[],"status":"template_only","dateOption":"today","timeOption":"now","customDays":"","customHours":"","customDate":"","customTime":"","schedulingType":"absolute"},"_wpsp_active_default_template":true},"categories":[1],"tags":[8,28,7],"class_list":["post-9407","post","type-post","status-publish","format-standard","has-post-thumbnail","hentry","category-uncategorized","tag-marketing","tag-site-tips","tag-wordpress"],"_links":{"self":[{"href":"https:\/\/www.semanariotiempo.cl\/index.php?rest_route=\/wp\/v2\/posts\/9407","targetHints":{"allow":["GET"]}}],"collection":[{"href":"https:\/\/www.semanariotiempo.cl\/index.php?rest_route=\/wp\/v2\/posts"}],"about":[{"href":"https:\/\/www.semanariotiempo.cl\/index.php?rest_route=\/wp\/v2\/types\/post"}],"author":[{"embeddable":true,"href":"https:\/\/www.semanariotiempo.cl\/index.php?rest_route=\/wp\/v2\/users\/1"}],"replies":[{"embeddable":true,"href":"https:\/\/www.semanariotiempo.cl\/index.php?rest_route=%2Fwp%2Fv2%2Fcomments&post=9407"}],"version-history":[{"count":0,"href":"https:\/\/www.semanariotiempo.cl\/index.php?rest_route=\/wp\/v2\/posts\/9407\/revisions"}],"wp:featuredmedia":[{"embeddable":true,"href":"https:\/\/www.semanariotiempo.cl\/index.php?rest_route=\/wp\/v2\/media\/9408"}],"wp:attachment":[{"href":"https:\/\/www.semanariotiempo.cl\/index.php?rest_route=%2Fwp%2Fv2%2Fmedia&parent=9407"}],"wp:term":[{"taxonomy":"category","embeddable":true,"href":"https:\/\/www.semanariotiempo.cl\/index.php?rest_route=%2Fwp%2Fv2%2Fcategories&post=9407"},{"taxonomy":"post_tag","embeddable":true,"href":"https:\/\/www.semanariotiempo.cl\/index.php?rest_route=%2Fwp%2Fv2%2Ftags&post=9407"}],"curies":[{"name":"wp","href":"https:\/\/api.w.org\/{rel}","templated":true}]}}