{"id":9404,"date":"2023-06-29T19:43:25","date_gmt":"2023-06-29T23:43:25","guid":{"rendered":"https:\/\/www.semanariotiempo.cl\/?p=9404"},"modified":"2023-06-29T19:43:29","modified_gmt":"2023-06-29T23:43:29","slug":"con-hamburguesas-de-cabrito-de-canela-y-aceite-de-nuez-de-monte-patria-exploran-nuevos-mercados-en-nueva-york","status":"publish","type":"post","link":"https:\/\/www.semanariotiempo.cl\/?p=9404","title":{"rendered":"Con hamburguesas de cabrito de Canela y aceite de nuez de Monte Patria exploran nuevos mercados en Nueva York"},"content":{"rendered":"\n<h4 class=\"wp-block-heading has-vivid-red-color has-text-color\"><strong>Tres empresas de zonas rezagadas de la Regi\u00f3n de Coquimbo participar\u00e1n en misi\u00f3n comercial en Estados Unidios entre el 25 y 28 de junio mediante el Programa de Capacitaci\u00f3n Internacional que desarrolla ProChile.<\/strong><\/h4>\n\n\n<div class=\"wp-block-image\">\n<figure class=\"aligncenter size-full\"><img loading=\"lazy\" decoding=\"async\" width=\"879\" height=\"643\" src=\"https:\/\/www.semanariotiempo.cl\/wp-content\/uploads\/2023\/06\/Productos-Limari-Nuts.jpg\" alt=\"\" class=\"wp-image-9405\" srcset=\"https:\/\/www.semanariotiempo.cl\/wp-content\/uploads\/2023\/06\/Productos-Limari-Nuts.jpg 879w, https:\/\/www.semanariotiempo.cl\/wp-content\/uploads\/2023\/06\/Productos-Limari-Nuts-300x219.jpg 300w, https:\/\/www.semanariotiempo.cl\/wp-content\/uploads\/2023\/06\/Productos-Limari-Nuts-768x562.jpg 768w, https:\/\/www.semanariotiempo.cl\/wp-content\/uploads\/2023\/06\/Productos-Limari-Nuts-696x509.jpg 696w, https:\/\/www.semanariotiempo.cl\/wp-content\/uploads\/2023\/06\/Productos-Limari-Nuts-574x420.jpg 574w, https:\/\/www.semanariotiempo.cl\/wp-content\/uploads\/2023\/06\/Productos-Limari-Nuts-80x60.jpg 80w\" sizes=\"auto, (max-width: 879px) 100vw, 879px\" \/><\/figure>\n<\/div>\n\n\n<p class=\"wp-block-paragraph\">La Comunidad Agr\u00edcola de Canela Baja \u201cCatahueche\u201d, que preparan hamburguesas premium de carne caprina, junto a la Cooperativa Agr\u00edcola de Nueces del Limar\u00ed y la Comercializadora Pedregal de Monte Patria, ambas elaboradoras de aceite de nuez, son las tres seleccionadas para representar a las Zonas Rezagadas de la Regi\u00f3n de Coquimbo en una delegaci\u00f3n chilena que participar\u00e1 en la Feria Internacional Summer Fancy Food Show en Nueva York, el evento m\u00e1s grande de innovaci\u00f3n alimentaria de Am\u00e9rica del Norte que ofrece la oportunidad de establecer contactos con expertos de la industria.<br>Las empresas que viajar\u00e1n a Estados Unidos son beneficiarias del Programa de Capacitaci\u00f3n Internacional para Zonas Rezagadas que desarrolla la Oficina Regional de ProChile con el financiamiento del Gobierno Regional de Coquimbo, proyecto enfocado en asesorar sobre comercio exterior a empresas con potencial exportador a trav\u00e9s de talleres, seminarios y misiones comerciales al extranjero.<br>La misi\u00f3n comercial en Nueva York se llevar\u00e1 a cabo entre el 25 y 28 de junio donde adem\u00e1s de explorar oportunidades de mercado en la Feria Fancy Food Show, tambi\u00e9n visitar\u00e1n supermercados en Manhattan y Queens, conocer\u00e1n a importadores y participar\u00e1n en un taller de capacitaci\u00f3n con expertos locales. La entrega oficial de los pasajes a los beneficiarios se realiz\u00f3 durante el Seminario Internacional \u201cOportunidades para productores locales en los mercados de Estados Unidos y China\u201d que se realiz\u00f3 en Ovalle hace pocos d\u00edas donde participaron m\u00e1s de 50 pymes regionales.<\/p>\n\n\n\n<p class=\"wp-block-paragraph\"><strong>EXPECTATIVAS DE AMPLIAR MERCADOS:<\/strong><br>La directora regional de ProChile, Paola V\u00e1squez, explica que \u201cla Fancy Food es una feria muy emblem\u00e1tica para el sector alimentos, donde esperamos que las empresas beneficiadas puedan visualizar todas las oportunidades que tiene su oferta, pero tambi\u00e9n recibir much\u00edsima informaci\u00f3n para ver c\u00f3mo mejorar sus productos, ver alternativas y las tendencias de envases, embalajes, etiquetas y convertirse tambi\u00e9n en una suerte de embajadores para que a su regreso puedan traspasar al territorio esta valiosa informaci\u00f3n cont\u00e1ndonos su experiencia\u201d.<br>\u201cDamos las gracias a ProChile por la oportunidad. Creo ser\u00e1 muy importante prospectar las innovaciones que existen en el mundo a nivel alimentario y poder dar a conocer la innovaci\u00f3n que estamos desarrollando a trav\u00e9s del aceite de nuez, que es un producto 100% natural, con cualidades \u00fanicas. La idea es que podamos ver oportunidades de poder el d\u00eda de ma\u00f1ana llegar a mercados como Estados Unidos u otros\u201d, expresa Claudio Cabrera, representante de la empresa Limar\u00ed Nuts de la Cooperativa Agr\u00edcola de Nueces del Limar\u00ed.<br>La Gobernadora Regional Krist Naranjo destaca que \u201cmediante el Fondo Nacional de Desarrollo Regional (FNDR) estamos impulsando que empresas de Zonas Rezagadas se atrevan a exportar y posicionen los productos de la Regi\u00f3n de Coquimbo fuera de Chile. Es relevante que esta misi\u00f3n comercial a Estados Unidos se suma a otras que ya ha materializado el Programa de Capacitaci\u00f3n Internacional a pa\u00edses como Turqu\u00eda, Panam\u00e1, M\u00e9xico y Colombia posibilitando que pymes de Monte Patria, Canela, Punitaqui y Combarbal\u00e1 se acerquen a oportunidades de comercio exterior\u201d.<br>Cabe destacar que, en la misi\u00f3n comercial a Nueva York, adem\u00e1s de las tres empresas seleccionadas por el Programa de Capacitaci\u00f3n para Zonas Rezagadas, se sumar\u00e1n otras tres empresas de la Regi\u00f3n de Coquimbo que concursaron en la convocatoria nacional de ProChile para participar en la feria internacional. Se trata de las empresas Aquasolar (superalimentos org\u00e1nicos), ElquiNuts (mantequillas de frutos secos) y Keto Free (productos para diversas necesidades alimentarias).<br>*Pie de Foto: Entrega oficial de los pasajes a las empresas de zonas rezagadas que participar\u00e1n en la misi\u00f3n comercial en Nueva York. De izquierda a derecha: Seremi de Econom\u00eda, Coordinador Regional de Zonas Rezagadas del Gobierno Regional, Directora Comercial de ProChile en Nueva York, representante Limar\u00ed Nuts, representante Comercializadora Pedregal y Directora Regional de ProChile.<\/p>\n","protected":false},"excerpt":{"rendered":"<p>Tres empresas de zonas rezagadas de la Regi\u00f3n de Coquimbo participar\u00e1n en misi\u00f3n comercial en Estados Unidios entre el 25 y 28 de junio mediante el Programa de Capacitaci\u00f3n Internacional que desarrolla ProChile. La Comunidad Agr\u00edcola de Canela Baja \u201cCatahueche\u201d, que preparan hamburguesas premium de carne caprina, junto a la Cooperativa Agr\u00edcola de Nueces del [&hellip;]<\/p>\n","protected":false},"author":1,"featured_media":9405,"comment_status":"open","ping_status":"open","sticky":false,"template":"","format":"standard","meta":{"tdm_status":"","tdm_grid_status":"","footnotes":"","_wpscppro_dont_share_socialmedia":false,"_wpscppro_custom_social_share_image":0,"_facebook_share_type":"","_twitter_share_type":"","_linkedin_share_type":"","_pinterest_share_type":"","_linkedin_share_type_page":"","_instagram_share_type":"","_medium_share_type":"","_threads_share_type":"","_google_business_share_type":"","_bluesky_share_type":"","_mastodon_share_type":"","_selected_social_profile":[],"_wpsp_enable_custom_social_template":false,"_wpsp_social_scheduling":{"enabled":false,"datetime":null,"platforms":[],"status":"template_only","dateOption":"today","timeOption":"now","customDays":"","customHours":"","customDate":"","customTime":"","schedulingType":"absolute"},"_wpsp_active_default_template":true},"categories":[1],"tags":[21,8,28,7],"class_list":["post-9404","post","type-post","status-publish","format-standard","has-post-thumbnail","hentry","category-uncategorized","tag-ipad","tag-marketing","tag-site-tips","tag-wordpress"],"_links":{"self":[{"href":"https:\/\/www.semanariotiempo.cl\/index.php?rest_route=\/wp\/v2\/posts\/9404","targetHints":{"allow":["GET"]}}],"collection":[{"href":"https:\/\/www.semanariotiempo.cl\/index.php?rest_route=\/wp\/v2\/posts"}],"about":[{"href":"https:\/\/www.semanariotiempo.cl\/index.php?rest_route=\/wp\/v2\/types\/post"}],"author":[{"embeddable":true,"href":"https:\/\/www.semanariotiempo.cl\/index.php?rest_route=\/wp\/v2\/users\/1"}],"replies":[{"embeddable":true,"href":"https:\/\/www.semanariotiempo.cl\/index.php?rest_route=%2Fwp%2Fv2%2Fcomments&post=9404"}],"version-history":[{"count":0,"href":"https:\/\/www.semanariotiempo.cl\/index.php?rest_route=\/wp\/v2\/posts\/9404\/revisions"}],"wp:featuredmedia":[{"embeddable":true,"href":"https:\/\/www.semanariotiempo.cl\/index.php?rest_route=\/wp\/v2\/media\/9405"}],"wp:attachment":[{"href":"https:\/\/www.semanariotiempo.cl\/index.php?rest_route=%2Fwp%2Fv2%2Fmedia&parent=9404"}],"wp:term":[{"taxonomy":"category","embeddable":true,"href":"https:\/\/www.semanariotiempo.cl\/index.php?rest_route=%2Fwp%2Fv2%2Fcategories&post=9404"},{"taxonomy":"post_tag","embeddable":true,"href":"https:\/\/www.semanariotiempo.cl\/index.php?rest_route=%2Fwp%2Fv2%2Ftags&post=9404"}],"curies":[{"name":"wp","href":"https:\/\/api.w.org\/{rel}","templated":true}]}}