{"id":9377,"date":"2023-06-28T20:33:33","date_gmt":"2023-06-29T00:33:33","guid":{"rendered":"https:\/\/www.semanariotiempo.cl\/?p=9377"},"modified":"2023-06-28T20:33:34","modified_gmt":"2023-06-29T00:33:34","slug":"vacaciones-de-invierno-gremio-proyecta-piso-60-de-ocupacion-y-flujo-parte-el-fin-de-semana-largo-con-50-mil-viajes-a-la-region","status":"publish","type":"post","link":"https:\/\/www.semanariotiempo.cl\/?p=9377","title":{"rendered":"Vacaciones de invierno: gremio proyecta piso 60% de ocupaci\u00f3n y flujo parte el fin de semana largo con 50 mil viajes a la regi\u00f3n"},"content":{"rendered":"\n<h4 class=\"wp-block-heading has-vivid-red-color has-text-color\"><strong>Sin embargo, Laura Cerda, presidenta de la C\u00e1mara de Turismo de la regi\u00f3n de Coquimbo, considera que existen otros destinos y experiencias que se est\u00e1n posicionando como el wellness, segmento propio de los valles transversales de Elqui, Limar\u00ed y Choapa.<\/strong><\/h4>\n\n\n<div class=\"wp-block-image\">\n<figure class=\"aligncenter size-full\"><img loading=\"lazy\" decoding=\"async\" width=\"960\" height=\"720\" src=\"https:\/\/www.semanariotiempo.cl\/wp-content\/uploads\/2023\/06\/turismo-pandemia-avenida-02.jpg\" alt=\"\" class=\"wp-image-9378\" srcset=\"https:\/\/www.semanariotiempo.cl\/wp-content\/uploads\/2023\/06\/turismo-pandemia-avenida-02.jpg 960w, https:\/\/www.semanariotiempo.cl\/wp-content\/uploads\/2023\/06\/turismo-pandemia-avenida-02-300x225.jpg 300w, https:\/\/www.semanariotiempo.cl\/wp-content\/uploads\/2023\/06\/turismo-pandemia-avenida-02-768x576.jpg 768w, https:\/\/www.semanariotiempo.cl\/wp-content\/uploads\/2023\/06\/turismo-pandemia-avenida-02-696x522.jpg 696w, https:\/\/www.semanariotiempo.cl\/wp-content\/uploads\/2023\/06\/turismo-pandemia-avenida-02-560x420.jpg 560w, https:\/\/www.semanariotiempo.cl\/wp-content\/uploads\/2023\/06\/turismo-pandemia-avenida-02-80x60.jpg 80w, https:\/\/www.semanariotiempo.cl\/wp-content\/uploads\/2023\/06\/turismo-pandemia-avenida-02-265x198.jpg 265w\" sizes=\"auto, (max-width: 960px) 100vw, 960px\" \/><\/figure>\n<\/div>\n\n\n<p class=\"wp-block-paragraph\">Desde hoy el flujo carretero deber\u00eda incrementarse en las principales rutas de la regi\u00f3n de Coquimbo debido al descanso obligado que los habitantes de la zona y del resto del pa\u00eds comenzar\u00e1n a experimentar, no solo por las vacaciones de invierno que se aproximan, sino por el inicio del feriado largo dadas las festividades de San Pedro y San Pablo.<br>De acuerdo a los antecedentes entregados esta semana por la Unidad de Estudios y Territorio de la Subsecretar\u00eda de Turismo, se realizar\u00e1n 48.927 viajes con pernoctaci\u00f3n a la regi\u00f3n de Coquimbo, cifra que consolida tanto la preferencia de los visitantes por los destinos, servicios y experiencias tur\u00edsticas de la zona, sino que el movimiento interno de las personas de las ciudades a otros puntos de la regi\u00f3n.<br>De los casi 50 mil viajes con pernoctaci\u00f3n que recibir\u00e1n las comunas, el 47% de ellos se concentrar\u00e1n en desplazamientos a las ciudades-destinos de La Serena (11.035) y Coquimbo (10.816). Sin embargo, Laura Cerda, presidenta de la C\u00e1mara de Turismo de la regi\u00f3n de Coquimbo, consider\u00f3 que existen otros destinos y experiencias que se est\u00e1n posicionando como el wellness (turismo de bienestar), segmento propio de los valles transversales de Elqui, Limar\u00ed y Choapa, donde se realizan meditaciones, sanaciones con minerales, curaciones del esp\u00edritu, en medios de paisajes naturales.<br>Seg\u00fan la Subsecretar\u00eda de Turismo, el 41,6% de los viajes se realizar\u00e1n hoy; el 43,1% el s\u00e1bado 24 de junio y, el 15,2% restante ,el domingo 25 de junio.<br>Adem\u00e1s, se prev\u00e9 que el 58,5% de estos viajes se realizan en auto propio; un 25,3% en bus; 5% en avi\u00f3n y el 11,2% en otro medio de transporte. La visita a familiares y amigos es el principal motivo de los viajes, con un 73,2%.<br>\u201cPara este fin de semana largo se est\u00e1 moviendo mucho el turismo wellness, hacia los valles transversales tanto en Elqui, como en Limar\u00ed y Choapa, con bastantes empresarios que dicen que los fines de semana est\u00e1n a full\u201d, explic\u00f3 Cerda.<br>La dirigente gremial sostuvo que en lo que se refiere al promedio de ocupaci\u00f3n hotelera durante este fin de semana bordea entre un 40 y un 50%.<br>\u201cEl flujo de visitantes a los distintos destinos de la regi\u00f3n de Coquimbo es un impulso a las econom\u00edas locales que incentiva especialmente el comercio, situaci\u00f3n que se valora en tiempos de desaceleraci\u00f3n del consumo\u201d, indic\u00f3 la directora de Sernatur Coquimbo, Ang\u00e9lica Funes.<br>En ese sentido, un sondeo realizado por Sernatur Coquimbo, a 60 establecimientos de los valles Elqui, Limar\u00ed y Choapa, registrados en la instituci\u00f3n, entre el 18 y 19 de junio, da cuenta que la ocupaci\u00f3n hotelera de las ciudades ya bordea el 50%, especialmente en los balnearios como La Serena y Coquimbo, y es levemente superior en el valle de Elqui (60%).<br>\u201cEstos datos son considerables e importantes dado que se estamos ad portas de las vacaciones de invierno y las personas tienden restringir su decisi\u00f3n de salir a un destino para privilegiar las vacaciones de invierno, sostuvo la directora del servicio.<\/p>\n\n\n\n<p class=\"wp-block-paragraph\"><strong>60% de ocupaci\u00f3n, el piso para vacaciones de invierno<\/strong><br>Cerda indic\u00f3 que, durante estos d\u00edas, los asociados al gremio han registrado una alta demanda en consultas para reservar habitaciones o para preguntar precios y ofertas.<br>\u201cY en lo que est\u00e1 referido a las vacaciones de invierno dicen que hay bastantes consultas en lo que es la conurbaci\u00f3n, tanto cerca y en el borde costero de las ciudades, donde dicen que ya va m\u00e1s del 60%. Por lo tanto, creemos que va a haber unas muy buenas proyecciones con las vacaciones de invierno\u201d, concluy\u00f3.<\/p>\n","protected":false},"excerpt":{"rendered":"<p>Sin embargo, Laura Cerda, presidenta de la C\u00e1mara de Turismo de la regi\u00f3n de Coquimbo, considera que existen otros destinos y experiencias que se est\u00e1n posicionando como el wellness, segmento propio de los valles transversales de Elqui, Limar\u00ed y Choapa. Desde hoy el flujo carretero deber\u00eda incrementarse en las principales rutas de la regi\u00f3n de [&hellip;]<\/p>\n","protected":false},"author":1,"featured_media":9378,"comment_status":"open","ping_status":"open","sticky":false,"template":"","format":"standard","meta":{"tdm_status":"","tdm_grid_status":"","footnotes":"","_wpscppro_dont_share_socialmedia":false,"_wpscppro_custom_social_share_image":0,"_facebook_share_type":"","_twitter_share_type":"","_linkedin_share_type":"","_pinterest_share_type":"","_linkedin_share_type_page":"","_instagram_share_type":"","_medium_share_type":"","_threads_share_type":"","_google_business_share_type":"","_bluesky_share_type":"","_mastodon_share_type":"","_selected_social_profile":[],"_wpsp_enable_custom_social_template":false,"_wpsp_social_scheduling":{"enabled":false,"datetime":null,"platforms":[],"status":"template_only","dateOption":"today","timeOption":"now","customDays":"","customHours":"","customDate":"","customTime":"","schedulingType":"absolute"},"_wpsp_active_default_template":true},"categories":[1],"tags":[8,28],"class_list":["post-9377","post","type-post","status-publish","format-standard","has-post-thumbnail","hentry","category-uncategorized","tag-marketing","tag-site-tips"],"_links":{"self":[{"href":"https:\/\/www.semanariotiempo.cl\/index.php?rest_route=\/wp\/v2\/posts\/9377","targetHints":{"allow":["GET"]}}],"collection":[{"href":"https:\/\/www.semanariotiempo.cl\/index.php?rest_route=\/wp\/v2\/posts"}],"about":[{"href":"https:\/\/www.semanariotiempo.cl\/index.php?rest_route=\/wp\/v2\/types\/post"}],"author":[{"embeddable":true,"href":"https:\/\/www.semanariotiempo.cl\/index.php?rest_route=\/wp\/v2\/users\/1"}],"replies":[{"embeddable":true,"href":"https:\/\/www.semanariotiempo.cl\/index.php?rest_route=%2Fwp%2Fv2%2Fcomments&post=9377"}],"version-history":[{"count":0,"href":"https:\/\/www.semanariotiempo.cl\/index.php?rest_route=\/wp\/v2\/posts\/9377\/revisions"}],"wp:featuredmedia":[{"embeddable":true,"href":"https:\/\/www.semanariotiempo.cl\/index.php?rest_route=\/wp\/v2\/media\/9378"}],"wp:attachment":[{"href":"https:\/\/www.semanariotiempo.cl\/index.php?rest_route=%2Fwp%2Fv2%2Fmedia&parent=9377"}],"wp:term":[{"taxonomy":"category","embeddable":true,"href":"https:\/\/www.semanariotiempo.cl\/index.php?rest_route=%2Fwp%2Fv2%2Fcategories&post=9377"},{"taxonomy":"post_tag","embeddable":true,"href":"https:\/\/www.semanariotiempo.cl\/index.php?rest_route=%2Fwp%2Fv2%2Ftags&post=9377"}],"curies":[{"name":"wp","href":"https:\/\/api.w.org\/{rel}","templated":true}]}}