{"id":9374,"date":"2023-06-28T20:26:45","date_gmt":"2023-06-29T00:26:45","guid":{"rendered":"https:\/\/www.semanariotiempo.cl\/?p=9374"},"modified":"2023-06-28T20:26:46","modified_gmt":"2023-06-29T00:26:46","slug":"municipio-de-paihuano-y-profesores-logran-acuerdo-para-pagar-deuda-historica","status":"publish","type":"post","link":"https:\/\/www.semanariotiempo.cl\/?p=9374","title":{"rendered":"Municipio de Paihuano y Profesores logran acuerdo para pagar deuda hist\u00f3rica"},"content":{"rendered":"\n<h4 class=\"wp-block-heading has-vivid-red-color has-text-color\"><strong>Este juevess 22 de junio e logr\u00f3 el acuerdo y la deuda se comenzar\u00e1 a pagar en julio.<\/strong><\/h4>\n\n\n<div class=\"wp-block-image\">\n<figure class=\"aligncenter size-full\"><img loading=\"lazy\" decoding=\"async\" width=\"1024\" height=\"768\" src=\"https:\/\/www.semanariotiempo.cl\/wp-content\/uploads\/2023\/06\/Acuerdo-con-profesores.jpg\" alt=\"\" class=\"wp-image-9375\" srcset=\"https:\/\/www.semanariotiempo.cl\/wp-content\/uploads\/2023\/06\/Acuerdo-con-profesores.jpg 1024w, https:\/\/www.semanariotiempo.cl\/wp-content\/uploads\/2023\/06\/Acuerdo-con-profesores-300x225.jpg 300w, https:\/\/www.semanariotiempo.cl\/wp-content\/uploads\/2023\/06\/Acuerdo-con-profesores-768x576.jpg 768w, https:\/\/www.semanariotiempo.cl\/wp-content\/uploads\/2023\/06\/Acuerdo-con-profesores-696x522.jpg 696w, https:\/\/www.semanariotiempo.cl\/wp-content\/uploads\/2023\/06\/Acuerdo-con-profesores-560x420.jpg 560w, https:\/\/www.semanariotiempo.cl\/wp-content\/uploads\/2023\/06\/Acuerdo-con-profesores-80x60.jpg 80w, https:\/\/www.semanariotiempo.cl\/wp-content\/uploads\/2023\/06\/Acuerdo-con-profesores-265x198.jpg 265w\" sizes=\"auto, (max-width: 1024px) 100vw, 1024px\" \/><\/figure>\n<\/div>\n\n\n<p class=\"wp-block-paragraph\">Tras una reuni\u00f3n sostenida entre el Alcalde de Paihuano, Hern\u00e1n Ahumada, y representantes del Colegio de Profesores de la comuna, se dio a conocer el acuerdo logrado para el pago de la deuda que el municipio arrastra desde 2013 con los docentes.<\/p>\n\n\n\n<p class=\"wp-block-paragraph\">Luis Rojo, Presidente comunal del Colegio de Profesores, valor\u00f3 esta instancia y agradeci\u00f3 el hecho de que se haya llegado a un acuerdo y se concrete prontamente este anhelado pago. \u201cPara nosotros es muy importante llegar a este acuerdo, tras muchos a\u00f1os de espera, por una deuda que se arrastra desde el 2013. El Alcalde cuando asumi\u00f3 nos dijo que esta deuda se iba a pagar, ha pasado un tiempo, pero hoy se ven los frutos y estamos muy contentos por los 84 profesores demandantes, por esta gran noticia\u201d.<\/p>\n\n\n\n<p class=\"wp-block-paragraph\">Por su parte, el Alcalde Ahumada tambi\u00e9n mostr\u00f3 su felicidad por este acuerdo y expres\u00f3 que \u201cestamos muy contentos por haber logrado este acuerdo para el pago de esta deuda, totalmente justificada, que ten\u00eda nuestro municipio con 84 profesores de la comuna. Si bien es cierto, esta deuda no se origin\u00f3 durante mi administraci\u00f3n, s\u00ed les promet\u00ed- y lo volv\u00ed a reafirmar en la cuenta p\u00fablica- que se har\u00eda efectivo el pago, y hoy cumplimos\u201d.<\/p>\n\n\n\n<p class=\"wp-block-paragraph\">La autoridad adem\u00e1s recalc\u00f3 que el pago de esta deuda, no repercutir\u00e1 en los proyectos que se est\u00e1n ejecutando y aquellos que se van a comenzar a ejecutar en la comuna. \u201cLos vecinos y vecinas que est\u00e9n tranquilos porque si bien es cierto es una suma muy importante de dinero, tenemos todo coordinado con el Concejo Municipal para que ello no afecte el enorme crecimiento que est\u00e1 teniendo nuestra comuna\u201d, puntualiz\u00f3.<br>Cabe destacar que la forma de pago ser\u00e1 en 3 cuotas, la primera de ellas en el mes de julio.<\/p>\n","protected":false},"excerpt":{"rendered":"<p>Este juevess 22 de junio e logr\u00f3 el acuerdo y la deuda se comenzar\u00e1 a pagar en julio. Tras una reuni\u00f3n sostenida entre el Alcalde de Paihuano, Hern\u00e1n Ahumada, y representantes del Colegio de Profesores de la comuna, se dio a conocer el acuerdo logrado para el pago de la deuda que el municipio arrastra [&hellip;]<\/p>\n","protected":false},"author":1,"featured_media":9375,"comment_status":"open","ping_status":"open","sticky":false,"template":"","format":"standard","meta":{"tdm_status":"","tdm_grid_status":"","footnotes":"","_wpscppro_dont_share_socialmedia":false,"_wpscppro_custom_social_share_image":0,"_facebook_share_type":"","_twitter_share_type":"","_linkedin_share_type":"","_pinterest_share_type":"","_linkedin_share_type_page":"","_instagram_share_type":"","_medium_share_type":"","_threads_share_type":"","_google_business_share_type":"","_bluesky_share_type":"","_mastodon_share_type":"","_selected_social_profile":[],"_wpsp_enable_custom_social_template":false,"_wpsp_social_scheduling":{"enabled":false,"datetime":null,"platforms":[],"status":"template_only","dateOption":"today","timeOption":"now","customDays":"","customHours":"","customDate":"","customTime":"","schedulingType":"absolute"},"_wpsp_active_default_template":true},"categories":[1],"tags":[22,8,28],"class_list":["post-9374","post","type-post","status-publish","format-standard","has-post-thumbnail","hentry","category-uncategorized","tag-air-ear","tag-marketing","tag-site-tips"],"_links":{"self":[{"href":"https:\/\/www.semanariotiempo.cl\/index.php?rest_route=\/wp\/v2\/posts\/9374","targetHints":{"allow":["GET"]}}],"collection":[{"href":"https:\/\/www.semanariotiempo.cl\/index.php?rest_route=\/wp\/v2\/posts"}],"about":[{"href":"https:\/\/www.semanariotiempo.cl\/index.php?rest_route=\/wp\/v2\/types\/post"}],"author":[{"embeddable":true,"href":"https:\/\/www.semanariotiempo.cl\/index.php?rest_route=\/wp\/v2\/users\/1"}],"replies":[{"embeddable":true,"href":"https:\/\/www.semanariotiempo.cl\/index.php?rest_route=%2Fwp%2Fv2%2Fcomments&post=9374"}],"version-history":[{"count":0,"href":"https:\/\/www.semanariotiempo.cl\/index.php?rest_route=\/wp\/v2\/posts\/9374\/revisions"}],"wp:featuredmedia":[{"embeddable":true,"href":"https:\/\/www.semanariotiempo.cl\/index.php?rest_route=\/wp\/v2\/media\/9375"}],"wp:attachment":[{"href":"https:\/\/www.semanariotiempo.cl\/index.php?rest_route=%2Fwp%2Fv2%2Fmedia&parent=9374"}],"wp:term":[{"taxonomy":"category","embeddable":true,"href":"https:\/\/www.semanariotiempo.cl\/index.php?rest_route=%2Fwp%2Fv2%2Fcategories&post=9374"},{"taxonomy":"post_tag","embeddable":true,"href":"https:\/\/www.semanariotiempo.cl\/index.php?rest_route=%2Fwp%2Fv2%2Ftags&post=9374"}],"curies":[{"name":"wp","href":"https:\/\/api.w.org\/{rel}","templated":true}]}}