{"id":9368,"date":"2023-06-27T21:10:12","date_gmt":"2023-06-28T01:10:12","guid":{"rendered":"https:\/\/www.semanariotiempo.cl\/?p=9368"},"modified":"2023-06-27T21:10:13","modified_gmt":"2023-06-28T01:10:13","slug":"37-mil-roles-agricolas-comprometidos-en-reavaluo-de-predios-y-productores-piden-mantener-valores","status":"publish","type":"post","link":"https:\/\/www.semanariotiempo.cl\/?p=9368","title":{"rendered":"37 mil roles agr\u00edcolas comprometidos en reaval\u00fao de predios y productores piden mantener valores"},"content":{"rendered":"\n<h4 class=\"wp-block-heading has-vivid-red-color has-text-color\"><strong>Dr\u00e1stico escenario en la regi\u00f3n de Coquimbo que se suma al complejo d\u00e9ficit h\u00eddrico, el alza de los costos de producci\u00f3n y la falta de mano de obra, factores que explican la disminuci\u00f3n de la rentabilidad de los cultivos, incluso incidiendo en el \u00e9xodo del sector rural, el cierre de los campos y descenso en la producci\u00f3n, de acuerdo al gremio agr\u00edcola.<\/strong><\/h4>\n\n\n<div class=\"wp-block-image\">\n<figure class=\"aligncenter size-large\"><img loading=\"lazy\" decoding=\"async\" width=\"1024\" height=\"692\" src=\"https:\/\/www.semanariotiempo.cl\/wp-content\/uploads\/2023\/06\/Foto-reunion-SII-y-SAN-1024x692.jpg\" alt=\"\" class=\"wp-image-9369\" srcset=\"https:\/\/www.semanariotiempo.cl\/wp-content\/uploads\/2023\/06\/Foto-reunion-SII-y-SAN-1024x692.jpg 1024w, https:\/\/www.semanariotiempo.cl\/wp-content\/uploads\/2023\/06\/Foto-reunion-SII-y-SAN-300x203.jpg 300w, https:\/\/www.semanariotiempo.cl\/wp-content\/uploads\/2023\/06\/Foto-reunion-SII-y-SAN-768x519.jpg 768w, https:\/\/www.semanariotiempo.cl\/wp-content\/uploads\/2023\/06\/Foto-reunion-SII-y-SAN-696x470.jpg 696w, https:\/\/www.semanariotiempo.cl\/wp-content\/uploads\/2023\/06\/Foto-reunion-SII-y-SAN-1068x722.jpg 1068w, https:\/\/www.semanariotiempo.cl\/wp-content\/uploads\/2023\/06\/Foto-reunion-SII-y-SAN-621x420.jpg 621w, https:\/\/www.semanariotiempo.cl\/wp-content\/uploads\/2023\/06\/Foto-reunion-SII-y-SAN.jpg 1200w\" sizes=\"auto, (max-width: 1024px) 100vw, 1024px\" \/><\/figure>\n<\/div>\n\n\n<p class=\"wp-block-paragraph\">Un nuevo factor est\u00e1 complejizando el desarrollo de la agricultura en la regi\u00f3n de Coquimbo, luego que la Sociedad Agr\u00edcola del Norte (SAN) estimara que unos 37 mil roles agr\u00edcolas est\u00e1n comprometidos con ser afectados en el proceso de reaval\u00fao de predios.<br>Por ello, la SAN mantuvo reuniones y presentaciones ante directivos y t\u00e9cnicos del Servicio de Impuestos Internos (SII) a nivel nacional y regional, para explicar no solo c\u00f3mo la crisis h\u00eddrica, clim\u00e1tica y financiera perjudica a los productores de la zona, sino la b\u00fasqueda de alternativas para sortear este nuevo escenario, solicitando por ahora mantener los valores de los predios.<\/p>\n\n\n\n<p class=\"wp-block-paragraph\">Seg\u00fan explic\u00f3 Mar\u00eda In\u00e9s Figari, presidenta de la SAN, la falta de agua y el clima afectan a que existan terrenos que no se pueden usar agr\u00edcolamente, desvalorizando su valor porque ya no son rentables y no existen las condiciones para plantar. \u201cSe requiere informar al SII para disminuir el valor de las contribuciones, reconsider\u00e1ndolo en el pr\u00f3ximo reaval\u00fao de los predios agr\u00edcolas. Como gremio estamos representando que el mundo rural pasa por los momentos m\u00e1s dif\u00edciles en su historia. Ya no hay agua y tampoco capital financiero para sostener las producciones, de ah\u00ed que debemos buscar alternativas y alertar de lo que nos sucede como regi\u00f3n, porque ya no se utilizan los predios como antes\u201d, agreg\u00f3.<br>El dr\u00e1stico se agrava, de acuerdo al gremio, por el alza de los costos de producci\u00f3n y la falta de mano de obra, la disminuci\u00f3n de la rentabilidad de los cultivos, entre otras. Incluso, dijeron, incidiendo en el \u00e9xodo del sector rural, el cierre de los campos y descenso en la producci\u00f3n.<br>\u201cHay una disposici\u00f3n a escuchar; a veces es falla nuestra no poder llegar a las autoridades y servicios p\u00fablicos, ellos no son adivinos y tampoco pueden saber de los cambios que expusimos. No se pueden retasar los terrenos a precios que valieron en un momento, por ejemplo, cuando estaba la uva flame, hoy si uno va a los valles, los parrones est\u00e1n secos y no es porque la gente no quiera trabajar, sino porque nunca m\u00e1s lleg\u00f3 el agua. El que un campo est\u00e9 en producci\u00f3n, no quiere decir que est\u00e9 siendo productivo, entonces esa fue la relaci\u00f3n que hizo el tasador, entre lo que valen los terrenos y lo que verdaderamente producen los predios\u201d, mencion\u00f3 Figari.<br>Seg\u00fan las cifras de la entidad gremial, si el a\u00f1o 2010 hab\u00edan 51 mil hect\u00e1reas (ha) cultivadas, en la actualidad solo llegan a las 28 mil ha, configuradas por 9.701 ha con frutales; 8.629 ha con vides de pisco y vino y 9.007 ha en otros cultivos y hortalizas.<br>Por ello, en una de las exposiciones efectuada ante el SII, realizada con funcionarios desde Arica al Maule, particip\u00f3 el tasador regional de bancos, Enrique Bustos, donde se expuso la problem\u00e1ticas y cambios que se viven en la regi\u00f3n de Coquimbo.<\/p>\n\n\n\n<p class=\"wp-block-paragraph\">La gerente del gremio agr\u00edcola, Daniela Norambuena, indic\u00f3 que es importante mostrar con cifras, el panorama desfavorable que tienen los productores. Adem\u00e1s, expuso el caso del embalse Puclaro de Vicu\u00f1a donde el a\u00f1o 2013 estaba en un 80% de capacidad y eso equival\u00eda a 1 acci\u00f3n de agua= 1 litro\/sg para 1 hect\u00e1rea de riego, pero este 2023 el escenario es dram\u00e1tico, porque Embalse posee un 13.4% de capacidad, entreg\u00e1ndose 1 acci\u00f3n de agua= 0,2 litros\/sg para 2000 m2 de riego. \u201cLa producci\u00f3n en la cuenca de Elqui ha disminuido en un 60%, a pesar de la aplicaci\u00f3n de tecnolog\u00eda como el riego tecnificado. Desde el a\u00f1o 2014 a la fecha, el desmarque (dotaci\u00f3n de agua) no ha superado el 25%\u201d, coment\u00f3 Norambuena ante el SII.<br>Sobre las condiciones de agua y nieve, se inform\u00f3 el estado de los embalses que en general est\u00e1n en estado cr\u00edtico, incluso ha bajado el embalse La Laguna en la cordillera de Elqui a un 40 %, el embalse La Paloma, el m\u00e1s grande destinado a riego del pa\u00eds, est\u00e1 en un 7.8%, y en Choapa el tranque Culimo, en un 22%.<br>\u201cAntes un agricultor produc\u00eda en todo su terreno, ahora s\u00f3lo un 25%, otros han cerrado las puertas. Existe un avance de las parcelas residenciales y otras situaciones que deben analizarse a la hora de evaluar los predios por parte del SII\u201d, acot\u00f3 Norambuena.<\/p>\n\n\n\n<p class=\"wp-block-paragraph\"><strong>VISI\u00d3N SII<\/strong><br>El director regional del SII, R\u00f3mulo G\u00f3mez, propuso que \u201cesperamos que esta instancia sea el inicio de una alianza colaborativa entre el SII y SAN, que nos permitir\u00e1 conocer la realidad del sector agr\u00edcola regional, de primera fuente, y poder as\u00ed incentivar el correcto cumplimiento tributario de todos los asociados, con una mirada centrada en la habilitaci\u00f3n y asistencia, y con miras tambi\u00e9n a poder recabar antecedentes valiosos que podr\u00e1n ser parte del an\u00e1lisis y ejecuci\u00f3n del pr\u00f3ximo proceso de Reaval\u00fao Agr\u00edcola del a\u00f1o 2024\u201d.<br>El Reaval\u00fao Agr\u00edcola es el proceso mediante el cual el Servicio de Impuestos Internos determina los nuevos aval\u00faos que se aplican a los bienes ra\u00edces agr\u00edcolas de todo el pa\u00eds, velando por mejorar la equidad tributaria, disminuir distorsiones entre el aval\u00fao fiscal vigente y los precios de mercado de los bienes ra\u00edces.<\/p>\n","protected":false},"excerpt":{"rendered":"<p>Dr\u00e1stico escenario en la regi\u00f3n de Coquimbo que se suma al complejo d\u00e9ficit h\u00eddrico, el alza de los costos de producci\u00f3n y la falta de mano de obra, factores que explican la disminuci\u00f3n de la rentabilidad de los cultivos, incluso incidiendo en el \u00e9xodo del sector rural, el cierre de los campos y descenso en [&hellip;]<\/p>\n","protected":false},"author":1,"featured_media":9369,"comment_status":"open","ping_status":"open","sticky":false,"template":"","format":"standard","meta":{"tdm_status":"","tdm_grid_status":"","footnotes":"","_wpscppro_dont_share_socialmedia":false,"_wpscppro_custom_social_share_image":0,"_facebook_share_type":"","_twitter_share_type":"","_linkedin_share_type":"","_pinterest_share_type":"","_linkedin_share_type_page":"","_instagram_share_type":"","_medium_share_type":"","_threads_share_type":"","_google_business_share_type":"","_bluesky_share_type":"","_mastodon_share_type":"","_selected_social_profile":[],"_wpsp_enable_custom_social_template":false,"_wpsp_social_scheduling":{"enabled":false,"datetime":null,"platforms":[],"status":"template_only","dateOption":"today","timeOption":"now","customDays":"","customHours":"","customDate":"","customTime":"","schedulingType":"absolute"},"_wpsp_active_default_template":true},"categories":[1],"tags":[8,7],"class_list":["post-9368","post","type-post","status-publish","format-standard","has-post-thumbnail","hentry","category-uncategorized","tag-marketing","tag-wordpress"],"_links":{"self":[{"href":"https:\/\/www.semanariotiempo.cl\/index.php?rest_route=\/wp\/v2\/posts\/9368","targetHints":{"allow":["GET"]}}],"collection":[{"href":"https:\/\/www.semanariotiempo.cl\/index.php?rest_route=\/wp\/v2\/posts"}],"about":[{"href":"https:\/\/www.semanariotiempo.cl\/index.php?rest_route=\/wp\/v2\/types\/post"}],"author":[{"embeddable":true,"href":"https:\/\/www.semanariotiempo.cl\/index.php?rest_route=\/wp\/v2\/users\/1"}],"replies":[{"embeddable":true,"href":"https:\/\/www.semanariotiempo.cl\/index.php?rest_route=%2Fwp%2Fv2%2Fcomments&post=9368"}],"version-history":[{"count":0,"href":"https:\/\/www.semanariotiempo.cl\/index.php?rest_route=\/wp\/v2\/posts\/9368\/revisions"}],"wp:featuredmedia":[{"embeddable":true,"href":"https:\/\/www.semanariotiempo.cl\/index.php?rest_route=\/wp\/v2\/media\/9369"}],"wp:attachment":[{"href":"https:\/\/www.semanariotiempo.cl\/index.php?rest_route=%2Fwp%2Fv2%2Fmedia&parent=9368"}],"wp:term":[{"taxonomy":"category","embeddable":true,"href":"https:\/\/www.semanariotiempo.cl\/index.php?rest_route=%2Fwp%2Fv2%2Fcategories&post=9368"},{"taxonomy":"post_tag","embeddable":true,"href":"https:\/\/www.semanariotiempo.cl\/index.php?rest_route=%2Fwp%2Fv2%2Ftags&post=9368"}],"curies":[{"name":"wp","href":"https:\/\/api.w.org\/{rel}","templated":true}]}}