{"id":9357,"date":"2023-06-27T20:28:48","date_gmt":"2023-06-28T00:28:48","guid":{"rendered":"https:\/\/www.semanariotiempo.cl\/?p=9357"},"modified":"2023-06-27T20:28:48","modified_gmt":"2023-06-28T00:28:48","slug":"mipymes-y-cooperativas-de-la-region-de-coquimbo-podran-solicitar-el-subsidio-al-salario-minimo","status":"publish","type":"post","link":"https:\/\/www.semanariotiempo.cl\/?p=9357","title":{"rendered":"MiPymes y cooperativas de la regi\u00f3n de Coquimbo podr\u00e1n solicitar el Subsidio al Salario M\u00ednimo"},"content":{"rendered":"\n<h5 class=\"wp-block-heading has-vivid-red-color has-text-color\"><strong>El subsidio es de car\u00e1cter temporal y se aplicar\u00e1 entre mayo de 2023 y abril de 2025. El beneficio podr\u00e1 solicitarse en el sitio web del Servicio de Impuestos Internos hasta el 20 de septiembre de 2023.<\/strong><\/h5>\n\n\n<div class=\"wp-block-image\">\n<figure class=\"aligncenter size-full is-resized\"><img loading=\"lazy\" decoding=\"async\" src=\"https:\/\/www.semanariotiempo.cl\/wp-content\/uploads\/2023\/06\/salario_minimo.jpg\" alt=\"\" class=\"wp-image-9358\" width=\"840\" height=\"500\" srcset=\"https:\/\/www.semanariotiempo.cl\/wp-content\/uploads\/2023\/06\/salario_minimo.jpg 840w, https:\/\/www.semanariotiempo.cl\/wp-content\/uploads\/2023\/06\/salario_minimo-300x179.jpg 300w, https:\/\/www.semanariotiempo.cl\/wp-content\/uploads\/2023\/06\/salario_minimo-768x457.jpg 768w, https:\/\/www.semanariotiempo.cl\/wp-content\/uploads\/2023\/06\/salario_minimo-696x414.jpg 696w, https:\/\/www.semanariotiempo.cl\/wp-content\/uploads\/2023\/06\/salario_minimo-706x420.jpg 706w\" sizes=\"auto, (max-width: 840px) 100vw, 840px\" \/><\/figure>\n<\/div>\n\n\n<p class=\"wp-block-paragraph\">Con el objetivo de que las micro, peque\u00f1as, medianas empresas y cooperativas puedan acceder al subsidio al salario m\u00ednimo, este martes 20 de junio comenz\u00f3 el proceso de solicitud del beneficio, a trav\u00e9s del sitio web del Servicio de Impuestos Internos, www.sii.cl.<br>Al ingresar a la plataforma autenticada, la Mipyme podr\u00e1 saber autom\u00e1ticamente si acceder\u00e1 o no al beneficio, de acuerdo con las condiciones establecidas en el Ley, adem\u00e1s del monto a recibir.<\/p>\n\n\n\n<p class=\"wp-block-paragraph\">La medida busca ayudar a las empresas de menor tama\u00f1o a adecuarse al recientemente aprobado reajuste del salario m\u00ednimo, que establece un aumento gradual hasta alcanzar los $500.000 en julio de 2024 y consiste en un tr\u00e1mite que se debe realizar una sola vez para comenzar a percibir el subsidio, el que se entregar\u00e1 durante todos los meses, hasta abril del 2025.<\/p>\n\n\n\n<p class=\"wp-block-paragraph\"><strong>\u00bfQui\u00e9nes pueden acceder?<\/strong><br>El subsidio puede ser solicitado por Mipymes, cooperativas, personas jur\u00eddicas sin fines de lucro (como fundaciones u otras) y comunidades (como las comunidades de copropiedad inmobiliaria).<br>Los trabajadores y trabajadoras por los que las empresas recibir\u00e1n subsidio son aquellos que a la fecha de la solicitud reciben el salario m\u00ednimo vigente y perciben entre $411.000 y $500.000.<br>Para estos trabajadores, las empresas recibir\u00e1n un monto proporcional a la distancia que existe entre el salario m\u00ednimo vigente y el salario de dicho trabajador o trabajadora. As\u00ed, mientras m\u00e1s alejado est\u00e9 del salario m\u00ednimo vigente, mayor ser\u00e1 la proporci\u00f3n del monto que recibir\u00e1 la empresa por cada trabajador o trabajadora dependiente contratado con salario m\u00ednimo.<br>P\u00eda Castillo, Seremi de Econom\u00eda, Fomento y Turismo, destac\u00f3 que \u201ccon la finalidad de proteger y beneficiar a nuestros trabajadores, el Gobierno del presidente Gabriel Boric impuls\u00f3 el aumento gradual en el monto del Salario M\u00ednimo hasta alcanzar los $500.000 en julio de 2024. Y para apoyar a las Mipymes en este incremento, se crea este nuevo subsidio orientado a las empresas. Desde el retorno a la democracia, se han realizado m\u00e1s de 45 ajustes al Salario M\u00ednimo, pero por primera vez, \u00e9ste viene acompa\u00f1ado con un subsidio que se paga a las empresas para que puedan solventar el alza, lo que busca darles mayores garant\u00edas\u201d.<br>El subsidio se solicita por una sola vez, desde el 20 de junio de 2023, a trav\u00e9s de la plataforma dispuesta por el SII en su sitio web (www.sii.cl).<\/p>\n","protected":false},"excerpt":{"rendered":"<p>El subsidio es de car\u00e1cter temporal y se aplicar\u00e1 entre mayo de 2023 y abril de 2025. El beneficio podr\u00e1 solicitarse en el sitio web del Servicio de Impuestos Internos hasta el 20 de septiembre de 2023. Con el objetivo de que las micro, peque\u00f1as, medianas empresas y cooperativas puedan acceder al subsidio al salario [&hellip;]<\/p>\n","protected":false},"author":1,"featured_media":9358,"comment_status":"open","ping_status":"open","sticky":false,"template":"","format":"standard","meta":{"tdm_status":"","tdm_grid_status":"","footnotes":"","_wpscppro_dont_share_socialmedia":false,"_wpscppro_custom_social_share_image":0,"_facebook_share_type":"","_twitter_share_type":"","_linkedin_share_type":"","_pinterest_share_type":"","_linkedin_share_type_page":"","_instagram_share_type":"","_medium_share_type":"","_threads_share_type":"","_google_business_share_type":"","_bluesky_share_type":"","_mastodon_share_type":"","_selected_social_profile":[],"_wpsp_enable_custom_social_template":false,"_wpsp_social_scheduling":{"enabled":false,"datetime":null,"platforms":[],"status":"template_only","dateOption":"today","timeOption":"now","customDays":"","customHours":"","customDate":"","customTime":"","schedulingType":"absolute"},"_wpsp_active_default_template":true},"categories":[1],"tags":[8,28],"class_list":["post-9357","post","type-post","status-publish","format-standard","has-post-thumbnail","hentry","category-uncategorized","tag-marketing","tag-site-tips"],"_links":{"self":[{"href":"https:\/\/www.semanariotiempo.cl\/index.php?rest_route=\/wp\/v2\/posts\/9357","targetHints":{"allow":["GET"]}}],"collection":[{"href":"https:\/\/www.semanariotiempo.cl\/index.php?rest_route=\/wp\/v2\/posts"}],"about":[{"href":"https:\/\/www.semanariotiempo.cl\/index.php?rest_route=\/wp\/v2\/types\/post"}],"author":[{"embeddable":true,"href":"https:\/\/www.semanariotiempo.cl\/index.php?rest_route=\/wp\/v2\/users\/1"}],"replies":[{"embeddable":true,"href":"https:\/\/www.semanariotiempo.cl\/index.php?rest_route=%2Fwp%2Fv2%2Fcomments&post=9357"}],"version-history":[{"count":0,"href":"https:\/\/www.semanariotiempo.cl\/index.php?rest_route=\/wp\/v2\/posts\/9357\/revisions"}],"wp:featuredmedia":[{"embeddable":true,"href":"https:\/\/www.semanariotiempo.cl\/index.php?rest_route=\/wp\/v2\/media\/9358"}],"wp:attachment":[{"href":"https:\/\/www.semanariotiempo.cl\/index.php?rest_route=%2Fwp%2Fv2%2Fmedia&parent=9357"}],"wp:term":[{"taxonomy":"category","embeddable":true,"href":"https:\/\/www.semanariotiempo.cl\/index.php?rest_route=%2Fwp%2Fv2%2Fcategories&post=9357"},{"taxonomy":"post_tag","embeddable":true,"href":"https:\/\/www.semanariotiempo.cl\/index.php?rest_route=%2Fwp%2Fv2%2Ftags&post=9357"}],"curies":[{"name":"wp","href":"https:\/\/api.w.org\/{rel}","templated":true}]}}