{"id":9355,"date":"2023-06-27T20:24:11","date_gmt":"2023-06-28T00:24:11","guid":{"rendered":"https:\/\/www.semanariotiempo.cl\/?p=9355"},"modified":"2023-06-27T20:24:12","modified_gmt":"2023-06-28T00:24:12","slug":"mineria-momentos-y-reacciones","status":"publish","type":"post","link":"https:\/\/www.semanariotiempo.cl\/?p=9355","title":{"rendered":"Miner\u00eda, momentos y reacciones"},"content":{"rendered":"\n<p class=\"wp-block-paragraph\">Despu\u00e9s de los convulsos a\u00f1os que hemos vivido post estallido, queda uan pregunta subyacen-te, que aunque nos ubica en un escenario hipot\u00e9tico, nos invita a la reflexi\u00f3n. \u00bfQu\u00e9 habr\u00eda pasa-do si el precio del cobre se hubiera mantenido como en los mejores a\u00f1os del boom del cobre?. En el fondo qu\u00e9 habr\u00eda pasado si la econom\u00eda chilena hubiera seguido en pleno empleo.<br>Para muchos, la reacci\u00f3n de la opini\u00f3n p\u00fablica nacional en el contexto del estallido, se debi\u00f3 en gran parte a que exist\u00eda incertidumbre y un menor poder adquisitivo. Muchos de los que disfrutaron de los a\u00f1os anteriores y cambiaron su estilo de vida, ahora no eran capaces de sostenerlo.<br>En fin, cuando se han conocido las magras cifras por las cuales CODELCO celebr\u00f3 contratos a futuro y verificamos c\u00f3mo Chile perdi\u00f3 millones de d\u00f3lares en transacciones internacionales de cobre (especialmente con China) queda un sabor amargo de no estar aprovechando de la manera adecuada nuestras riquezas naturales.<br>Ahora el ojo est\u00e1 puesto sobre el litio, mineral no met\u00e1lico, ha sido declarado de inter\u00e9s nacional, que puede ser explotado por el Estado o por sus empresas; por concesiones administrativas, y ; por contratos especiales de operaci\u00f3n (CEOL).<br>Pero aparentemente esta estructura de permisos de explotaci\u00f3n est\u00e1 generando que Chile no est\u00e9 aprovechando el excelente momento en el precio del litio debido a su alta demanda. Pero lo preocupante es que este momento aparentemente va a pasar, puesto que en el mundo se est\u00e1n abriendo nuevas explotaciones y conociendo nuevas reservas, que hoy hacen que nuestro pa\u00eds se encuentre en el cuarto lugar como productor. Tan solo Argentina tiene m\u00e1s de proyectos en desarrollo. Adem\u00e1s hay una amenaza latente con las bater\u00edas de sodio, cuyos estudios muestran que almacena tanta energ\u00eda como las bater\u00edas equivalentes de litio y mantiene m\u00e1s de 80% de su capacidad despu\u00e9s de mil ciclos de carga y descarga, y m\u00e1s baratas, entonces vuelve el fantasma del salitre una vez m\u00e1s.<br>Quiz\u00e1s con este mineral sea la oportunidad de que Chile despegue y pueda dar un salto para generar mayor valor agregado, ya sea con f\u00e1bricas de bater\u00edas o c\u00e1todos de litio al menos.<\/p>\n\n\n\n<p class=\"has-background wp-block-paragraph\" style=\"background-color:#ffc4c4\"><strong>V\u00edctor H. Villagr\u00e1n<br><\/strong>Editor Semanario Tiempo<\/p>\n","protected":false},"excerpt":{"rendered":"<p>Despu\u00e9s de los convulsos a\u00f1os que hemos vivido post estallido, queda uan pregunta subyacen-te, que aunque nos ubica en un escenario hipot\u00e9tico, nos invita a la reflexi\u00f3n. \u00bfQu\u00e9 habr\u00eda pasa-do si el precio del cobre se hubiera mantenido como en los mejores a\u00f1os del boom del cobre?. En el fondo qu\u00e9 habr\u00eda pasado si la [&hellip;]<\/p>\n","protected":false},"author":1,"featured_media":0,"comment_status":"open","ping_status":"open","sticky":false,"template":"","format":"standard","meta":{"tdm_status":"","tdm_grid_status":"","footnotes":"","_wpscppro_dont_share_socialmedia":false,"_wpscppro_custom_social_share_image":0,"_facebook_share_type":"","_twitter_share_type":"","_linkedin_share_type":"","_pinterest_share_type":"","_linkedin_share_type_page":"","_instagram_share_type":"","_medium_share_type":"","_threads_share_type":"","_google_business_share_type":"","_bluesky_share_type":"","_mastodon_share_type":"","_selected_social_profile":[],"_wpsp_enable_custom_social_template":false,"_wpsp_social_scheduling":{"enabled":false,"datetime":null,"platforms":[],"status":"template_only","dateOption":"today","timeOption":"now","customDays":"","customHours":"","customDate":"","customTime":"","schedulingType":"absolute"},"_wpsp_active_default_template":true},"categories":[],"tags":[25],"class_list":["post-9355","post","type-post","status-publish","format-standard","hentry","tag-wordpress-themes"],"_links":{"self":[{"href":"https:\/\/www.semanariotiempo.cl\/index.php?rest_route=\/wp\/v2\/posts\/9355","targetHints":{"allow":["GET"]}}],"collection":[{"href":"https:\/\/www.semanariotiempo.cl\/index.php?rest_route=\/wp\/v2\/posts"}],"about":[{"href":"https:\/\/www.semanariotiempo.cl\/index.php?rest_route=\/wp\/v2\/types\/post"}],"author":[{"embeddable":true,"href":"https:\/\/www.semanariotiempo.cl\/index.php?rest_route=\/wp\/v2\/users\/1"}],"replies":[{"embeddable":true,"href":"https:\/\/www.semanariotiempo.cl\/index.php?rest_route=%2Fwp%2Fv2%2Fcomments&post=9355"}],"version-history":[{"count":0,"href":"https:\/\/www.semanariotiempo.cl\/index.php?rest_route=\/wp\/v2\/posts\/9355\/revisions"}],"wp:attachment":[{"href":"https:\/\/www.semanariotiempo.cl\/index.php?rest_route=%2Fwp%2Fv2%2Fmedia&parent=9355"}],"wp:term":[{"taxonomy":"category","embeddable":true,"href":"https:\/\/www.semanariotiempo.cl\/index.php?rest_route=%2Fwp%2Fv2%2Fcategories&post=9355"},{"taxonomy":"post_tag","embeddable":true,"href":"https:\/\/www.semanariotiempo.cl\/index.php?rest_route=%2Fwp%2Fv2%2Ftags&post=9355"}],"curies":[{"name":"wp","href":"https:\/\/api.w.org\/{rel}","templated":true}]}}