{"id":8613,"date":"2023-06-21T00:54:04","date_gmt":"2023-06-21T00:54:04","guid":{"rendered":"https:\/\/www.semanariotiempo.cl\/?p=8613"},"modified":"2023-06-21T00:54:05","modified_gmt":"2023-06-21T00:54:05","slug":"cristian-rondanelli-presidente-de-la-comision-de-aguas-y-recursos-hidricos-del-core-coquimbo-requerimos-una-senal-clara-y-concreta-del-mop-en-cuanto-a-la-rehabilitacion-de-obras-publicas-y","status":"publish","type":"post","link":"https:\/\/www.semanariotiempo.cl\/?p=8613","title":{"rendered":"Cristi\u00e1n Rondanelli, presidente de la Comisi\u00f3n de Aguas y Recursos H\u00eddricos del CORE Coquimbo: \u201cRequerimos una se\u00f1al clara y concreta del MOP en cuanto a la rehabilitaci\u00f3n de obras p\u00fablicas y privadas\u201d"},"content":{"rendered":"\n<h4 class=\"has-vivid-red-color has-text-color wp-block-heading\"><strong>Cuerpo colegiado acord\u00f3 oficiar a la jefa de la cartera, Jessica L\u00f3pez, y a la directora Nacional de la Obras Hidr\u00e1ulicas, Mar\u00eda Loreto Mery, solicitando informaci\u00f3n respecto de si existen recursos disponibles para nuestra regi\u00f3n para la conservaci\u00f3n y rehabilitaci\u00f3n de obras privadas de riego, adem\u00e1s de la conservaci\u00f3n de obras p\u00fablicas de riego y su proyecci\u00f3n.<\/strong><\/h4>\n\n\n\n<div class=\"wp-block-image\"><figure class=\"aligncenter size-large\"><img loading=\"lazy\" decoding=\"async\" width=\"1024\" height=\"723\" src=\"https:\/\/www.semanariotiempo.cl\/wp-content\/uploads\/2023\/06\/Cristian-Rondanelli-Pdte-Comisi\u00f3n-Agua-y-Recursos-H\u00eddricos-del-CORE-1024x723.jpg\" alt=\"\" class=\"wp-image-8614\" srcset=\"https:\/\/www.semanariotiempo.cl\/wp-content\/uploads\/2023\/06\/Cristian-Rondanelli-Pdte-Comisi\u00f3n-Agua-y-Recursos-H\u00eddricos-del-CORE-1024x723.jpg 1024w, https:\/\/www.semanariotiempo.cl\/wp-content\/uploads\/2023\/06\/Cristian-Rondanelli-Pdte-Comisi\u00f3n-Agua-y-Recursos-H\u00eddricos-del-CORE-300x212.jpg 300w, https:\/\/www.semanariotiempo.cl\/wp-content\/uploads\/2023\/06\/Cristian-Rondanelli-Pdte-Comisi\u00f3n-Agua-y-Recursos-H\u00eddricos-del-CORE-768x542.jpg 768w, https:\/\/www.semanariotiempo.cl\/wp-content\/uploads\/2023\/06\/Cristian-Rondanelli-Pdte-Comisi\u00f3n-Agua-y-Recursos-H\u00eddricos-del-CORE-100x70.jpg 100w, https:\/\/www.semanariotiempo.cl\/wp-content\/uploads\/2023\/06\/Cristian-Rondanelli-Pdte-Comisi\u00f3n-Agua-y-Recursos-H\u00eddricos-del-CORE-696x492.jpg 696w, https:\/\/www.semanariotiempo.cl\/wp-content\/uploads\/2023\/06\/Cristian-Rondanelli-Pdte-Comisi\u00f3n-Agua-y-Recursos-H\u00eddricos-del-CORE-1068x754.jpg 1068w, https:\/\/www.semanariotiempo.cl\/wp-content\/uploads\/2023\/06\/Cristian-Rondanelli-Pdte-Comisi\u00f3n-Agua-y-Recursos-H\u00eddricos-del-CORE-595x420.jpg 595w, https:\/\/www.semanariotiempo.cl\/wp-content\/uploads\/2023\/06\/Cristian-Rondanelli-Pdte-Comisi\u00f3n-Agua-y-Recursos-H\u00eddricos-del-CORE.jpg 1164w\" sizes=\"auto, (max-width: 1024px) 100vw, 1024px\" \/><\/figure><\/div>\n\n\n\n<p class=\"wp-block-paragraph\">Atendiendo al duro escenario provocado por la sequ\u00eda, el presidente de la Comisi\u00f3n de Aguas y Recursos H\u00eddricos del Consejo Regional (CORE) de Coquimbo, Cristi\u00e1n Rondanelli, emplaz\u00f3 directamente al Ministerio de Obras P\u00fablicas (MOP), a la Direcci\u00f3n de Obras Hidr\u00e1ulicas (DOH) y otras instituciones a rehabilitar los proyectos que permitan acumular el vital elemento en la regi\u00f3n.<br>Durante esta semana, los representantes de las organizaciones de riego coincidieron en la necesidad urgente de generar conciencia ante la autoridad respecto de la situaci\u00f3n h\u00eddrica, a trav\u00e9s de mayor presencia en los campos; la definici\u00f3n de m\u00e9todos para obtenci\u00f3n y retenci\u00f3n del recurso h\u00eddrico de forma r\u00e1pida, como es la recarga de acu\u00edferos; mayor capacitaci\u00f3n a los dirigentes y usuarios, focalizando en cultivos en escenarios de escasez h\u00eddrica.<br>Adem\u00e1s, se plante\u00f3 reiteradamente la necesidad de provisi\u00f3n de geomembranas y otros materiales para la emergencia; el apoyo para la inscripci\u00f3n y regularizaci\u00f3n de derechos de aguas en el Registro P\u00fablico de Aguas, de acuerdo a la modificaci\u00f3n del C\u00f3digo de Aguas; y el fortalecimiento del plan piloto del concejo de cuencas, como parte de la Gobernanza del agua. Al mismo tiempo, se reiteraron iniciativas que forman parte del debate regional, como es la desalaci\u00f3n de agua de mar y la reutilizaci\u00f3n de aguas residuales.<br>El consejero y presidente de la Comisi\u00f3n, Cristian Rondanelli, enfatiz\u00f3 que \u201crequerimos hoy una se\u00f1al clara y concreta por parte del Ministerio de Obras P\u00fablicas y la Direcci\u00f3n de Obras Hidr\u00e1ulicas en cuanto a la rehabilitaci\u00f3n de obras p\u00fablicas y privadas\u201d. Incluso, agreg\u00f3, que como parte del trabajo de comisi\u00f3n, las y los consejeros regionales de la comisi\u00f3n, con aprobaci\u00f3n del pleno del cuerpo colegiado, acordaron oficiar a la Ministra de Obras P\u00fablicas, Jessica L\u00f3pez, y a la Directora Nacional de la Obras Hidr\u00e1ulicas, Mar\u00eda Loreto Mery, informando sobre las principales problem\u00e1ticas y demandas de los regantes, solicitando informaci\u00f3n respecto de si existen recursos disponibles para nuestra regi\u00f3n para la conservaci\u00f3n y rehabilitaci\u00f3n de obras privadas de riego, adem\u00e1s de la conservaci\u00f3n de obras p\u00fablicas de riego y su proyecci\u00f3n.<br>Se oficiar\u00e1 tambi\u00e9n a Ministerio de Desarrollo Social, solicitando dar agilidad la revisi\u00f3n de los proyectos de conservaci\u00f3n de obra de riego, ante el retraso en su ejecuci\u00f3n en la regi\u00f3n, mientras que a la Gobernadora Krist Naranjo se le solicitar\u00e1 priorizar el programa GORE-CNR, una vez que obtenga su recomendaci\u00f3n t\u00e9cnica.<br>Asimismo, se insistir\u00e1 igualmente en declarar de inter\u00e9s regional la iniciativa de re\u00faso de aguas grises, para que ECONSSA pueda iniciar la formulaci\u00f3n del estudio de factibilidad de dicha iniciativa, y se insistir\u00e1 a DIPRES y Subdere, solicitando la modificaci\u00f3n de la Glosa del 5% de emergencia, para que se defina el 100% de los recursos en la regi\u00f3n y por el Gobierno Regional, entre otras iniciativas como replicar la entrega de $1.000 millones para la compra de tuber\u00edas y geomembrana a las organizaciones de regantes.<br>\u201cNo es posible que a la fecha no haya ninguna cartera de proyectos, ni claridad respecto de del uso que se dar\u00e1 a estos recursos que est\u00e1n asignados a la regi\u00f3n de Coquimbo, y que tampoco haya una gesti\u00f3n clara al respecto\u201d, a\u00f1adi\u00f3 Rondanelli.<br>El consejero enfatiz\u00f3 en que \u201cno podemos seguir esperando. La situaci\u00f3n h\u00eddrica es cada vez m\u00e1s grave para consumo humano y agr\u00edcola, por lo tanto, se hace perentorio que esto se lleve a cabo con prontitud. Como regi\u00f3n no podemos seguir esperando administrar pobreza.<\/p>\n","protected":false},"excerpt":{"rendered":"<p>Cuerpo colegiado acord\u00f3 oficiar a la jefa de la cartera, Jessica L\u00f3pez, y a la directora Nacional de la Obras Hidr\u00e1ulicas, Mar\u00eda Loreto Mery, solicitando informaci\u00f3n respecto de si existen recursos disponibles para nuestra regi\u00f3n para la conservaci\u00f3n y rehabilitaci\u00f3n de obras privadas de riego, adem\u00e1s de la conservaci\u00f3n de obras p\u00fablicas de riego y [&hellip;]<\/p>\n","protected":false},"author":1,"featured_media":8614,"comment_status":"open","ping_status":"open","sticky":false,"template":"","format":"standard","meta":{"tdm_status":"","tdm_grid_status":"","footnotes":"","_wpscppro_dont_share_socialmedia":false,"_wpscppro_custom_social_share_image":0,"_facebook_share_type":"","_twitter_share_type":"","_linkedin_share_type":"","_pinterest_share_type":"","_linkedin_share_type_page":"","_instagram_share_type":"","_medium_share_type":"","_threads_share_type":"","_google_business_share_type":"","_bluesky_share_type":"","_mastodon_share_type":"","_selected_social_profile":[],"_wpsp_enable_custom_social_template":false,"_wpsp_social_scheduling":{"enabled":false,"datetime":null,"platforms":[],"status":"template_only","dateOption":"today","timeOption":"now","customDays":"","customHours":"","customDate":"","customTime":"","schedulingType":"absolute"},"_wpsp_active_default_template":true},"categories":[1],"tags":[8,28,7],"class_list":["post-8613","post","type-post","status-publish","format-standard","has-post-thumbnail","hentry","category-uncategorized","tag-marketing","tag-site-tips","tag-wordpress"],"_links":{"self":[{"href":"https:\/\/www.semanariotiempo.cl\/index.php?rest_route=\/wp\/v2\/posts\/8613","targetHints":{"allow":["GET"]}}],"collection":[{"href":"https:\/\/www.semanariotiempo.cl\/index.php?rest_route=\/wp\/v2\/posts"}],"about":[{"href":"https:\/\/www.semanariotiempo.cl\/index.php?rest_route=\/wp\/v2\/types\/post"}],"author":[{"embeddable":true,"href":"https:\/\/www.semanariotiempo.cl\/index.php?rest_route=\/wp\/v2\/users\/1"}],"replies":[{"embeddable":true,"href":"https:\/\/www.semanariotiempo.cl\/index.php?rest_route=%2Fwp%2Fv2%2Fcomments&post=8613"}],"version-history":[{"count":0,"href":"https:\/\/www.semanariotiempo.cl\/index.php?rest_route=\/wp\/v2\/posts\/8613\/revisions"}],"wp:featuredmedia":[{"embeddable":true,"href":"https:\/\/www.semanariotiempo.cl\/index.php?rest_route=\/wp\/v2\/media\/8614"}],"wp:attachment":[{"href":"https:\/\/www.semanariotiempo.cl\/index.php?rest_route=%2Fwp%2Fv2%2Fmedia&parent=8613"}],"wp:term":[{"taxonomy":"category","embeddable":true,"href":"https:\/\/www.semanariotiempo.cl\/index.php?rest_route=%2Fwp%2Fv2%2Fcategories&post=8613"},{"taxonomy":"post_tag","embeddable":true,"href":"https:\/\/www.semanariotiempo.cl\/index.php?rest_route=%2Fwp%2Fv2%2Ftags&post=8613"}],"curies":[{"name":"wp","href":"https:\/\/api.w.org\/{rel}","templated":true}]}}