{"id":8610,"date":"2023-06-20T23:01:56","date_gmt":"2023-06-20T23:01:56","guid":{"rendered":"https:\/\/www.semanariotiempo.cl\/?p=8610"},"modified":"2023-06-20T23:01:57","modified_gmt":"2023-06-20T23:01:57","slug":"seremi-de-agricultura-constata-en-terreno-la-afectacion-en-cultivos-por-heladas","status":"publish","type":"post","link":"https:\/\/www.semanariotiempo.cl\/?p=8610","title":{"rendered":"Seremi de Agricultura constata en terreno  la afectaci\u00f3n en cultivos por heladas"},"content":{"rendered":"\n<h4 class=\"has-vivid-red-color has-text-color wp-block-heading\"><strong>Los da\u00f1os generados por los fen\u00f3menos clim\u00e1ticos de heladas afectaron principalmente cultivos de hortalizas.<\/strong><\/h4>\n\n\n\n<div class=\"wp-block-image\"><figure class=\"aligncenter size-large\"><img loading=\"lazy\" decoding=\"async\" width=\"900\" height=\"597\" src=\"https:\/\/www.semanariotiempo.cl\/wp-content\/uploads\/2023\/06\/Heladas-Peralillo.jpg\" alt=\"\" class=\"wp-image-8611\" srcset=\"https:\/\/www.semanariotiempo.cl\/wp-content\/uploads\/2023\/06\/Heladas-Peralillo.jpg 900w, https:\/\/www.semanariotiempo.cl\/wp-content\/uploads\/2023\/06\/Heladas-Peralillo-300x199.jpg 300w, https:\/\/www.semanariotiempo.cl\/wp-content\/uploads\/2023\/06\/Heladas-Peralillo-768x509.jpg 768w, https:\/\/www.semanariotiempo.cl\/wp-content\/uploads\/2023\/06\/Heladas-Peralillo-696x462.jpg 696w, https:\/\/www.semanariotiempo.cl\/wp-content\/uploads\/2023\/06\/Heladas-Peralillo-633x420.jpg 633w\" sizes=\"auto, (max-width: 900px) 100vw, 900px\" \/><\/figure><\/div>\n\n\n\n<p class=\"wp-block-paragraph\">Hasta la comuna de Vicu\u00f1a lleg\u00f3 el Seremi de Agricultura Christian \u00c1lvarez, para verificar el nivel de afectaci\u00f3n que sufrieron los cultivos agr\u00edcolas, luego de las heladas matinales, que se presentaron en distintos sectores de la regi\u00f3n, durante esta semana.<br>La visita se concentr\u00f3 principalmente en las localidades de Diaguitas y Peralillo, donde la autoridad en conjunto a profesionales de INDAP y de los equipos PADIS &#8211; PRODESAL del municipio de Vicu\u00f1a visitaron a productores que denunciaron da\u00f1os, la mayor\u00eda en plantaciones de hortalizas (zapallos italianos y lechugas) al aire libre.<br>Es el caso del agricultor y usuario de Instituto de Desarrollo Agropecuario (INDAP), Jorge Arias del sector de Peralillos, quien se\u00f1al\u00f3 tener una p\u00e9rdida total en su siembra de zapallo, \u201ctengo cultivos de aj\u00ed, zapallo italiano y tomate, son los cultivos que siempre hago y ahora con el tema de las heladas me revent\u00f3. Perd\u00ed el 100% del zapallo italiano, media hect\u00e1rea, reci\u00e9n llevaba 10 d\u00edas cosechando de un total de 4 meses. Tengo un seguro por los zapallos, ya se inform\u00f3 por el da\u00f1o de las heladas y estamos a la espera de que vengan a verificar y ver que soluci\u00f3n me dan\u201d.<br>Desde este mismo lugar y luego de constatar los tipos de afectaci\u00f3n, la autoridad de la cartera agr\u00edcola, Christian \u00c1lvarez, insisti\u00f3 en el llamado a los productores agr\u00edcolas de la regi\u00f3n a resguardar su capital de trabajo contratando un seguro agr\u00edcola con subsidio estatal, \u201chemos revisado la situaci\u00f3n que est\u00e1n viviendo estos productores a causa de las heladas, que seg\u00fan los casos tienen distintos niveles de afectaci\u00f3n, sin embargo es importante destacar que los productores que visitamos cuentan con su seguro agr\u00edcola, lo que les ha permitido hacer la denuncia correspondiente con el fin de que la aseguradora pueda responder ante las p\u00e9rdidas ocasionadas por este fen\u00f3meno clim\u00e1tico, cuya ocurrencia es com\u00fan en los meses de junio, julio y agosto, incluso en el mes de septiembre\u201d.<br>\u00c1lvarez, adem\u00e1s se\u00f1al\u00f3 que, \u201choy el instrumento que existe para apoyar a nuestros productores es el seguro agr\u00edcola, al que pueden acceder contactando directamente a Agroseguros o tambi\u00e9n en el caso de que sean usuarios de INDAP, en las agencias de \u00e1rea que est\u00e1n ubicadas en La Serena, Ovalle, Combarbal\u00e1 e Illapel. Es muy importante que puedan contratar su seguro y proteger su inversi\u00f3n\u201d.<br>Si bien desde el primer d\u00eda de heladas, los equipos de INDAP est\u00e1n desplegados por el territorio y en contacto directo con los agricultores afectados, durante el d\u00eda lunes y martes de la semana entrante, el Seremi de Agricultura, se trasladar\u00e1 hasta las provincias de Limar\u00ed y Choapa, para reunirse con ellos y velar por una pronta respuesta de las aseguradoras.<\/p>\n","protected":false},"excerpt":{"rendered":"<p>Los da\u00f1os generados por los fen\u00f3menos clim\u00e1ticos de heladas afectaron principalmente cultivos de hortalizas. Hasta la comuna de Vicu\u00f1a lleg\u00f3 el Seremi de Agricultura Christian \u00c1lvarez, para verificar el nivel de afectaci\u00f3n que sufrieron los cultivos agr\u00edcolas, luego de las heladas matinales, que se presentaron en distintos sectores de la regi\u00f3n, durante esta semana.La visita [&hellip;]<\/p>\n","protected":false},"author":1,"featured_media":8611,"comment_status":"open","ping_status":"open","sticky":false,"template":"","format":"standard","meta":{"tdm_status":"","tdm_grid_status":"","footnotes":"","_wpscppro_dont_share_socialmedia":false,"_wpscppro_custom_social_share_image":0,"_facebook_share_type":"","_twitter_share_type":"","_linkedin_share_type":"","_pinterest_share_type":"","_linkedin_share_type_page":"","_instagram_share_type":"","_medium_share_type":"","_threads_share_type":"","_google_business_share_type":"","_bluesky_share_type":"","_mastodon_share_type":"","_selected_social_profile":[],"_wpsp_enable_custom_social_template":false,"_wpsp_social_scheduling":{"enabled":false,"datetime":null,"platforms":[],"status":"template_only","dateOption":"today","timeOption":"now","customDays":"","customHours":"","customDate":"","customTime":"","schedulingType":"absolute"},"_wpsp_active_default_template":true},"categories":[1],"tags":[8,28,7],"class_list":["post-8610","post","type-post","status-publish","format-standard","has-post-thumbnail","hentry","category-uncategorized","tag-marketing","tag-site-tips","tag-wordpress"],"_links":{"self":[{"href":"https:\/\/www.semanariotiempo.cl\/index.php?rest_route=\/wp\/v2\/posts\/8610","targetHints":{"allow":["GET"]}}],"collection":[{"href":"https:\/\/www.semanariotiempo.cl\/index.php?rest_route=\/wp\/v2\/posts"}],"about":[{"href":"https:\/\/www.semanariotiempo.cl\/index.php?rest_route=\/wp\/v2\/types\/post"}],"author":[{"embeddable":true,"href":"https:\/\/www.semanariotiempo.cl\/index.php?rest_route=\/wp\/v2\/users\/1"}],"replies":[{"embeddable":true,"href":"https:\/\/www.semanariotiempo.cl\/index.php?rest_route=%2Fwp%2Fv2%2Fcomments&post=8610"}],"version-history":[{"count":0,"href":"https:\/\/www.semanariotiempo.cl\/index.php?rest_route=\/wp\/v2\/posts\/8610\/revisions"}],"wp:featuredmedia":[{"embeddable":true,"href":"https:\/\/www.semanariotiempo.cl\/index.php?rest_route=\/wp\/v2\/media\/8611"}],"wp:attachment":[{"href":"https:\/\/www.semanariotiempo.cl\/index.php?rest_route=%2Fwp%2Fv2%2Fmedia&parent=8610"}],"wp:term":[{"taxonomy":"category","embeddable":true,"href":"https:\/\/www.semanariotiempo.cl\/index.php?rest_route=%2Fwp%2Fv2%2Fcategories&post=8610"},{"taxonomy":"post_tag","embeddable":true,"href":"https:\/\/www.semanariotiempo.cl\/index.php?rest_route=%2Fwp%2Fv2%2Ftags&post=8610"}],"curies":[{"name":"wp","href":"https:\/\/api.w.org\/{rel}","templated":true}]}}