{"id":8607,"date":"2023-06-20T22:59:45","date_gmt":"2023-06-20T22:59:45","guid":{"rendered":"https:\/\/www.semanariotiempo.cl\/?p=8607"},"modified":"2023-06-20T22:59:46","modified_gmt":"2023-06-20T22:59:46","slug":"aprueban-mas-de-2-430-millones-para-tapar-hoyos-en-las-calles-y-reparar-aceras","status":"publish","type":"post","link":"https:\/\/www.semanariotiempo.cl\/?p=8607","title":{"rendered":"Aprueban m\u00e1s de $2.430 millones para  tapar hoyos en las calles y reparar aceras"},"content":{"rendered":"\n<h4 class=\"has-vivid-red-color has-text-color wp-block-heading\"><strong>La iniciativa se focalizar\u00e1 en reparaciones de emergencia en tramos de calzadas o aceras que requieran intervenciones menores o igual a 20 metros cuadrados.<\/strong><\/h4>\n\n\n\n<div class=\"wp-block-image\"><figure class=\"aligncenter size-large\"><img loading=\"lazy\" decoding=\"async\" width=\"640\" height=\"426\" src=\"https:\/\/www.semanariotiempo.cl\/wp-content\/uploads\/2023\/06\/calles_aceras_reparacion.jpg\" alt=\"\" class=\"wp-image-8608\" srcset=\"https:\/\/www.semanariotiempo.cl\/wp-content\/uploads\/2023\/06\/calles_aceras_reparacion.jpg 640w, https:\/\/www.semanariotiempo.cl\/wp-content\/uploads\/2023\/06\/calles_aceras_reparacion-300x200.jpg 300w, https:\/\/www.semanariotiempo.cl\/wp-content\/uploads\/2023\/06\/calles_aceras_reparacion-631x420.jpg 631w\" sizes=\"auto, (max-width: 640px) 100vw, 640px\" \/><\/figure><\/div>\n\n\n\n<p class=\"wp-block-paragraph\">De manera un\u00e1nime el Consejo Regional (CORE) aprob\u00f3 la solicitud de priorizaci\u00f3n que ingres\u00f3 la gobernadora, Krist Naranjo, para el \u201cPlan de Conservaci\u00f3n de Pavimentos Urbanos 2023\u201d, iniciativa que significa una inversi\u00f3n superior a los $2.430 millones del Gobierno Regional, recursos que ser\u00e1n destinados para las reparaciones de emergencia en la regi\u00f3n.<br>Sobre la importancia de contar con este programa, la gobernadora Naranjo se\u00f1al\u00f3 que \u201ceste es un compromiso importante que llevamos a cabo desde el a\u00f1o pasado tratando de formular un proyecto para cubrir estos baches que est\u00e1n en los sectores urbanos de nuestra regi\u00f3n y hoy lo pudimos lograr, en un trabajo que hicimos de forma mancomunada con los equipos de los distintos municipios de nuestra regi\u00f3n\u201d, destac\u00f3 la m\u00e1xima autoridad regional.<br>Seg\u00fan la propuesta aprobada en sesi\u00f3n ordinaria, la iniciativa se focalizar\u00e1 en reparaciones de emergencia en tramos de calzadas o aceras que requieran intervenciones menores o igual a 20 metros cuadrados. Se entender\u00e1 por iniciativas de conservaci\u00f3n a todas aquellas acciones dirigidas a mantener o restituir la capacidad operativa de un servicio o infraestructura existente.<br>Para el consejero regional, Wladimir Pleticosic, presidente de la comisi\u00f3n de Ordenamiento Territorial, Planificaci\u00f3n e Infraestructura, \u201cla idea es poder generar distintos convenios con cada una de las municipalidades, hacer un traspaso de estos fondos a partir de distintas iniciativas que fueron levantadas por los propios municipios y la idea es que en este a\u00f1o 2023 ya podamos tener la soluci\u00f3n definitiva a estos problemas\u201d.<\/p>\n\n\n\n<p class=\"wp-block-paragraph\"><strong>Recursos por provincia<\/strong><br>En detalle, para la provincia de Elqui se desinar\u00e1n $941 millones (39%), para la provincia del Limar\u00ed $742.025 millones (30%) y para la provincia del Choapa $747.216 millones (31%).<br>A modo de ejemplo, en la comuna de Coquimbo se destinar\u00e1n m\u00e1s de $299 millones para 67 eventos de reparaci\u00f3n, abarcando un total de 1.212 metros cuadrados en calzadas de asfalto y hormig\u00f3n.<br>En la comuna de Ovalle, se asignar\u00e1n m\u00e1s de $200 millones para 138 eventos de reparaci\u00f3n, que incluir\u00e1n tanto calzadas como veredas. En total, se intervendr\u00e1n 1.616 metros cuadrados de calzada y 523 metros cuadrados de vereda.<br>En la comuna de Illapel, se invertir\u00e1n m\u00e1s de $209 millones para 103 eventos de reparaci\u00f3n, abarcando diversos elementos como calzadas de hormig\u00f3n, veredas, soleras, se\u00f1al\u00e9tica y sello. En total, se intervendr\u00e1n 755 metros cuadrados de calzada y 423 metros cuadrados de veredas.<\/p>\n","protected":false},"excerpt":{"rendered":"<p>La iniciativa se focalizar\u00e1 en reparaciones de emergencia en tramos de calzadas o aceras que requieran intervenciones menores o igual a 20 metros cuadrados. De manera un\u00e1nime el Consejo Regional (CORE) aprob\u00f3 la solicitud de priorizaci\u00f3n que ingres\u00f3 la gobernadora, Krist Naranjo, para el \u201cPlan de Conservaci\u00f3n de Pavimentos Urbanos 2023\u201d, iniciativa que significa una [&hellip;]<\/p>\n","protected":false},"author":1,"featured_media":8608,"comment_status":"open","ping_status":"open","sticky":false,"template":"","format":"standard","meta":{"tdm_status":"","tdm_grid_status":"","footnotes":"","_wpscppro_dont_share_socialmedia":false,"_wpscppro_custom_social_share_image":0,"_facebook_share_type":"","_twitter_share_type":"","_linkedin_share_type":"","_pinterest_share_type":"","_linkedin_share_type_page":"","_instagram_share_type":"","_medium_share_type":"","_threads_share_type":"","_google_business_share_type":"","_bluesky_share_type":"","_mastodon_share_type":"","_selected_social_profile":[],"_wpsp_enable_custom_social_template":false,"_wpsp_social_scheduling":{"enabled":false,"datetime":null,"platforms":[],"status":"template_only","dateOption":"today","timeOption":"now","customDays":"","customHours":"","customDate":"","customTime":"","schedulingType":"absolute"},"_wpsp_active_default_template":true},"categories":[1],"tags":[8,28],"class_list":["post-8607","post","type-post","status-publish","format-standard","has-post-thumbnail","hentry","category-uncategorized","tag-marketing","tag-site-tips"],"_links":{"self":[{"href":"https:\/\/www.semanariotiempo.cl\/index.php?rest_route=\/wp\/v2\/posts\/8607","targetHints":{"allow":["GET"]}}],"collection":[{"href":"https:\/\/www.semanariotiempo.cl\/index.php?rest_route=\/wp\/v2\/posts"}],"about":[{"href":"https:\/\/www.semanariotiempo.cl\/index.php?rest_route=\/wp\/v2\/types\/post"}],"author":[{"embeddable":true,"href":"https:\/\/www.semanariotiempo.cl\/index.php?rest_route=\/wp\/v2\/users\/1"}],"replies":[{"embeddable":true,"href":"https:\/\/www.semanariotiempo.cl\/index.php?rest_route=%2Fwp%2Fv2%2Fcomments&post=8607"}],"version-history":[{"count":0,"href":"https:\/\/www.semanariotiempo.cl\/index.php?rest_route=\/wp\/v2\/posts\/8607\/revisions"}],"wp:featuredmedia":[{"embeddable":true,"href":"https:\/\/www.semanariotiempo.cl\/index.php?rest_route=\/wp\/v2\/media\/8608"}],"wp:attachment":[{"href":"https:\/\/www.semanariotiempo.cl\/index.php?rest_route=%2Fwp%2Fv2%2Fmedia&parent=8607"}],"wp:term":[{"taxonomy":"category","embeddable":true,"href":"https:\/\/www.semanariotiempo.cl\/index.php?rest_route=%2Fwp%2Fv2%2Fcategories&post=8607"},{"taxonomy":"post_tag","embeddable":true,"href":"https:\/\/www.semanariotiempo.cl\/index.php?rest_route=%2Fwp%2Fv2%2Ftags&post=8607"}],"curies":[{"name":"wp","href":"https:\/\/api.w.org\/{rel}","templated":true}]}}