{"id":8604,"date":"2023-06-20T22:57:19","date_gmt":"2023-06-20T22:57:19","guid":{"rendered":"https:\/\/www.semanariotiempo.cl\/?p=8604"},"modified":"2023-06-20T22:57:20","modified_gmt":"2023-06-20T22:57:20","slug":"el-primer-bus-electrico-de-la-region-transportara-gratis-a-366-estudiantes-de-la-higuera","status":"publish","type":"post","link":"https:\/\/www.semanariotiempo.cl\/?p=8604","title":{"rendered":"El primer bus el\u00e9ctrico de la regi\u00f3n transportar\u00e1 gratis a 366 estudiantes de La Higuera"},"content":{"rendered":"\n<h4 class=\"has-vivid-red-color has-text-color wp-block-heading\"><strong>El veh\u00edculo tiene una capacidad de 42 personas, un tiempo de hasta dos horas para recargarse, costos m\u00e1s bajos de operaci\u00f3n y mantenci\u00f3n que un bus tradicional, casi nula emisi\u00f3n de contaminantes, entre otras. Para hacer frente a posibles cortes de energ\u00eda el\u00e9ctrica que afectan a esa comuna, se ha previsto un generador el\u00e9ctrico proporcionado por CGE y la instalaci\u00f3n de una estaci\u00f3n de carga y un cargador port\u00e1til Blink.<\/strong><\/h4>\n\n\n\n<div class=\"wp-block-image\"><figure class=\"aligncenter size-large\"><img loading=\"lazy\" decoding=\"async\" width=\"820\" height=\"461\" src=\"https:\/\/www.semanariotiempo.cl\/wp-content\/uploads\/2023\/06\/bus_electrico.jpg\" alt=\"\" class=\"wp-image-8605\" srcset=\"https:\/\/www.semanariotiempo.cl\/wp-content\/uploads\/2023\/06\/bus_electrico.jpg 820w, https:\/\/www.semanariotiempo.cl\/wp-content\/uploads\/2023\/06\/bus_electrico-300x169.jpg 300w, https:\/\/www.semanariotiempo.cl\/wp-content\/uploads\/2023\/06\/bus_electrico-768x432.jpg 768w, https:\/\/www.semanariotiempo.cl\/wp-content\/uploads\/2023\/06\/bus_electrico-696x391.jpg 696w, https:\/\/www.semanariotiempo.cl\/wp-content\/uploads\/2023\/06\/bus_electrico-747x420.jpg 747w\" sizes=\"auto, (max-width: 820px) 100vw, 820px\" \/><\/figure><\/div>\n\n\n\n<p class=\"wp-block-paragraph\">Luego de algunas consideraciones, el Consejo Regional aprob\u00f3 la solicitud de la gobernadora, Krist Naranjo, para implementar el primer bus el\u00e9ctrico que recorrer\u00e1 la regi\u00f3n de Coquimbo. Y la comuna beneficiada ser\u00e1 La Higuera, pues la maquinar\u00eda -que posee una autonom\u00eda de 250 kil\u00f3metros- trasportar\u00e1 complemente gratis a 366 estudiantes de ese territorio.<br>La iniciativa se encontraba en un paquete de inversi\u00f3n que requer\u00eda del acuerdo GORE-CORE para realizar las modificaciones presupuestarias necesarias, e incluirla en la ejecuci\u00f3n del Fondo Nacional de Desarrollo Regional (FNDR). Al interior de la Comisi\u00f3n de Presupuestos, Inversi\u00f3n y Control de Gesti\u00f3n se dilucidaron aspectos como las caracter\u00edsticas del veh\u00edculo, su autonom\u00eda, los costos de operaci\u00f3n y mantenci\u00f3n, adem\u00e1s de su recarga el\u00e9ctrica, esta \u00faltima consideraci\u00f3n relevante debido a los reiterados robos de cables en esa comuna, provocando prolongados cortes de luz.<br>El monto para adquirir el bus el\u00e9ctrico supera los $538 millones. Entre las caracter\u00edsticas del veh\u00edculo est\u00e1 una capacidad de 42 personas, un tiempo de recarga de entre 1 y 2 horas, costos m\u00e1s bajos de que un bus tradicional, casi nula emisi\u00f3n de contaminantes, entre otras. Para hacer frente a posibles cortes de energ\u00eda el\u00e9ctrica, se ha previsto un generador el\u00e9ctrico proporcionado por CGE y la instalaci\u00f3n de una estaci\u00f3n de carga y un cargador port\u00e1til Blink.<br>El alcalde de La Higuera, Yerko Galleguillos, mencion\u00f3 que \u201ceste es el primer bus el\u00e9ctrico a un municipio en la regi\u00f3n, lo que traer\u00e1 beneficios porque todos los d\u00edas trasladamos a estudiantes a La Serena y Coquimbo a cursar su ense\u00f1anza media y t\u00e9cnico-profesional, principalmente, y tambi\u00e9n se facilita para actividades propias para el desarrollo organizacional de nuestra comuna\u201d.<br>La gobernadora Naranjo dijo que estas iniciativas van en la l\u00ednea de la sustentabilidad: \u201cnos estamos poniendo a tono y veh\u00edculos el\u00e9ctricos es lo que se viene, hoy el petr\u00f3leo y la bencina est\u00e1n car\u00edsimos por la inflaci\u00f3n y la crisis mundial. Por lo tanto, estamos contentos de aprobar este primer bus el\u00e9ctrico para La Higuera\u201d.<br>El consejero regional, Javier Vega, presidente de la mencionada comisi\u00f3n, indic\u00f3 que \u201ces un proyecto nuevo, piloto, pero que parte el 2019, que se fue transformando al 2023 en una iniciativa limpia, de energ\u00eda verde y que requer\u00eda tener toda la informaci\u00f3n correspondiente para poder finalmente aprobarse\u201d.<br>En la \u00faltima sesi\u00f3n ordinaria del Consejo Regional (CORE), se aprob\u00f3 una cartera de proyectos que ten\u00edan Aprobaci\u00f3n T\u00e9cnica (AT), por $914.092 millones. Esto es que adem\u00e1s del bus el\u00e9ctrico, se agreg\u00f3 otras dos propuestas para mejorar la atenci\u00f3n m\u00e9dica de La Serena. La primera es la Reposici\u00f3n de la Cl\u00ednica Dental M\u00f3vil para el Equipo M\u00e9dico Rural, con un costo de $158 millones que brindar\u00e1 servicios odontol\u00f3gicos a la poblaci\u00f3n rural, siendo 4.829 los beneficiarios.<br>El segundo proyecto es la adquisici\u00f3n de veh\u00edculos para el transporte del Equipo M\u00e9dico Rural, inversi\u00f3n de $217 millones, que beneficiar\u00e1 tanto a los profesionales de la salud como a los pacientes, en total 16.353 personas.<\/p>\n","protected":false},"excerpt":{"rendered":"<p>El veh\u00edculo tiene una capacidad de 42 personas, un tiempo de hasta dos horas para recargarse, costos m\u00e1s bajos de operaci\u00f3n y mantenci\u00f3n que un bus tradicional, casi nula emisi\u00f3n de contaminantes, entre otras. Para hacer frente a posibles cortes de energ\u00eda el\u00e9ctrica que afectan a esa comuna, se ha previsto un generador el\u00e9ctrico proporcionado [&hellip;]<\/p>\n","protected":false},"author":1,"featured_media":8605,"comment_status":"open","ping_status":"open","sticky":false,"template":"","format":"standard","meta":{"tdm_status":"","tdm_grid_status":"","footnotes":"","_wpscppro_dont_share_socialmedia":false,"_wpscppro_custom_social_share_image":0,"_facebook_share_type":"","_twitter_share_type":"","_linkedin_share_type":"","_pinterest_share_type":"","_linkedin_share_type_page":"","_instagram_share_type":"","_medium_share_type":"","_threads_share_type":"","_google_business_share_type":"","_bluesky_share_type":"","_mastodon_share_type":"","_selected_social_profile":[],"_wpsp_enable_custom_social_template":false,"_wpsp_social_scheduling":{"enabled":false,"datetime":null,"platforms":[],"status":"template_only","dateOption":"today","timeOption":"now","customDays":"","customHours":"","customDate":"","customTime":"","schedulingType":"absolute"},"_wpsp_active_default_template":true},"categories":[1],"tags":[8,28],"class_list":["post-8604","post","type-post","status-publish","format-standard","has-post-thumbnail","hentry","category-uncategorized","tag-marketing","tag-site-tips"],"_links":{"self":[{"href":"https:\/\/www.semanariotiempo.cl\/index.php?rest_route=\/wp\/v2\/posts\/8604","targetHints":{"allow":["GET"]}}],"collection":[{"href":"https:\/\/www.semanariotiempo.cl\/index.php?rest_route=\/wp\/v2\/posts"}],"about":[{"href":"https:\/\/www.semanariotiempo.cl\/index.php?rest_route=\/wp\/v2\/types\/post"}],"author":[{"embeddable":true,"href":"https:\/\/www.semanariotiempo.cl\/index.php?rest_route=\/wp\/v2\/users\/1"}],"replies":[{"embeddable":true,"href":"https:\/\/www.semanariotiempo.cl\/index.php?rest_route=%2Fwp%2Fv2%2Fcomments&post=8604"}],"version-history":[{"count":0,"href":"https:\/\/www.semanariotiempo.cl\/index.php?rest_route=\/wp\/v2\/posts\/8604\/revisions"}],"wp:featuredmedia":[{"embeddable":true,"href":"https:\/\/www.semanariotiempo.cl\/index.php?rest_route=\/wp\/v2\/media\/8605"}],"wp:attachment":[{"href":"https:\/\/www.semanariotiempo.cl\/index.php?rest_route=%2Fwp%2Fv2%2Fmedia&parent=8604"}],"wp:term":[{"taxonomy":"category","embeddable":true,"href":"https:\/\/www.semanariotiempo.cl\/index.php?rest_route=%2Fwp%2Fv2%2Fcategories&post=8604"},{"taxonomy":"post_tag","embeddable":true,"href":"https:\/\/www.semanariotiempo.cl\/index.php?rest_route=%2Fwp%2Fv2%2Ftags&post=8604"}],"curies":[{"name":"wp","href":"https:\/\/api.w.org\/{rel}","templated":true}]}}