{"id":8598,"date":"2023-06-19T23:10:03","date_gmt":"2023-06-19T23:10:03","guid":{"rendered":"https:\/\/www.semanariotiempo.cl\/?p=8598"},"modified":"2023-06-19T23:10:03","modified_gmt":"2023-06-19T23:10:03","slug":"consejeros-regionales-coinciden-en-concluir-obras-del-mercado-del-mar-y-se-abren-a-inyectar-nuevos-recursos","status":"publish","type":"post","link":"https:\/\/www.semanariotiempo.cl\/?p=8598","title":{"rendered":"Consejeros regionales coinciden en concluir obras del Mercado del Mar y se abren a inyectar nuevos recursos"},"content":{"rendered":"\n<div class=\"wp-block-image\"><figure class=\"aligncenter size-large\"><img loading=\"lazy\" decoding=\"async\" width=\"1024\" height=\"667\" src=\"https:\/\/www.semanariotiempo.cl\/wp-content\/uploads\/2023\/06\/mercado-del-mar-01-1024x667.jpg\" alt=\"\" class=\"wp-image-8599\" srcset=\"https:\/\/www.semanariotiempo.cl\/wp-content\/uploads\/2023\/06\/mercado-del-mar-01-1024x667.jpg 1024w, https:\/\/www.semanariotiempo.cl\/wp-content\/uploads\/2023\/06\/mercado-del-mar-01-300x196.jpg 300w, https:\/\/www.semanariotiempo.cl\/wp-content\/uploads\/2023\/06\/mercado-del-mar-01-768x500.jpg 768w, https:\/\/www.semanariotiempo.cl\/wp-content\/uploads\/2023\/06\/mercado-del-mar-01-696x454.jpg 696w, https:\/\/www.semanariotiempo.cl\/wp-content\/uploads\/2023\/06\/mercado-del-mar-01-1068x696.jpg 1068w, https:\/\/www.semanariotiempo.cl\/wp-content\/uploads\/2023\/06\/mercado-del-mar-01-645x420.jpg 645w, https:\/\/www.semanariotiempo.cl\/wp-content\/uploads\/2023\/06\/mercado-del-mar-01.jpg 1200w\" sizes=\"auto, (max-width: 1024px) 100vw, 1024px\" \/><\/figure><\/div>\n\n\n\n<p class=\"wp-block-paragraph\">Los consejeros regionales se abrieron a inyectar nuevos recursos para financiar la abandonada construcci\u00f3n del Mercado del Mar en Coquimbo. Coinciden en que finalizar las obras del emblem\u00e1tico recinto no solo mejorar\u00e1 la imagen de la comuna, sino las condiciones laborales de los locatarios de restaurantes y venta de pescados y mariscos cercanos a la caleta de la ciudad puerto.<br>Ello, despu\u00e9s que la Municipalidad de Coquimbo ingresara Consulta de Pertinencia (CP) al Servicio de Evaluaci\u00f3n Ambiental (SEA) para reactivar el proyecto que considera una inversi\u00f3n de US$9,9 millones, a trav\u00e9s de un edificio, de tres pisos, con una superficie de 5.716 metros cuadrados.<br>Para el consejero Francisco Mart\u00ednez, integrante de la Comisi\u00f3n de Ordenamiento Territorial, Planificaci\u00f3n e Infraestructura del Consejo Regional (CORE), actualmente el espacio est\u00e1 convertido en un microbasural. \u201cS\u00ed o s\u00ed hay que concluirla. Es una obra abandonada que se ve desde todos los sectores de la ciudad. Sabemos que los valores en la actualidad son altos, pero no se puede dejar votada, menos si ese sector colinda con la playa\u201d, dijo.<br>\u201cSi tenemos que suplementar para que se termine, lo vamos a hacer\u201d, agreg\u00f3. De acuerdo a Mart\u00ednez, el alcalde de Coquimbo, Al\u00ed Manouchehri, tiene incluso la idea de apalancar recursos no solo del Gobierno Regional, sino de alg\u00fan ministerio, debido a los \u201ccostos alt\u00edsimos\u201d.<br>Tatiana Castillo, presidenta de la Comisi\u00f3n de Fomento Productivo, dijo que el alcalde Manouchehri se comprometi\u00f3 a ingresar este a\u00f1o el proyecto a su reevaluaci\u00f3n, para despu\u00e9s ser revisado por el Gobierno Regional. \u201cEsperamos que esto se realice pronto, porque es la cara visible de la regi\u00f3n, especialmente por el inter\u00e9s de los turistas de la gastronom\u00eda marina de Coquimbo\u201d, a\u00f1adi\u00f3.<\/p>\n\n\n\n<p class=\"wp-block-paragraph\"><strong>Antecedentes Adicionales<\/strong><br>El Mercado del Mar busca agrupar y ordenar a los diversos locatarios de cociner\u00edas y puestos de ventas de mariscos que actualmente se encuentran establecidos en el sector de la Costanera de la ciudad puerto. La tambi\u00e9n conocida \u201cRecova Marina\u201d tiene concesi\u00f3n mar\u00edtima desde febrero del 2015, sin embargo, su construcci\u00f3n se detuvo por insolvencia de la empresa que se adjudic\u00f3 la iniciativa en un primer momento.<br>El proyecto est\u00e1 dise\u00f1ado para contar con 110 locales de venta. De esta cobertura, 84 corresponden a locales o puestos de ventas de mariscos y pescados frescos dispuestos en el primer nivel, y los restantes 26 corresponden a cociner\u00edas o restoranes dispuestos -de preferencia- en el segundo nivel. Adem\u00e1s, se prev\u00e9 la construcci\u00f3n de un muelle peatonal, con una superficie de 906,35 m2, en base a pilotes de hormig\u00f3n, vigas met\u00e1licas y pavimento.<br>Durante esta semana, el alcalde Manouchehri sostuvo una reuni\u00f3n con la gobernadora Krist Naranjo, donde se precis\u00f3 que s\u00f3lo falta la obtenci\u00f3n del permiso de edificaci\u00f3n de la Direcci\u00f3n de Obras Municipales (DOM) para solicitar al GORE la reevaluaci\u00f3n de la iniciativa ante el Ministerio de Desarrollo Social, tr\u00e1mite que espera pueda efectuarse a fines del 2023.<br>Seg\u00fan se convers\u00f3, el informe de Mitigaci\u00f3n de Impacto Vial (IMIV) exigido por la Actualizaci\u00f3n de la Ordenanza General de Urbanismo y Construcciones, se encuentra terminado. Adem\u00e1s, el presupuesto definitivo del proyecto podr\u00eda variar, al incluir las obras de mitigaci\u00f3n necesarias de ejecutar del IMIV, el cual se espera concluir a m\u00e1s tardar a fines del presente mes.<\/p>\n","protected":false},"excerpt":{"rendered":"<p>Los consejeros regionales se abrieron a inyectar nuevos recursos para financiar la abandonada construcci\u00f3n del Mercado del Mar en Coquimbo. Coinciden en que finalizar las obras del emblem\u00e1tico recinto no solo mejorar\u00e1 la imagen de la comuna, sino las condiciones laborales de los locatarios de restaurantes y venta de pescados y mariscos cercanos a la [&hellip;]<\/p>\n","protected":false},"author":1,"featured_media":8599,"comment_status":"open","ping_status":"open","sticky":false,"template":"","format":"standard","meta":{"tdm_status":"","tdm_grid_status":"","footnotes":"","_wpscppro_dont_share_socialmedia":false,"_wpscppro_custom_social_share_image":0,"_facebook_share_type":"","_twitter_share_type":"","_linkedin_share_type":"","_pinterest_share_type":"","_linkedin_share_type_page":"","_instagram_share_type":"","_medium_share_type":"","_threads_share_type":"","_google_business_share_type":"","_bluesky_share_type":"","_mastodon_share_type":"","_selected_social_profile":[],"_wpsp_enable_custom_social_template":false,"_wpsp_social_scheduling":{"enabled":false,"datetime":null,"platforms":[],"status":"template_only","dateOption":"today","timeOption":"now","customDays":"","customHours":"","customDate":"","customTime":"","schedulingType":"absolute"},"_wpsp_active_default_template":true},"categories":[1],"tags":[8,28,5],"class_list":["post-8598","post","type-post","status-publish","format-standard","has-post-thumbnail","hentry","category-uncategorized","tag-marketing","tag-site-tips","tag-website"],"_links":{"self":[{"href":"https:\/\/www.semanariotiempo.cl\/index.php?rest_route=\/wp\/v2\/posts\/8598","targetHints":{"allow":["GET"]}}],"collection":[{"href":"https:\/\/www.semanariotiempo.cl\/index.php?rest_route=\/wp\/v2\/posts"}],"about":[{"href":"https:\/\/www.semanariotiempo.cl\/index.php?rest_route=\/wp\/v2\/types\/post"}],"author":[{"embeddable":true,"href":"https:\/\/www.semanariotiempo.cl\/index.php?rest_route=\/wp\/v2\/users\/1"}],"replies":[{"embeddable":true,"href":"https:\/\/www.semanariotiempo.cl\/index.php?rest_route=%2Fwp%2Fv2%2Fcomments&post=8598"}],"version-history":[{"count":0,"href":"https:\/\/www.semanariotiempo.cl\/index.php?rest_route=\/wp\/v2\/posts\/8598\/revisions"}],"wp:featuredmedia":[{"embeddable":true,"href":"https:\/\/www.semanariotiempo.cl\/index.php?rest_route=\/wp\/v2\/media\/8599"}],"wp:attachment":[{"href":"https:\/\/www.semanariotiempo.cl\/index.php?rest_route=%2Fwp%2Fv2%2Fmedia&parent=8598"}],"wp:term":[{"taxonomy":"category","embeddable":true,"href":"https:\/\/www.semanariotiempo.cl\/index.php?rest_route=%2Fwp%2Fv2%2Fcategories&post=8598"},{"taxonomy":"post_tag","embeddable":true,"href":"https:\/\/www.semanariotiempo.cl\/index.php?rest_route=%2Fwp%2Fv2%2Ftags&post=8598"}],"curies":[{"name":"wp","href":"https:\/\/api.w.org\/{rel}","templated":true}]}}