{"id":8585,"date":"2023-06-19T22:52:15","date_gmt":"2023-06-19T22:52:15","guid":{"rendered":"https:\/\/www.semanariotiempo.cl\/?p=8585"},"modified":"2023-06-19T22:52:15","modified_gmt":"2023-06-19T22:52:15","slug":"acuerdan-gestion-colectiva-para-lograr-declaratoria-de-nuevo-humedal-urbano-en-quebrada-de-penuelas","status":"publish","type":"post","link":"https:\/\/www.semanariotiempo.cl\/?p=8585","title":{"rendered":"Acuerdan gesti\u00f3n colectiva para lograr declaratoria de nuevo humedal urbano en Quebrada de Pe\u00f1uelas"},"content":{"rendered":"\n<div class=\"wp-block-image\"><figure class=\"aligncenter size-large\"><img loading=\"lazy\" decoding=\"async\" width=\"1024\" height=\"768\" src=\"https:\/\/www.semanariotiempo.cl\/wp-content\/uploads\/2023\/06\/humedal-pe\u00f1uelas-01-1024x768.jpg\" alt=\"\" class=\"wp-image-8586\" srcset=\"https:\/\/www.semanariotiempo.cl\/wp-content\/uploads\/2023\/06\/humedal-pe\u00f1uelas-01-1024x768.jpg 1024w, https:\/\/www.semanariotiempo.cl\/wp-content\/uploads\/2023\/06\/humedal-pe\u00f1uelas-01-300x225.jpg 300w, https:\/\/www.semanariotiempo.cl\/wp-content\/uploads\/2023\/06\/humedal-pe\u00f1uelas-01-768x576.jpg 768w, https:\/\/www.semanariotiempo.cl\/wp-content\/uploads\/2023\/06\/humedal-pe\u00f1uelas-01-80x60.jpg 80w, https:\/\/www.semanariotiempo.cl\/wp-content\/uploads\/2023\/06\/humedal-pe\u00f1uelas-01-265x198.jpg 265w, https:\/\/www.semanariotiempo.cl\/wp-content\/uploads\/2023\/06\/humedal-pe\u00f1uelas-01-696x522.jpg 696w, https:\/\/www.semanariotiempo.cl\/wp-content\/uploads\/2023\/06\/humedal-pe\u00f1uelas-01-1068x801.jpg 1068w, https:\/\/www.semanariotiempo.cl\/wp-content\/uploads\/2023\/06\/humedal-pe\u00f1uelas-01-560x420.jpg 560w, https:\/\/www.semanariotiempo.cl\/wp-content\/uploads\/2023\/06\/humedal-pe\u00f1uelas-01.jpg 1200w\" sizes=\"auto, (max-width: 1024px) 100vw, 1024px\" \/><\/figure><\/div>\n\n\n\n<p class=\"wp-block-paragraph\">Con la finalidad de trabajar en forma conjunta en una futura declaratoria como Humedal Urbano al humedal de Pe\u00f1uelas, se realiz\u00f3 la primera reuni\u00f3n de coordinaci\u00f3n entre autoridades regionales y locales, funcionarios de la Municipalidad de Coquimbo y de La Serena, profesores del Colegio Mar\u00eda de Andacollo y habitantes del sector. La instancia fue convocada por la Red de Guardianes de la Quebrada de Pe\u00f1uelas y permiti\u00f3 establecer acuerdos para avanzar en la declaratoria por parte de la SEREMI del Medio Ambiente de la regi\u00f3n de Coquimbo.<br>La actividad se realiz\u00f3 en el Parque Urbano de Tierras Blancas y cont\u00f3 con la participaci\u00f3n del Seremi de Bienes Nacionales Marcelo Salazar, el Seremi del Medio Ambiente Leonardo Gros, la concejala de La Serena Daniela Molina, los concejales de Coquimbo Ignacio Plaza y Guido Hern\u00e1ndez y organizaciones sociales del territorio y representantes de las diputadas Nathalie Castillo y Carolina Tello.<br>La jornada comenz\u00f3 con la exposici\u00f3n de Ana Flores integrante de la Red de Guardianes de Pe\u00f1uelas, quien entreg\u00f3 cifras sobre la superficie, suelo y sectorizaci\u00f3n de zonas, informando sobre las diversas problem\u00e1ticas ambientales que afectan al ecosistema. Luego, Julio Maureira profesor del colegio Mar\u00eda de Andacollo dio a conocer las investigaciones que ha realizado con alumnos, destacando que el sitio poseer\u00eda un 70% de flora end\u00e9mica, lo cual fue validado en un trabajo cient\u00edfico \u201ccomparaci\u00f3n de la flora silvestre de la quebrada de pe\u00f1uelas entre los a\u00f1os 2017 y 2019\u201d que obtuvo un reconocimiento nacional e internacional.<br>Para Raisa Mendieta vocera de la Red Guardianes de Pe\u00f1uelas las principales problem\u00e1ticas que afectan al ecosistema del sector son los residuos y la falta de articulaci\u00f3n entre organismos del Estado. \u201cUna de las principales amenazas que hemos detectado es la escasa planificaci\u00f3n urbana que no considera la quebrada como una zona de riesgo donde hay flora y fauna nativa. Adem\u00e1s de la falta de educaci\u00f3n ambiental para promover una cultura que sea amigable con el medio ambiente. Tambi\u00e9n hay microbasurales\u201d, concluy\u00f3.<\/p>\n\n\n\n<p class=\"wp-block-paragraph\"><strong>Declaraci\u00f3n de oficio con apoyo municipal<\/strong><br>Seg\u00fan el art\u00edculo 13 del reglamento de la Ley de Humedales Urbanos, \u201cel Ministerio del Medio Ambiente, iniciar\u00e1 el procedimiento de declaraci\u00f3n de oficio de uno o m\u00e1s humedales urbanos, mediante una resoluci\u00f3n que identifique dichos humedales\u2026\u201d<br>Al respecto, el Seremi del Medio Ambiente Leonardo Gros afirm\u00f3 que \u201chemos hecho un compromiso en conjunto con los municipios de La Serena y Coquimbo, ministerio y vecinos para avanzar en la declaratoria de este humedal como un humedal urbano, situaci\u00f3n que nos abocaremos durante los pr\u00f3ximos meses.\u201d<br>Por su parte, Claudia Galli jefa del Departamento de Protecci\u00f3n al Patrimonio de la Municipalidad de La Serena, indic\u00f3 que \u201cvamos a solicitar m\u00e1s presencia de los inspectores y de la Direcci\u00f3n de Servicio Comunitario (DISERCO). Tambi\u00e9n estaremos pendientes de los proyectos que se quieran implementar en las cercan\u00edas del humedal, para ver si corresponde o no la evaluaci\u00f3n ambiental y finalmente, enviaremos una carta de apoyo a la SEREMI del Medio Ambiente para que declare de oficio este primer humedal intercomunal\u201d.<br>Asimismo, Crist\u00f3bal Reyes director de la Direcci\u00f3n de Desarrollo Comunitario de la Municipalidad de Coquimbo declar\u00f3 que \u201chemos venido a reiterar y ratificar nuestros compromisos respecto a situaciones del humedal de la Quebrada de Pe\u00f1uelas y comprometer una carta de apoyo para oficiar al ministerio respectivo para su declaratoria.\u201d<\/p>\n","protected":false},"excerpt":{"rendered":"<p>Con la finalidad de trabajar en forma conjunta en una futura declaratoria como Humedal Urbano al humedal de Pe\u00f1uelas, se realiz\u00f3 la primera reuni\u00f3n de coordinaci\u00f3n entre autoridades regionales y locales, funcionarios de la Municipalidad de Coquimbo y de La Serena, profesores del Colegio Mar\u00eda de Andacollo y habitantes del sector. La instancia fue convocada [&hellip;]<\/p>\n","protected":false},"author":1,"featured_media":8586,"comment_status":"open","ping_status":"open","sticky":false,"template":"","format":"standard","meta":{"tdm_status":"","tdm_grid_status":"","footnotes":"","_wpscppro_dont_share_socialmedia":false,"_wpscppro_custom_social_share_image":0,"_facebook_share_type":"","_twitter_share_type":"","_linkedin_share_type":"","_pinterest_share_type":"","_linkedin_share_type_page":"","_instagram_share_type":"","_medium_share_type":"","_threads_share_type":"","_google_business_share_type":"","_bluesky_share_type":"","_mastodon_share_type":"","_selected_social_profile":[],"_wpsp_enable_custom_social_template":false,"_wpsp_social_scheduling":{"enabled":false,"datetime":null,"platforms":[],"status":"template_only","dateOption":"today","timeOption":"now","customDays":"","customHours":"","customDate":"","customTime":"","schedulingType":"absolute"},"_wpsp_active_default_template":true},"categories":[],"tags":[16,8,28],"class_list":["post-8585","post","type-post","status-publish","format-standard","has-post-thumbnail","hentry","tag-make-money-online","tag-marketing","tag-site-tips"],"_links":{"self":[{"href":"https:\/\/www.semanariotiempo.cl\/index.php?rest_route=\/wp\/v2\/posts\/8585","targetHints":{"allow":["GET"]}}],"collection":[{"href":"https:\/\/www.semanariotiempo.cl\/index.php?rest_route=\/wp\/v2\/posts"}],"about":[{"href":"https:\/\/www.semanariotiempo.cl\/index.php?rest_route=\/wp\/v2\/types\/post"}],"author":[{"embeddable":true,"href":"https:\/\/www.semanariotiempo.cl\/index.php?rest_route=\/wp\/v2\/users\/1"}],"replies":[{"embeddable":true,"href":"https:\/\/www.semanariotiempo.cl\/index.php?rest_route=%2Fwp%2Fv2%2Fcomments&post=8585"}],"version-history":[{"count":0,"href":"https:\/\/www.semanariotiempo.cl\/index.php?rest_route=\/wp\/v2\/posts\/8585\/revisions"}],"wp:featuredmedia":[{"embeddable":true,"href":"https:\/\/www.semanariotiempo.cl\/index.php?rest_route=\/wp\/v2\/media\/8586"}],"wp:attachment":[{"href":"https:\/\/www.semanariotiempo.cl\/index.php?rest_route=%2Fwp%2Fv2%2Fmedia&parent=8585"}],"wp:term":[{"taxonomy":"category","embeddable":true,"href":"https:\/\/www.semanariotiempo.cl\/index.php?rest_route=%2Fwp%2Fv2%2Fcategories&post=8585"},{"taxonomy":"post_tag","embeddable":true,"href":"https:\/\/www.semanariotiempo.cl\/index.php?rest_route=%2Fwp%2Fv2%2Ftags&post=8585"}],"curies":[{"name":"wp","href":"https:\/\/api.w.org\/{rel}","templated":true}]}}