{"id":8582,"date":"2023-06-19T22:49:20","date_gmt":"2023-06-19T22:49:20","guid":{"rendered":"https:\/\/www.semanariotiempo.cl\/?p=8582"},"modified":"2023-06-19T22:49:21","modified_gmt":"2023-06-19T22:49:21","slug":"gestionan-acceso-a-zona-de-descanso-para-transportistas-en-sector-el-panul","status":"publish","type":"post","link":"https:\/\/www.semanariotiempo.cl\/?p=8582","title":{"rendered":"Gestionan acceso  a zona de descanso  para transportistas en sector El Panul"},"content":{"rendered":"\n<h4 class=\"has-vivid-red-color has-text-color wp-block-heading\"><strong>El acceso a un \u00e1rea de descanso en el sector El Panul de Coquimbo ser\u00e1 de gran ayuda para los transportistas que llevan carga desde el norte a la zona centro del pa\u00eds.<\/strong><\/h4>\n\n\n\n<div class=\"wp-block-image\"><figure class=\"aligncenter size-large\"><img loading=\"lazy\" decoding=\"async\" width=\"1024\" height=\"768\" src=\"https:\/\/www.semanariotiempo.cl\/wp-content\/uploads\/2023\/06\/CAMIONEROSPANUL1-1024x768.jpg\" alt=\"\" class=\"wp-image-8583\" srcset=\"https:\/\/www.semanariotiempo.cl\/wp-content\/uploads\/2023\/06\/CAMIONEROSPANUL1-1024x768.jpg 1024w, https:\/\/www.semanariotiempo.cl\/wp-content\/uploads\/2023\/06\/CAMIONEROSPANUL1-300x225.jpg 300w, https:\/\/www.semanariotiempo.cl\/wp-content\/uploads\/2023\/06\/CAMIONEROSPANUL1-768x576.jpg 768w, https:\/\/www.semanariotiempo.cl\/wp-content\/uploads\/2023\/06\/CAMIONEROSPANUL1-80x60.jpg 80w, https:\/\/www.semanariotiempo.cl\/wp-content\/uploads\/2023\/06\/CAMIONEROSPANUL1-265x198.jpg 265w, https:\/\/www.semanariotiempo.cl\/wp-content\/uploads\/2023\/06\/CAMIONEROSPANUL1-696x522.jpg 696w, https:\/\/www.semanariotiempo.cl\/wp-content\/uploads\/2023\/06\/CAMIONEROSPANUL1-1068x801.jpg 1068w, https:\/\/www.semanariotiempo.cl\/wp-content\/uploads\/2023\/06\/CAMIONEROSPANUL1-560x420.jpg 560w, https:\/\/www.semanariotiempo.cl\/wp-content\/uploads\/2023\/06\/CAMIONEROSPANUL1.jpg 1200w\" sizes=\"auto, (max-width: 1024px) 100vw, 1024px\" \/><\/figure><\/div>\n\n\n\n<p class=\"wp-block-paragraph\">La seguridad en la ruta es una de las principales preocupaciones que tiene el gremio de los camioneros en el pa\u00eds, lo que los ha llevado a movilizarse generando gran impacto en la poblaci\u00f3n.<br>As\u00ed fue expresado por la Asociaci\u00f3n Gremial de Due\u00f1os de Camiones de Coquimbo, a trav\u00e9s de su presidente Jorge Aquea, en una reuni\u00f3n que encabez\u00f3 la ministra del Interior Carolina Toh\u00e1 hace un par de semanas. La inquietud fue recogida por el Gobierno y por el senador poa la Regi\u00f3n, Daniel N\u00fa\u00f1ez, lo que se materializ\u00f3 en una reuni\u00f3n en terreno con equipos del Ministerio de Obras P\u00fablicas, la concesionaria y el inspector fiscal de la obra que modernizar\u00e1 en camino que une La Serena y Los Vilos.<br>La cita tuvo lugar en el sector El Panul de la comuna Puerto, en un terreno que fue arrendado por el propio gremio, donde han implementado los servicios b\u00e1sicos y de seguridad para poder tener una zona de descanso que les permita estacionar sin riesgo de ser asaltados.<br>El senador y el Seremi de Obras P\u00fablicas, Javier Sandoval, comprometieron el apoyo para poder construir un acceso a dicho espacio, valorando que el trabajo conjunto permita entregar mayor seguridad, tanto a los transportistas como al general de los usuarios de la Ruta 5.<br>As\u00ed lo expres\u00f3 el parlamentario, comentando que esta acci\u00f3n tiene que ver con cumplir compromisos, \u201clo cual nos parece muy importante porque es parte de los acuerdos que el Gobierno firm\u00f3 con el gremio de los camioneros para disminuir los delitos y robos que se producen en las carreteras\u201d.<br>Adem\u00e1s, N\u00fa\u00f1ez destac\u00f3 que \u201cnos parece que esta es una muy buena medida que refleja que un di\u00e1logo, un trabajo conjunto evita futuros conflictos como fue el lamentable paro que se registr\u00f3 des este gremio el a\u00f1o pasado, as\u00ed que saludamos la iniciativa y felicitar al gremio de los camioneros y al Seremi Javier Sandoval que permiten implementar esta mesa de trabajo y estas acciones que dan m\u00e1s seguridad\u201d.<br>El Seremi de Obras P\u00fablicas de la Regi\u00f3n de Coquimbo, Javier Sandoval, indic\u00f3 que \u201ccomo MOP hemos sostenido diversas reuniones con Asiducam, quienes han gestionado esa zona mediante arriendo, pudiendo obtener un espacio en el sector de El Panul. Por esta raz\u00f3n, nos reunimos tambi\u00e9n con el Senador N\u00fa\u00f1ez, para poder ver la forma en que esta zona de descanso no provoque inseguridad vial para ellos y para la comunidad, entendiendo que es un sector altamente concurrido, as\u00ed es que estamos buscando la mejor alternativa para este fin, que es resguardar la seguridad de todas las y los habitantes de regi\u00f3n de Coquimbo\u201d.<br>Jorge Aquea, en tanto, destac\u00f3 la preocupaci\u00f3n de las autoridades que acudieron a su invitaci\u00f3n a dialogar y a buscar soluciones. \u201cNosotros como pymes hemos agotado todos los recursos econ\u00f3micos para poder hacer la instalaci\u00f3n, cumplir las normas de guardias, ba\u00f1os, c\u00e1maras. Iluminaci\u00f3n, entonces ah\u00ed naci\u00f3 la idea y quiero agradecer al senador porque \u00e9l asumi\u00f3 un compromiso y por su buena gesti\u00f3n, responsabilidad de llegar a nuestra instalaci\u00f3n con el seremi de Obras P\u00fablicas Javier Sandoval\u201d, se\u00f1al\u00f3.<\/p>\n","protected":false},"excerpt":{"rendered":"<p>El acceso a un \u00e1rea de descanso en el sector El Panul de Coquimbo ser\u00e1 de gran ayuda para los transportistas que llevan carga desde el norte a la zona centro del pa\u00eds. La seguridad en la ruta es una de las principales preocupaciones que tiene el gremio de los camioneros en el pa\u00eds, lo [&hellip;]<\/p>\n","protected":false},"author":1,"featured_media":8583,"comment_status":"open","ping_status":"open","sticky":false,"template":"","format":"standard","meta":{"tdm_status":"","tdm_grid_status":"","footnotes":"","_wpscppro_dont_share_socialmedia":false,"_wpscppro_custom_social_share_image":0,"_facebook_share_type":"","_twitter_share_type":"","_linkedin_share_type":"","_pinterest_share_type":"","_linkedin_share_type_page":"","_instagram_share_type":"","_medium_share_type":"","_threads_share_type":"","_google_business_share_type":"","_bluesky_share_type":"","_mastodon_share_type":"","_selected_social_profile":[],"_wpsp_enable_custom_social_template":false,"_wpsp_social_scheduling":{"enabled":false,"datetime":null,"platforms":[],"status":"template_only","dateOption":"today","timeOption":"now","customDays":"","customHours":"","customDate":"","customTime":"","schedulingType":"absolute"},"_wpsp_active_default_template":true},"categories":[1],"tags":[8,28],"class_list":["post-8582","post","type-post","status-publish","format-standard","has-post-thumbnail","hentry","category-uncategorized","tag-marketing","tag-site-tips"],"_links":{"self":[{"href":"https:\/\/www.semanariotiempo.cl\/index.php?rest_route=\/wp\/v2\/posts\/8582","targetHints":{"allow":["GET"]}}],"collection":[{"href":"https:\/\/www.semanariotiempo.cl\/index.php?rest_route=\/wp\/v2\/posts"}],"about":[{"href":"https:\/\/www.semanariotiempo.cl\/index.php?rest_route=\/wp\/v2\/types\/post"}],"author":[{"embeddable":true,"href":"https:\/\/www.semanariotiempo.cl\/index.php?rest_route=\/wp\/v2\/users\/1"}],"replies":[{"embeddable":true,"href":"https:\/\/www.semanariotiempo.cl\/index.php?rest_route=%2Fwp%2Fv2%2Fcomments&post=8582"}],"version-history":[{"count":0,"href":"https:\/\/www.semanariotiempo.cl\/index.php?rest_route=\/wp\/v2\/posts\/8582\/revisions"}],"wp:featuredmedia":[{"embeddable":true,"href":"https:\/\/www.semanariotiempo.cl\/index.php?rest_route=\/wp\/v2\/media\/8583"}],"wp:attachment":[{"href":"https:\/\/www.semanariotiempo.cl\/index.php?rest_route=%2Fwp%2Fv2%2Fmedia&parent=8582"}],"wp:term":[{"taxonomy":"category","embeddable":true,"href":"https:\/\/www.semanariotiempo.cl\/index.php?rest_route=%2Fwp%2Fv2%2Fcategories&post=8582"},{"taxonomy":"post_tag","embeddable":true,"href":"https:\/\/www.semanariotiempo.cl\/index.php?rest_route=%2Fwp%2Fv2%2Ftags&post=8582"}],"curies":[{"name":"wp","href":"https:\/\/api.w.org\/{rel}","templated":true}]}}