{"id":8580,"date":"2023-06-19T22:47:15","date_gmt":"2023-06-19T22:47:15","guid":{"rendered":"https:\/\/www.semanariotiempo.cl\/?p=8580"},"modified":"2023-06-19T22:47:15","modified_gmt":"2023-06-19T22:47:15","slug":"empujar-el-carro","status":"publish","type":"post","link":"https:\/\/www.semanariotiempo.cl\/?p=8580","title":{"rendered":"Empujar el carro"},"content":{"rendered":"\n<p class=\"wp-block-paragraph\">D\u00f3nde est\u00e1n puestos los focos. Esa una gran pregunta en este momento. Al menos medi\u00e1ticamente a nivel nacional est\u00e1n en las peleas y tensiones que surgen de dos temas sensibles: la seguridad y la crisis sanitaria de invierno.<br>Luego pareciera que la preocupaci\u00f3n pasa por \u00e1reas como el proceso constituyente o procesos legislativos como las Isapres o la reforma tributaria.<br>Sin embargo da la sensaci\u00f3n de que no hay muchas prioridades puestas en al reactivaci\u00f3n de la econom\u00eda. Y eso no s\u00f3lo se logra con inyecci\u00f3n de incentivos directos, sino que tambi\u00e9n con la creaci\u00f3n de un ambiente propicio, un liderazgo en el discurso econ\u00f3mico que sea inspirador para que este carro se comience a mover.<br>Sin embargo, nada de eso est\u00e1 sucediendo y m\u00e1s bien se observa una econom\u00eda muy estancada y lo que es peor, con un alto grado de incertidumbre que est\u00e1 frenando las grandes inversiones. De hecho, la cantidad de ventas de propiedades, remates judiciales y quiebras deber\u00eda ser un tema de preocupaci\u00f3n real en estos d\u00edas. Ni hablar de qu\u00e9 est\u00e1 sucediendo con el pago de contribuciones y los remates por no pago de impuestos.<br>Por otra parte tengamos en cuenta que en Chile, solamente un 8,5% de la poblaci\u00f3n supera en ingresos el $1.500.000 (seg\u00fan datos ofrecidos por la \u00faltima Encuesta Suplementaria de Ingresos realizada durante 2021), por lo tanto los m\u00e1rgenes de holgura para la gran mayor\u00eda de la poblaci\u00f3n son muy escasos.<br>Y por el lado de los emprendimientos y peque\u00f1as empresas, sin duda est\u00e1n en una etapa de priorizaci\u00f3n de la rentabilidad por sobre el crecimiento, que en gran parte se enfoca en reducir sus costos para pasar la ola. Reducir las contrataciones es una salida evidente.<br>La buena noticia, es que las crisis econ\u00f3micas son c\u00edclicas y, de acuerdo con pron\u00f3sticos, ya debi\u00e9ramos estar viendo el fin de esta recesi\u00f3n durante el 2023, para empezar a revertirse en 2024.<br>Se espera con ansias se\u00f1ales para movilizar la econom\u00eda. Se espera con ansias que entre todos comencemos a empujar este cami\u00f3n que est\u00e1 detenido.<\/p>\n\n\n\n<p style=\"background-color:#fce3e1\" class=\"has-background wp-block-paragraph\"><strong>V\u00edctor H. Villagr\u00e1n<\/strong><br>Editor Semanario Tiempo<\/p>\n","protected":false},"excerpt":{"rendered":"<p>D\u00f3nde est\u00e1n puestos los focos. Esa una gran pregunta en este momento. Al menos medi\u00e1ticamente a nivel nacional est\u00e1n en las peleas y tensiones que surgen de dos temas sensibles: la seguridad y la crisis sanitaria de invierno.Luego pareciera que la preocupaci\u00f3n pasa por \u00e1reas como el proceso constituyente o procesos legislativos como las Isapres [&hellip;]<\/p>\n","protected":false},"author":1,"featured_media":0,"comment_status":"open","ping_status":"open","sticky":false,"template":"","format":"standard","meta":{"tdm_status":"","tdm_grid_status":"","footnotes":"","_wpscppro_dont_share_socialmedia":false,"_wpscppro_custom_social_share_image":0,"_facebook_share_type":"","_twitter_share_type":"","_linkedin_share_type":"","_pinterest_share_type":"","_linkedin_share_type_page":"","_instagram_share_type":"","_medium_share_type":"","_threads_share_type":"","_google_business_share_type":"","_bluesky_share_type":"","_mastodon_share_type":"","_selected_social_profile":[],"_wpsp_enable_custom_social_template":false,"_wpsp_social_scheduling":{"enabled":false,"datetime":null,"platforms":[],"status":"template_only","dateOption":"today","timeOption":"now","customDays":"","customHours":"","customDate":"","customTime":"","schedulingType":"absolute"},"_wpsp_active_default_template":true},"categories":[],"tags":[25],"class_list":["post-8580","post","type-post","status-publish","format-standard","hentry","tag-wordpress-themes"],"_links":{"self":[{"href":"https:\/\/www.semanariotiempo.cl\/index.php?rest_route=\/wp\/v2\/posts\/8580","targetHints":{"allow":["GET"]}}],"collection":[{"href":"https:\/\/www.semanariotiempo.cl\/index.php?rest_route=\/wp\/v2\/posts"}],"about":[{"href":"https:\/\/www.semanariotiempo.cl\/index.php?rest_route=\/wp\/v2\/types\/post"}],"author":[{"embeddable":true,"href":"https:\/\/www.semanariotiempo.cl\/index.php?rest_route=\/wp\/v2\/users\/1"}],"replies":[{"embeddable":true,"href":"https:\/\/www.semanariotiempo.cl\/index.php?rest_route=%2Fwp%2Fv2%2Fcomments&post=8580"}],"version-history":[{"count":0,"href":"https:\/\/www.semanariotiempo.cl\/index.php?rest_route=\/wp\/v2\/posts\/8580\/revisions"}],"wp:attachment":[{"href":"https:\/\/www.semanariotiempo.cl\/index.php?rest_route=%2Fwp%2Fv2%2Fmedia&parent=8580"}],"wp:term":[{"taxonomy":"category","embeddable":true,"href":"https:\/\/www.semanariotiempo.cl\/index.php?rest_route=%2Fwp%2Fv2%2Fcategories&post=8580"},{"taxonomy":"post_tag","embeddable":true,"href":"https:\/\/www.semanariotiempo.cl\/index.php?rest_route=%2Fwp%2Fv2%2Ftags&post=8580"}],"curies":[{"name":"wp","href":"https:\/\/api.w.org\/{rel}","templated":true}]}}