{"id":8569,"date":"2023-06-15T22:50:21","date_gmt":"2023-06-15T22:50:21","guid":{"rendered":"https:\/\/www.semanariotiempo.cl\/?p=8569"},"modified":"2023-06-15T22:50:22","modified_gmt":"2023-06-15T22:50:22","slug":"gremio-agricola-temporeros-y-direccion-del-trabajo-coordinan-acciones-para-evitar-trata-de-personas","status":"publish","type":"post","link":"https:\/\/www.semanariotiempo.cl\/?p=8569","title":{"rendered":"Gremio Agr\u00edcola, temporeros y Direcci\u00f3n del Trabajo coordinan acciones para evitar trata de personas"},"content":{"rendered":"\n<div class=\"wp-block-image\"><figure class=\"aligncenter size-large\"><img loading=\"lazy\" decoding=\"async\" width=\"1024\" height=\"602\" src=\"https:\/\/www.semanariotiempo.cl\/wp-content\/uploads\/2023\/06\/reuni\u00f3n-direcci\u00f3n-del-trabajo-1024x602.jpg\" alt=\"\" class=\"wp-image-8570\" srcset=\"https:\/\/www.semanariotiempo.cl\/wp-content\/uploads\/2023\/06\/reuni\u00f3n-direcci\u00f3n-del-trabajo-1024x602.jpg 1024w, https:\/\/www.semanariotiempo.cl\/wp-content\/uploads\/2023\/06\/reuni\u00f3n-direcci\u00f3n-del-trabajo-300x177.jpg 300w, https:\/\/www.semanariotiempo.cl\/wp-content\/uploads\/2023\/06\/reuni\u00f3n-direcci\u00f3n-del-trabajo-768x452.jpg 768w, https:\/\/www.semanariotiempo.cl\/wp-content\/uploads\/2023\/06\/reuni\u00f3n-direcci\u00f3n-del-trabajo-696x409.jpg 696w, https:\/\/www.semanariotiempo.cl\/wp-content\/uploads\/2023\/06\/reuni\u00f3n-direcci\u00f3n-del-trabajo-1068x628.jpg 1068w, https:\/\/www.semanariotiempo.cl\/wp-content\/uploads\/2023\/06\/reuni\u00f3n-direcci\u00f3n-del-trabajo-714x420.jpg 714w, https:\/\/www.semanariotiempo.cl\/wp-content\/uploads\/2023\/06\/reuni\u00f3n-direcci\u00f3n-del-trabajo.jpg 1200w\" sizes=\"auto, (max-width: 1024px) 100vw, 1024px\" \/><\/figure><\/div>\n\n\n\n<p class=\"wp-block-paragraph\">Una reuni\u00f3n entre el Director del Trabajo Mauricio Mundaca, la Presidenta de la SAN Mar\u00eda In\u00e9s Figari y la Presidenta de las temporeras de Limar\u00ed, Paola Vega, se efectu\u00f3 en La Serena para coordinar acciones de informaci\u00f3n ante la llegada de mano de obra extranjera y la falta de documentos de identidad.<br>Para la presidenta del gremio agr\u00edcola, Mar\u00eda In\u00e9s Figari, se coordinaron varias acciones, \u201cprincipalmente para poder detectar la trata de personas, disminuir la percepci\u00f3n de riesgo, que los agricultores trabajen en un entorno seguro y que se cumplan con las normativas de protecci\u00f3n para los trabajadores\u201d.<br>La idea se\u00f1alaron los participantes es poder generar un trabajo colaborativo con los contratistas donde a ellos se les entregue todo tipo de informaci\u00f3n para que los trabajadores cuenten s\u00ed o s\u00ed con su respaldo de identificaci\u00f3n, su c\u00e9dula o cualquier documento que acredite su identidad para evitar tambi\u00e9n la suplantaci\u00f3n de los documentos.<br>Figari agreg\u00f3 que \u201ctambi\u00e9n vamos a participar del Consejo Tripartito de Usuarios, donde la Sociedad Agr\u00edcola del Norte tiene mucho que aportar, porque dentro de la mano de obra de la regi\u00f3n de Coquimbo, la agricultura aporta mucho, sobre todo en las comunas m\u00e1s rurales, as\u00ed es que tenemos que ir avanzando en ver de qu\u00e9 manera se va trabajando, sobre todo con esta mano de obra que es m\u00f3vil y que muchas veces vienen con personas indocumentadas\u201d.<br>Desde el gremio agr\u00edcola se espera que se trabaje prontamente en la actualizaci\u00f3n de la ley migratoria, \u201cdonde primero se aumente el porcentaje de trabajadores extranjeros y segundo, que se pueda trabajar en lo que tiene relaci\u00f3n con aquellas personas que est\u00e1n indocumentadas, que no tienen ning\u00fan tipo de antecedente, pero que se les pueda facilitar una visa por trabajo en la agricultura\u201d.<\/p>\n","protected":false},"excerpt":{"rendered":"<p>Una reuni\u00f3n entre el Director del Trabajo Mauricio Mundaca, la Presidenta de la SAN Mar\u00eda In\u00e9s Figari y la Presidenta de las temporeras de Limar\u00ed, Paola Vega, se efectu\u00f3 en La Serena para coordinar acciones de informaci\u00f3n ante la llegada de mano de obra extranjera y la falta de documentos de identidad.Para la presidenta del [&hellip;]<\/p>\n","protected":false},"author":1,"featured_media":8570,"comment_status":"open","ping_status":"open","sticky":false,"template":"","format":"standard","meta":{"tdm_status":"","tdm_grid_status":"","footnotes":"","_wpscppro_dont_share_socialmedia":false,"_wpscppro_custom_social_share_image":0,"_facebook_share_type":"","_twitter_share_type":"","_linkedin_share_type":"","_pinterest_share_type":"","_linkedin_share_type_page":"","_instagram_share_type":"","_medium_share_type":"","_threads_share_type":"","_google_business_share_type":"","_bluesky_share_type":"","_mastodon_share_type":"","_selected_social_profile":[],"_wpsp_enable_custom_social_template":false,"_wpsp_social_scheduling":{"enabled":false,"datetime":null,"platforms":[],"status":"template_only","dateOption":"today","timeOption":"now","customDays":"","customHours":"","customDate":"","customTime":"","schedulingType":"absolute"},"_wpsp_active_default_template":true},"categories":[1],"tags":[8,7],"class_list":["post-8569","post","type-post","status-publish","format-standard","has-post-thumbnail","hentry","category-uncategorized","tag-marketing","tag-wordpress"],"_links":{"self":[{"href":"https:\/\/www.semanariotiempo.cl\/index.php?rest_route=\/wp\/v2\/posts\/8569","targetHints":{"allow":["GET"]}}],"collection":[{"href":"https:\/\/www.semanariotiempo.cl\/index.php?rest_route=\/wp\/v2\/posts"}],"about":[{"href":"https:\/\/www.semanariotiempo.cl\/index.php?rest_route=\/wp\/v2\/types\/post"}],"author":[{"embeddable":true,"href":"https:\/\/www.semanariotiempo.cl\/index.php?rest_route=\/wp\/v2\/users\/1"}],"replies":[{"embeddable":true,"href":"https:\/\/www.semanariotiempo.cl\/index.php?rest_route=%2Fwp%2Fv2%2Fcomments&post=8569"}],"version-history":[{"count":0,"href":"https:\/\/www.semanariotiempo.cl\/index.php?rest_route=\/wp\/v2\/posts\/8569\/revisions"}],"wp:featuredmedia":[{"embeddable":true,"href":"https:\/\/www.semanariotiempo.cl\/index.php?rest_route=\/wp\/v2\/media\/8570"}],"wp:attachment":[{"href":"https:\/\/www.semanariotiempo.cl\/index.php?rest_route=%2Fwp%2Fv2%2Fmedia&parent=8569"}],"wp:term":[{"taxonomy":"category","embeddable":true,"href":"https:\/\/www.semanariotiempo.cl\/index.php?rest_route=%2Fwp%2Fv2%2Fcategories&post=8569"},{"taxonomy":"post_tag","embeddable":true,"href":"https:\/\/www.semanariotiempo.cl\/index.php?rest_route=%2Fwp%2Fv2%2Ftags&post=8569"}],"curies":[{"name":"wp","href":"https:\/\/api.w.org\/{rel}","templated":true}]}}