{"id":8566,"date":"2023-06-15T22:47:51","date_gmt":"2023-06-15T22:47:51","guid":{"rendered":"https:\/\/www.semanariotiempo.cl\/?p=8566"},"modified":"2023-06-15T22:47:51","modified_gmt":"2023-06-15T22:47:51","slug":"cientificos-de-la-fruta-aterrizaran-en-la-region-para-responder-a-desafios-del-cambio-climatico-en-el-campo","status":"publish","type":"post","link":"https:\/\/www.semanariotiempo.cl\/?p=8566","title":{"rendered":"Cient\u00edficos de la fruta aterrizar\u00e1n en la  regi\u00f3n para responder a desaf\u00edos del  cambio clim\u00e1tico en el campo"},"content":{"rendered":"\n<h4 class=\"has-vivid-red-color has-text-color wp-block-heading\"><strong>Un acercamiento entre el Centro de Estudios Avanzados en Fruticultura, CEAF, y el pro-grama Fortalece Pyme Coquimbo de Corfo, permitir\u00e1 avanzar en la transformaci\u00f3n tecnol\u00f3gica de la cadena agroexportadoras de la regi\u00f3n.<\/strong><\/h4>\n\n\n\n<div class=\"wp-block-image\"><figure class=\"aligncenter size-large\"><img loading=\"lazy\" decoding=\"async\" width=\"1024\" height=\"683\" src=\"https:\/\/www.semanariotiempo.cl\/wp-content\/uploads\/2023\/06\/cultivos-en-Limari\u0301-1024x683.jpg\" alt=\"\" class=\"wp-image-8567\" srcset=\"https:\/\/www.semanariotiempo.cl\/wp-content\/uploads\/2023\/06\/cultivos-en-Limari\u0301-1024x683.jpg 1024w, https:\/\/www.semanariotiempo.cl\/wp-content\/uploads\/2023\/06\/cultivos-en-Limari\u0301-300x200.jpg 300w, https:\/\/www.semanariotiempo.cl\/wp-content\/uploads\/2023\/06\/cultivos-en-Limari\u0301-768x512.jpg 768w, https:\/\/www.semanariotiempo.cl\/wp-content\/uploads\/2023\/06\/cultivos-en-Limari\u0301-696x464.jpg 696w, https:\/\/www.semanariotiempo.cl\/wp-content\/uploads\/2023\/06\/cultivos-en-Limari\u0301-1068x712.jpg 1068w, https:\/\/www.semanariotiempo.cl\/wp-content\/uploads\/2023\/06\/cultivos-en-Limari\u0301-630x420.jpg 630w, https:\/\/www.semanariotiempo.cl\/wp-content\/uploads\/2023\/06\/cultivos-en-Limari\u0301.jpg 1200w\" sizes=\"auto, (max-width: 1024px) 100vw, 1024px\" \/><\/figure><\/div>\n\n\n\n<p class=\"wp-block-paragraph\">Una de las principales misiones del programa Fortalece Pyme Coquimbo es impulsar la transformaci\u00f3n tecnol\u00f3gica de la cadena agroexportadoras de la regi\u00f3n, es por ello que una parte importante de su trabajo sea la creaci\u00f3n de una red de apoyo que est\u00e9 compuesta por empresas e instituciones que est\u00e9n a la vanguardia en el desarrollo de soluciones para enfrentar los desaf\u00edos del sector, especialmente los originados por la escasez h\u00eddrica y el cambio clim\u00e1tico.<br>En este sentido, uno de los organismos que est\u00e1 liderando en estos temas es el Centro de Estudios Avanzados en Fruticultura, CEAF, de la Regi\u00f3n de O\u2019Higgins, cuyos cient\u00edficos, entre otras materias, se han especializado en el desarrollo de herramientas que permitan mitigar el impacto del cambio clim\u00e1tico en frutales.<br>Cristian Sotomayor, gerente del programa Fortalece Pyme Coquimbo, indic\u00f3 que \u201cel CEAF est\u00e1 apuntando al desarrollo de una fruticultura avanzada y, en este sentido, vimos que ellos est\u00e1n trabajando en distintas herramientas que nosotros estamos implementando en la regi\u00f3n, por lo que queremos generar un espacio para compartir conocimientos, experiencias, metodolog\u00edas y, de alguna manera, apoyarnos para que este proceso de transformaci\u00f3n tecnol\u00f3gica sea m\u00e1s eficiente, tenga un alto impacto y sea lo m\u00e1s r\u00e1pido posible\u201d.<br>El director regional de Corfo, Andr\u00e9s Zurita, expres\u00f3 que \u201cla Regi\u00f3n de Coquimbo posee desaf\u00edos de gran envergadura, especialmente los originados por la escasez h\u00eddrica y el cambio clim\u00e1tico, de ah\u00ed que la conformaci\u00f3n de redes y alianzas con organismos de investigaci\u00f3n avanzada es un avance y un aporte para los productores locales, ya que el hacer frente a estas dificultades es una tarea que debe ser asumida por todos los actores y con informaci\u00f3n cient\u00edfica de calidad\u201d.<\/p>\n\n\n\n<p class=\"wp-block-paragraph\"><strong>UTILIDAD<\/strong><br>El CEAF es un centro de investigaci\u00f3n, desarrollo de tecnolog\u00eda e innovaci\u00f3n que busca mitigar los efectos del clima o de la falta de agua. \u201cNuestra orientaci\u00f3n es en torno a consolidar y desarrollar herramientas sostenibles, perdurables en el tiempo, que tengan un m\u00ednimo impacto en la naturaleza y, por intermedio de esto, entregar las herramientas necesarias, las capacidades suficientes, para que la fruticultura pueda enfrentar y adecuarse al cambio clim\u00e1tico\u201d, asever\u00f3 Rodrigo Mu\u00f1oz, Coordinador de Vinculaci\u00f3n y Transferencia Tecnol\u00f3gica del CEAF.<br>El CEAF posee unidades de investigaci\u00f3n que responden a las necesidades de los productores, como son las \u00e1reas de mejoramiento gen\u00e9tico, de agronom\u00eda, fisiolog\u00eda del estr\u00e9s y de fito-patolog\u00eda. \u201cToda la investigaci\u00f3n y conocimiento que nosotros generamos desde ah\u00ed, buscamos empaquetarla y acercarla hacia el sector productivo\u201d, sostuvo el profesional.<br>Existe una gran variedad de herramientas desarrolladas por el CEAF que pueden estar disponibles para los productores locales, entre las que destacan una plataforma de simulaci\u00f3n agroclim\u00e1tica, el desarrollo de protectores solares para evitar el deterioro y deformaci\u00f3n de frutales o el servicio de identificaci\u00f3n de variedades vegetales, entre otros.<\/p>\n\n\n\n<p class=\"wp-block-paragraph\"><strong>SOBRE EL PROGRAMA<\/strong><br>Fortalece Pyme Coquimbo es una iniciativa financiada por Corfo y ejecutada por Asoex en conjunto con la Universidad Cat\u00f3lica del Norte. Este programa est\u00e1 trabajando con 171 producto-res agr\u00edcolas pertenecientes a alguna de las 3 provincias de la regi\u00f3n en materias de adopci\u00f3n de tecnolog\u00edas que permitan un uso m\u00e1s eficiente de los recursos, entre otros aspectos.<br>El \u00fanico requisito para aprovechar los beneficios de este programa es ser una peque\u00f1a o mediana empresa, es decir, que durante el \u00faltimo a\u00f1o haya registrado ventas entre 2.400 y 100.000 UF.<br>Para m\u00e1s informaci\u00f3n, es posible visitar el sitio web www.fpymecoquimbo.cl<\/p>\n","protected":false},"excerpt":{"rendered":"<p>Un acercamiento entre el Centro de Estudios Avanzados en Fruticultura, CEAF, y el pro-grama Fortalece Pyme Coquimbo de Corfo, permitir\u00e1 avanzar en la transformaci\u00f3n tecnol\u00f3gica de la cadena agroexportadoras de la regi\u00f3n. Una de las principales misiones del programa Fortalece Pyme Coquimbo es impulsar la transformaci\u00f3n tecnol\u00f3gica de la cadena agroexportadoras de la regi\u00f3n, es [&hellip;]<\/p>\n","protected":false},"author":1,"featured_media":8567,"comment_status":"open","ping_status":"open","sticky":false,"template":"","format":"standard","meta":{"tdm_status":"","tdm_grid_status":"","footnotes":"","_wpscppro_dont_share_socialmedia":false,"_wpscppro_custom_social_share_image":0,"_facebook_share_type":"","_twitter_share_type":"","_linkedin_share_type":"","_pinterest_share_type":"","_linkedin_share_type_page":"","_instagram_share_type":"","_medium_share_type":"","_threads_share_type":"","_google_business_share_type":"","_bluesky_share_type":"","_mastodon_share_type":"","_selected_social_profile":[],"_wpsp_enable_custom_social_template":false,"_wpsp_social_scheduling":{"enabled":false,"datetime":null,"platforms":[],"status":"template_only","dateOption":"today","timeOption":"now","customDays":"","customHours":"","customDate":"","customTime":"","schedulingType":"absolute"},"_wpsp_active_default_template":true},"categories":[1],"tags":[8,7],"class_list":["post-8566","post","type-post","status-publish","format-standard","has-post-thumbnail","hentry","category-uncategorized","tag-marketing","tag-wordpress"],"_links":{"self":[{"href":"https:\/\/www.semanariotiempo.cl\/index.php?rest_route=\/wp\/v2\/posts\/8566","targetHints":{"allow":["GET"]}}],"collection":[{"href":"https:\/\/www.semanariotiempo.cl\/index.php?rest_route=\/wp\/v2\/posts"}],"about":[{"href":"https:\/\/www.semanariotiempo.cl\/index.php?rest_route=\/wp\/v2\/types\/post"}],"author":[{"embeddable":true,"href":"https:\/\/www.semanariotiempo.cl\/index.php?rest_route=\/wp\/v2\/users\/1"}],"replies":[{"embeddable":true,"href":"https:\/\/www.semanariotiempo.cl\/index.php?rest_route=%2Fwp%2Fv2%2Fcomments&post=8566"}],"version-history":[{"count":0,"href":"https:\/\/www.semanariotiempo.cl\/index.php?rest_route=\/wp\/v2\/posts\/8566\/revisions"}],"wp:featuredmedia":[{"embeddable":true,"href":"https:\/\/www.semanariotiempo.cl\/index.php?rest_route=\/wp\/v2\/media\/8567"}],"wp:attachment":[{"href":"https:\/\/www.semanariotiempo.cl\/index.php?rest_route=%2Fwp%2Fv2%2Fmedia&parent=8566"}],"wp:term":[{"taxonomy":"category","embeddable":true,"href":"https:\/\/www.semanariotiempo.cl\/index.php?rest_route=%2Fwp%2Fv2%2Fcategories&post=8566"},{"taxonomy":"post_tag","embeddable":true,"href":"https:\/\/www.semanariotiempo.cl\/index.php?rest_route=%2Fwp%2Fv2%2Ftags&post=8566"}],"curies":[{"name":"wp","href":"https:\/\/api.w.org\/{rel}","templated":true}]}}