{"id":8506,"date":"2023-06-08T23:44:37","date_gmt":"2023-06-08T23:44:37","guid":{"rendered":"https:\/\/www.semanariotiempo.cl\/?p=8506"},"modified":"2023-06-08T23:45:26","modified_gmt":"2023-06-08T23:45:26","slug":"66-067-cruces-paso-internacional-agua-negra-cierra-su-mejor-cuarta-temporada-en-la-ultima-decada","status":"publish","type":"post","link":"https:\/\/www.semanariotiempo.cl\/?p=8506","title":{"rendered":"66.067 CRUCES: Paso Internacional Agua Negra cierra su mejor cuarta temporada en la \u00faltima d\u00e9cada"},"content":{"rendered":"\n<h4 class=\"has-vivid-red-color has-text-color wp-block-heading\"><strong>Alto flujo de personas reabre las intenciones para seguir con la pavimentaci\u00f3n de los tramos que a\u00fan restan por asfaltar, dada la relevancia del cruce para los visitantes -especialmente- de la provincia de San Juan, Argentina, aunque de Mendoza y C\u00f3rdoba. Incluso, se posiciona como una alternativa al cese temporal del complejo Cristo Redentor.<\/strong><\/h4>\n\n\n\n<div class=\"wp-block-image\"><figure class=\"aligncenter size-large\"><img loading=\"lazy\" decoding=\"async\" width=\"1024\" height=\"768\" src=\"https:\/\/www.semanariotiempo.cl\/wp-content\/uploads\/2023\/06\/Foto-A-1024x768.jpg\" alt=\"\" class=\"wp-image-8507\" srcset=\"https:\/\/www.semanariotiempo.cl\/wp-content\/uploads\/2023\/06\/Foto-A-1024x768.jpg 1024w, https:\/\/www.semanariotiempo.cl\/wp-content\/uploads\/2023\/06\/Foto-A-300x225.jpg 300w, https:\/\/www.semanariotiempo.cl\/wp-content\/uploads\/2023\/06\/Foto-A-768x576.jpg 768w, https:\/\/www.semanariotiempo.cl\/wp-content\/uploads\/2023\/06\/Foto-A-80x60.jpg 80w, https:\/\/www.semanariotiempo.cl\/wp-content\/uploads\/2023\/06\/Foto-A-265x198.jpg 265w, https:\/\/www.semanariotiempo.cl\/wp-content\/uploads\/2023\/06\/Foto-A-696x522.jpg 696w, https:\/\/www.semanariotiempo.cl\/wp-content\/uploads\/2023\/06\/Foto-A-1068x801.jpg 1068w, https:\/\/www.semanariotiempo.cl\/wp-content\/uploads\/2023\/06\/Foto-A-560x420.jpg 560w, https:\/\/www.semanariotiempo.cl\/wp-content\/uploads\/2023\/06\/Foto-A.jpg 1200w\" sizes=\"auto, (max-width: 1024px) 100vw, 1024px\" \/><\/figure><\/div>\n\n\n\n<p class=\"wp-block-paragraph\">Las expectativas eran altas y durante los \u00faltimos meses del 2022 fue una constante no solo conocer su estado sino si reabrir\u00eda el Paso Internacional Agua Negra, tras la postergaci\u00f3n y el cierre de fronteras por la contingencia sanitaria del Coronavirus.<br>Finalmente, el 07 de abril, en un hito realizado por autoridades y organismos, encabezadas por el delegado Presidencial Regional de Coquimbo, Rub\u00e9n Quezada, y el gobernador de la Provincia de San Juan, Sergio U\u00f1ac, se reanud\u00f3 el tr\u00e1nsito entre ambos sectores. Hasta el 28 de mayo pasado, unas 66.067 personas utilizaron el corredor, transform\u00e1ndolo en la cuarta mejor temporada de la \u00faltima d\u00e9cada.<br>La apuesta era no solo ofrecer una oportunidad para algunos sectores econ\u00f3micos como el turismo de cara al verano, sino retomar y fortalecer el trabajo de integraci\u00f3n entre San Juan y Coquimbo.<br>\u201cTuvimos la cuarta cifra m\u00e1s grande en toda la historia de este paso de visitantes tanto argentinos, como chilenos al exterior. Fue un muy buen periodo durante el verano, con m\u00e1s de tres semanas que pudimos ampliar a lo que est\u00e1bamos previamente acostumbrados, pudiendo reactivar la econom\u00eda, el turismo y dar una grata experiencia a quienes nos visitaron\u201d, dijo el delgado Quezada. De los 66.067 cruces, 36.415 fueron ingresos y 29.652 fueron salidas. De esta forma, esta temporada se suma a las registradas en los a\u00f1os 2015-2016; 2026-2027 y 2027-2028.<br>\u201cHubo condiciones muy favorables de las condiciones del camino, tambi\u00e9n la preparaci\u00f3n de los servicios p\u00fablicos que promovieron a Agua Negra como una alternativa tambi\u00e9n al Paso Los Libertadores, considerando las diversas contingencias que sufri\u00f3 el paso de la quinta regi\u00f3n\u201d, agreg\u00f3 Quezada.<br>El alto flujo de personas reabre las intenciones para seguir con la pavimentaci\u00f3n de los tramos que a\u00fan restan por asfaltar, dada la relevancia del cruce para los visitantes -especialmente- de la provincia de San Juan, Argentina, aunque de Mendoza y C\u00f3rdoba.<br>Para el presidente de la comisi\u00f3n de Relaciones Internacionales del Consejo Regional, Marcelo Castagneto, se requieren \u201clos recursos necesarios para ir pavimentando el camino de acuerdo a los recursos que tenga el Estado avanzar en el Llano Las Liebres, avanzar en las tres, cuatro etapas que nos quedan pendientes y hacer que este paso est\u00e9 abierto por lo menos unos ocho meses al a\u00f1o, permitiendo un mayor flujo de turismo y de comercio importante\u201d.<\/p>\n\n\n\n<p class=\"wp-block-paragraph\"><strong>Impacto en el turismo<\/strong><br>Y que al igual que el turista nacional, el visitante argentino tambi\u00e9n prefiere las playas de la regi\u00f3n por la amplia variedad de servicios tur\u00edsticos, tales como gastron\u00f3micos, actividades (de recreaci\u00f3n y entretenci\u00f3n diurna y nocturna), comercio, hoteler\u00eda, entre otras. Ello, a precios relativamente m\u00e1s asequibles que en la costa Atl\u00e1ntica y con un menor tiempo de traslado, que les permite pernoctar pr\u00e1cticamente \u201ca los pies del mar\u201d.<br>\u201cLas playas de la regi\u00f3n de Coquimbo son nuestro principal atractivo, pero adem\u00e1s facilitan la posibilidad que estos turistas concurran a otras experiencias de la regi\u00f3n, como conocer el astroturismo, rutas de vinos y pisco, la gastronom\u00eda marina, las \u00faltimas dos de alto inter\u00e9s para los argentinos\u201d, dijo la directora de Sernatur Coquimbo, Ang\u00e9lica Funes.<br>Cada argentino efect\u00faa un gasto diario promedio que var\u00eda entre los US$90 a US$94 por persona, destin\u00e1ndose en comercio, alimentaci\u00f3n, arriendos de alojamientos, y otros servicios. Y si bien las personas que transitan por Agua Negra provienen marcadamente desde San Juan, tambi\u00e9n se registraron visitantes de otros puntos del pa\u00eds vecino, como Mendoza y C\u00f3rdoba.<\/p>\n","protected":false},"excerpt":{"rendered":"<p>Alto flujo de personas reabre las intenciones para seguir con la pavimentaci\u00f3n de los tramos que a\u00fan restan por asfaltar, dada la relevancia del cruce para los visitantes -especialmente- de la provincia de San Juan, Argentina, aunque de Mendoza y C\u00f3rdoba. Incluso, se posiciona como una alternativa al cese temporal del complejo Cristo Redentor. Las [&hellip;]<\/p>\n","protected":false},"author":1,"featured_media":8507,"comment_status":"open","ping_status":"open","sticky":false,"template":"","format":"standard","meta":{"tdm_status":"","tdm_grid_status":"","footnotes":"","_wpscppro_dont_share_socialmedia":false,"_wpscppro_custom_social_share_image":0,"_facebook_share_type":"","_twitter_share_type":"","_linkedin_share_type":"","_pinterest_share_type":"","_linkedin_share_type_page":"","_instagram_share_type":"","_medium_share_type":"","_threads_share_type":"","_google_business_share_type":"","_bluesky_share_type":"","_mastodon_share_type":"","_selected_social_profile":[],"_wpsp_enable_custom_social_template":false,"_wpsp_social_scheduling":{"enabled":false,"datetime":null,"platforms":[],"status":"template_only","dateOption":"today","timeOption":"now","customDays":"","customHours":"","customDate":"","customTime":"","schedulingType":"absolute"},"_wpsp_active_default_template":true},"categories":[1],"tags":[8],"class_list":["post-8506","post","type-post","status-publish","format-standard","has-post-thumbnail","hentry","category-uncategorized","tag-marketing"],"_links":{"self":[{"href":"https:\/\/www.semanariotiempo.cl\/index.php?rest_route=\/wp\/v2\/posts\/8506","targetHints":{"allow":["GET"]}}],"collection":[{"href":"https:\/\/www.semanariotiempo.cl\/index.php?rest_route=\/wp\/v2\/posts"}],"about":[{"href":"https:\/\/www.semanariotiempo.cl\/index.php?rest_route=\/wp\/v2\/types\/post"}],"author":[{"embeddable":true,"href":"https:\/\/www.semanariotiempo.cl\/index.php?rest_route=\/wp\/v2\/users\/1"}],"replies":[{"embeddable":true,"href":"https:\/\/www.semanariotiempo.cl\/index.php?rest_route=%2Fwp%2Fv2%2Fcomments&post=8506"}],"version-history":[{"count":0,"href":"https:\/\/www.semanariotiempo.cl\/index.php?rest_route=\/wp\/v2\/posts\/8506\/revisions"}],"wp:featuredmedia":[{"embeddable":true,"href":"https:\/\/www.semanariotiempo.cl\/index.php?rest_route=\/wp\/v2\/media\/8507"}],"wp:attachment":[{"href":"https:\/\/www.semanariotiempo.cl\/index.php?rest_route=%2Fwp%2Fv2%2Fmedia&parent=8506"}],"wp:term":[{"taxonomy":"category","embeddable":true,"href":"https:\/\/www.semanariotiempo.cl\/index.php?rest_route=%2Fwp%2Fv2%2Fcategories&post=8506"},{"taxonomy":"post_tag","embeddable":true,"href":"https:\/\/www.semanariotiempo.cl\/index.php?rest_route=%2Fwp%2Fv2%2Ftags&post=8506"}],"curies":[{"name":"wp","href":"https:\/\/api.w.org\/{rel}","templated":true}]}}