{"id":8503,"date":"2023-06-08T23:41:25","date_gmt":"2023-06-08T23:41:25","guid":{"rendered":"https:\/\/www.semanariotiempo.cl\/?p=8503"},"modified":"2023-06-08T23:41:25","modified_gmt":"2023-06-08T23:41:25","slug":"municipalidad-de-la-serena-nueva-version-de-presupuesto-participativo-repartira-346-millones-en-la-serena","status":"publish","type":"post","link":"https:\/\/www.semanariotiempo.cl\/?p=8503","title":{"rendered":"Municipalidad de La Serena: Nueva versi\u00f3n de Presupuesto Participativo repartir\u00e1 $346 millones en La Serena"},"content":{"rendered":"\n<div class=\"wp-block-image\"><figure class=\"aligncenter size-large\"><img loading=\"lazy\" decoding=\"async\" width=\"1024\" height=\"683\" src=\"https:\/\/www.semanariotiempo.cl\/wp-content\/uploads\/2023\/06\/jacob-1024x683.jpg\" alt=\"\" class=\"wp-image-8504\" srcset=\"https:\/\/www.semanariotiempo.cl\/wp-content\/uploads\/2023\/06\/jacob-1024x683.jpg 1024w, https:\/\/www.semanariotiempo.cl\/wp-content\/uploads\/2023\/06\/jacob-300x200.jpg 300w, https:\/\/www.semanariotiempo.cl\/wp-content\/uploads\/2023\/06\/jacob-768x512.jpg 768w, https:\/\/www.semanariotiempo.cl\/wp-content\/uploads\/2023\/06\/jacob-696x464.jpg 696w, https:\/\/www.semanariotiempo.cl\/wp-content\/uploads\/2023\/06\/jacob-1068x712.jpg 1068w, https:\/\/www.semanariotiempo.cl\/wp-content\/uploads\/2023\/06\/jacob-630x420.jpg 630w, https:\/\/www.semanariotiempo.cl\/wp-content\/uploads\/2023\/06\/jacob.jpg 1200w\" sizes=\"auto, (max-width: 1024px) 100vw, 1024px\" \/><\/figure><\/div>\n\n\n\n<p class=\"wp-block-paragraph\">M\u00e1s de 400 dirigentes de diversas organizaciones y juntas de vecinos de La Serena, fueron parte del lanzamiento de la 9\u00aa versi\u00f3n del Programa de Presupuesto Participativo. La actividad se llev\u00f3 a cabo en el Teatro Municipal de La Serena y fue encabezada por el alcalde Roberto Jacob.<br>\u201cEs un programa emblem\u00e1tico, que tiene una particularidad especial, la gente hace lo que necesita y lo que quiere hacer en su sector y eso es importante porque a veces decid\u00edamos nosotros, no siempre decidimos bien, no siempre somos tan democr\u00e1ticos, en cambio, esto es votaci\u00f3n popular, la gente va presenta sus proyectos, la gente los vota y quien gane la votaci\u00f3n se adjudica el proyecto\u201d asegur\u00f3 el alcalde de La Serena, Roberto Jacob.<br>A la fecha se han realizado 1200 iniciativas elegidas por los vecinos, en todos los sectores de la comuna, con una inversi\u00f3n municipal de m\u00e1s de 2000 millones de pesos.<br>El programa municipal de Presupuesto Participativo, est\u00e1 enfocado en la participaci\u00f3n ciudadana, donde los mismos vecinos diagnostican sus problemas y visualizan posibles soluciones, en ese contexto el municipio no limita las \u00e1reas en las que puedan desarrollar sus iniciativas, siempre acompa\u00f1ados por profesionales del programa, quienes gu\u00edan y asesoran para que exista la factibilidad t\u00e9cnica para financiar una obra, y al final, ser votada por los vecinos.<\/p>\n","protected":false},"excerpt":{"rendered":"<p>M\u00e1s de 400 dirigentes de diversas organizaciones y juntas de vecinos de La Serena, fueron parte del lanzamiento de la 9\u00aa versi\u00f3n del Programa de Presupuesto Participativo. La actividad se llev\u00f3 a cabo en el Teatro Municipal de La Serena y fue encabezada por el alcalde Roberto Jacob.\u201cEs un programa emblem\u00e1tico, que tiene una particularidad [&hellip;]<\/p>\n","protected":false},"author":1,"featured_media":8504,"comment_status":"open","ping_status":"open","sticky":false,"template":"","format":"standard","meta":{"tdm_status":"","tdm_grid_status":"","footnotes":"","_wpscppro_dont_share_socialmedia":false,"_wpscppro_custom_social_share_image":0,"_facebook_share_type":"","_twitter_share_type":"","_linkedin_share_type":"","_pinterest_share_type":"","_linkedin_share_type_page":"","_instagram_share_type":"","_medium_share_type":"","_threads_share_type":"","_google_business_share_type":"","_bluesky_share_type":"","_mastodon_share_type":"","_selected_social_profile":[],"_wpsp_enable_custom_social_template":false,"_wpsp_social_scheduling":{"enabled":false,"datetime":null,"platforms":[],"status":"template_only","dateOption":"today","timeOption":"now","customDays":"","customHours":"","customDate":"","customTime":"","schedulingType":"absolute"},"_wpsp_active_default_template":true},"categories":[1],"tags":[8],"class_list":["post-8503","post","type-post","status-publish","format-standard","has-post-thumbnail","hentry","category-uncategorized","tag-marketing"],"_links":{"self":[{"href":"https:\/\/www.semanariotiempo.cl\/index.php?rest_route=\/wp\/v2\/posts\/8503","targetHints":{"allow":["GET"]}}],"collection":[{"href":"https:\/\/www.semanariotiempo.cl\/index.php?rest_route=\/wp\/v2\/posts"}],"about":[{"href":"https:\/\/www.semanariotiempo.cl\/index.php?rest_route=\/wp\/v2\/types\/post"}],"author":[{"embeddable":true,"href":"https:\/\/www.semanariotiempo.cl\/index.php?rest_route=\/wp\/v2\/users\/1"}],"replies":[{"embeddable":true,"href":"https:\/\/www.semanariotiempo.cl\/index.php?rest_route=%2Fwp%2Fv2%2Fcomments&post=8503"}],"version-history":[{"count":0,"href":"https:\/\/www.semanariotiempo.cl\/index.php?rest_route=\/wp\/v2\/posts\/8503\/revisions"}],"wp:featuredmedia":[{"embeddable":true,"href":"https:\/\/www.semanariotiempo.cl\/index.php?rest_route=\/wp\/v2\/media\/8504"}],"wp:attachment":[{"href":"https:\/\/www.semanariotiempo.cl\/index.php?rest_route=%2Fwp%2Fv2%2Fmedia&parent=8503"}],"wp:term":[{"taxonomy":"category","embeddable":true,"href":"https:\/\/www.semanariotiempo.cl\/index.php?rest_route=%2Fwp%2Fv2%2Fcategories&post=8503"},{"taxonomy":"post_tag","embeddable":true,"href":"https:\/\/www.semanariotiempo.cl\/index.php?rest_route=%2Fwp%2Fv2%2Ftags&post=8503"}],"curies":[{"name":"wp","href":"https:\/\/api.w.org\/{rel}","templated":true}]}}