{"id":8476,"date":"2023-06-06T00:15:37","date_gmt":"2023-06-06T00:15:37","guid":{"rendered":"https:\/\/www.semanariotiempo.cl\/?p=8476"},"modified":"2023-06-06T00:15:38","modified_gmt":"2023-06-06T00:15:38","slug":"minera-los-pelambres-hace-entrega-oficial-del-centro-de-conservacion-e-investigacion-al-museo-arqueologico-de-la-serena","status":"publish","type":"post","link":"https:\/\/www.semanariotiempo.cl\/?p=8476","title":{"rendered":"Minera Los Pelambres hace entrega oficial  del Centro de Conservaci\u00f3n e Investigaci\u00f3n  al Museo Arqueol\u00f3gico de La Serena"},"content":{"rendered":"\n<h4 class=\"has-vivid-red-color has-text-color wp-block-heading\"><strong>La construcci\u00f3n, in\u00e9dita en el pa\u00eds, considera un edificio de 450 metros cuadrados donde se disponen de \u00e1reas de cuarentena, preservaci\u00f3n y conservaci\u00f3n, laboratorios, bodega, ba\u00f1os, adem\u00e1s de una oficina destinada a investigaci\u00f3n de gabinete como tambi\u00e9n un \u00e1rea de residencia ubicada en el tercer nivel, destinada a recibir a investigadores pasantes.<br>Las obras tuvieron un costo de US$2.500.000, y las nuevas instalaciones resguardar\u00e1n las 1.462 cajas con material arqueol\u00f3gico rescatadas del sector de El Mauro, las que quedan bajo la custodia y administraci\u00f3n del recinto patrimonial.<\/strong><\/h4>\n\n\n\n<div class=\"wp-block-image\"><figure class=\"aligncenter size-large\"><img loading=\"lazy\" decoding=\"async\" width=\"1024\" height=\"683\" src=\"https:\/\/www.semanariotiempo.cl\/wp-content\/uploads\/2023\/06\/Centro-de-Conservaci\u00f3n-e-Investigaci\u00f3n-mlp2-1024x683.jpg\" alt=\"\" class=\"wp-image-8477\" srcset=\"https:\/\/www.semanariotiempo.cl\/wp-content\/uploads\/2023\/06\/Centro-de-Conservaci\u00f3n-e-Investigaci\u00f3n-mlp2-1024x683.jpg 1024w, https:\/\/www.semanariotiempo.cl\/wp-content\/uploads\/2023\/06\/Centro-de-Conservaci\u00f3n-e-Investigaci\u00f3n-mlp2-300x200.jpg 300w, https:\/\/www.semanariotiempo.cl\/wp-content\/uploads\/2023\/06\/Centro-de-Conservaci\u00f3n-e-Investigaci\u00f3n-mlp2-768x512.jpg 768w, https:\/\/www.semanariotiempo.cl\/wp-content\/uploads\/2023\/06\/Centro-de-Conservaci\u00f3n-e-Investigaci\u00f3n-mlp2-696x464.jpg 696w, https:\/\/www.semanariotiempo.cl\/wp-content\/uploads\/2023\/06\/Centro-de-Conservaci\u00f3n-e-Investigaci\u00f3n-mlp2-1068x712.jpg 1068w, https:\/\/www.semanariotiempo.cl\/wp-content\/uploads\/2023\/06\/Centro-de-Conservaci\u00f3n-e-Investigaci\u00f3n-mlp2-630x420.jpg 630w, https:\/\/www.semanariotiempo.cl\/wp-content\/uploads\/2023\/06\/Centro-de-Conservaci\u00f3n-e-Investigaci\u00f3n-mlp2.jpg 1200w\" sizes=\"auto, (max-width: 1024px) 100vw, 1024px\" \/><\/figure><\/div>\n\n\n\n<div class=\"wp-block-image\"><figure class=\"aligncenter size-large\"><img loading=\"lazy\" decoding=\"async\" width=\"1024\" height=\"683\" src=\"https:\/\/www.semanariotiempo.cl\/wp-content\/uploads\/2023\/06\/Centro-de-Conservaci\u00f3n-e-Investigaci\u00f3n-mlp-1024x683.jpg\" alt=\"\" class=\"wp-image-8478\" srcset=\"https:\/\/www.semanariotiempo.cl\/wp-content\/uploads\/2023\/06\/Centro-de-Conservaci\u00f3n-e-Investigaci\u00f3n-mlp-1024x683.jpg 1024w, https:\/\/www.semanariotiempo.cl\/wp-content\/uploads\/2023\/06\/Centro-de-Conservaci\u00f3n-e-Investigaci\u00f3n-mlp-300x200.jpg 300w, https:\/\/www.semanariotiempo.cl\/wp-content\/uploads\/2023\/06\/Centro-de-Conservaci\u00f3n-e-Investigaci\u00f3n-mlp-768x512.jpg 768w, https:\/\/www.semanariotiempo.cl\/wp-content\/uploads\/2023\/06\/Centro-de-Conservaci\u00f3n-e-Investigaci\u00f3n-mlp-696x464.jpg 696w, https:\/\/www.semanariotiempo.cl\/wp-content\/uploads\/2023\/06\/Centro-de-Conservaci\u00f3n-e-Investigaci\u00f3n-mlp-1068x712.jpg 1068w, https:\/\/www.semanariotiempo.cl\/wp-content\/uploads\/2023\/06\/Centro-de-Conservaci\u00f3n-e-Investigaci\u00f3n-mlp-630x420.jpg 630w, https:\/\/www.semanariotiempo.cl\/wp-content\/uploads\/2023\/06\/Centro-de-Conservaci\u00f3n-e-Investigaci\u00f3n-mlp.jpg 1200w\" sizes=\"auto, (max-width: 1024px) 100vw, 1024px\" \/><\/figure><\/div>\n\n\n\n<p class=\"wp-block-paragraph\">La Serena, 30 de mayo 2023. Como una construcci\u00f3n in\u00e9dita y de los m\u00e1s altos est\u00e1ndares, fue calificado el Centro de Conservaci\u00f3n e Investigaci\u00f3n de La Serena, espacio que fue inaugurado y entregado de manera oficial al Museo Arqueol\u00f3gico de la comuna.<br>La ceremonia cont\u00f3 con la participaci\u00f3n de la directora del Servicio Nacional del Patrimonio Cultural, N\u00e9lida Pozo, junto al director del Museo Arqueol\u00f3gico de La Serena, \u00c1ngel Dur\u00e1n y a Alejandro V\u00e1squez, Gerente General de Minera Los Pelambres, quienes adem\u00e1s fueron acompa\u00f1ados por Constanza Espinosa, Seremi de Miner\u00eda; Cedric Steinlein, Seremi de Cultura, P\u00eda Castillo, Seremi de Econom\u00eda y Javier Sandoval, Seremi de Obras P\u00fablicas.<br>Esta construcci\u00f3n fue posible gracias a un convenio de colaboraci\u00f3n suscrito en 2015 entre el museo, perteneciente a la red de museos estatales del Servicio del Patrimonio, y Minera Los Pelambres, en el que la minera se comprometi\u00f3 a donar al museo un inmueble con las condiciones t\u00e9cnicas necesarias para funcionar como dep\u00f3sito de materiales arqueol\u00f3gicos obtenidos desde los sitios intervenidos por la empresa, espec\u00edficamente desde el \u00e1rea de plataforma como del Fundo El Mauro.<\/p>\n\n\n\n<p class=\"wp-block-paragraph\">Al respecto, la directora Pozo agreg\u00f3 que \u201ceste centro es un excelente ejemplo de c\u00f3mo es posible articular el trabajo del sector p\u00fablico y privado, ya que en el dise\u00f1o y ejecuci\u00f3n del proyecto participaron el Centro Nacional de Conservaci\u00f3n y Restauraci\u00f3n (CNCR), el Consejo de Monumentos Nacionales (CMN), la Direcci\u00f3n de Arquitectura del Ministerio de Obras P\u00fablicas y la Direcci\u00f3n de Obras Municipales de la Ilustre Municipalidad de La Serena. Todas estas instituciones desarrollaron junto a Minera Los Pelambres una serie de talleres para dise\u00f1ar un espacio que cumpliera con todos los requisitos t\u00e9cnicos para la conservaci\u00f3n del material rescatado y con dependencias que permitieran su estudio tanto por parte de investigadores del museo y de la comunidad cient\u00edfica en general\u201d.<\/p>\n\n\n\n<p class=\"wp-block-paragraph\">Asimismo, el Vicepresidente de Operaciones y Gerente General de Minera Los Pelambres, Alejandro V\u00e1squez, destac\u00f3 que \u201ceste proyecto, que inici\u00f3 su construcci\u00f3n en 2018 y hoy es una realidad, es el primero en la Regi\u00f3n de Coquimbo, financiado adem\u00e1s por capitales privados. Con esto buscamos aportar en la suma de nuevos espacios de conservaci\u00f3n e investigaci\u00f3n arqueol\u00f3gica en Chile, a la vez que se pone en valor el patrimonio arqueol\u00f3gico de la cultura Diaguita en la Provincia de Choapa\u201d. Agreg\u00f3 que \u201ceste compromiso nace tras una de las mayores campa\u00f1as arqueol\u00f3gicas realizadas en Chile, generando un plan que buscaba garantizar la conservaci\u00f3n e investigaci\u00f3n de los hallazgos identificados en el sector de la construcci\u00f3n del tranque El Mauro\u201d.<\/p>\n\n\n\n<p class=\"wp-block-paragraph\">El convenio consider\u00f3, asimismo, la implementaci\u00f3n de un dep\u00f3sito transitorio en el sector La cantera, donde se resguard\u00f3 inicialmente parte del material arqueol\u00f3gico que el Museo Arqueol\u00f3gico de La Serena debe supervisar y monitorear antes de ser traslado al dep\u00f3sito definitivo.<br>Por su parte, el director del Museo \u00c1ngel Dur\u00e1n resalt\u00f3 que \u201ceste es un edificio pionero por lo que significa, al ser una obra que est\u00e1 especialmente construida para el prop\u00f3sito de preservaci\u00f3n del patrimonio arqueol\u00f3gico de la regi\u00f3n. Hoy en d\u00eda la legislaci\u00f3n nos pide estar preparados en t\u00e9rminos de contar con dep\u00f3sitos que puedan permitir la llegada de estos materiales levantados desde los suelos y subsuelos de nuestro territorio, para su conservaci\u00f3n y el estudio de estos, no s\u00f3lo para las generaciones actuales, sino, tambi\u00e9n para las futuras\u201d.<br>\u201cEl contar hoy con este Centro de Conservaci\u00f3n e Investigaci\u00f3n es un importante avance en t\u00e9rminos del rescate y puesta en valor del patrimonio arqueol\u00f3gico afectado por proyectos mineros en los territorios, puesto que nos permite custodiar y administrar el material obtenido bajo \u00f3ptimas condiciones, adem\u00e1s de estudiar su origen, materialidad y significado con el fin de gestionar tambi\u00e9n el acceso al patrimonio y a la memoria de los pueblos originarios\u201d, se\u00f1al\u00f3 la directora nacional del Servicio Nacional del Patrimonio Cultural, N\u00e9lida Pozo.<\/p>\n\n\n\n<p class=\"wp-block-paragraph\"><strong>Caracter\u00edsticas del nuevo Centro de Investigaci\u00f3n y Conservaci\u00f3n<\/strong><br>El Centro que se distribuye en una superficie construida de 450 metros cuadrados, distribuidos en dos niveles de 375 metros cuadrados cada uno, m\u00e1s un tercer nivel de 75 metros cuadrados, que cuenta con ocho dep\u00f3sitos equipados con estructuras especiales, tipo \u201cfull space\u201d, adem\u00e1s de control clim\u00e1tico y lum\u00ednico. Adicionalmente, dispone de \u00e1reas de cuarentena, preservaci\u00f3n y conservaci\u00f3n, laboratorios sucio y limpio, bodega, ba\u00f1os, adem\u00e1s de una oficina destinada a investigaci\u00f3n de gabinete como tambi\u00e9n un \u00e1rea de residencia ubicada en el tercer nivel, destinada a recibir a investigadores pasantes.<br>Las obras tuvieron un costo de US$2.500.000, y las nuevas instalaciones resguardar\u00e1n las 1.462 cajas con material arqueol\u00f3gico del relave El Mauro, que quedan bajo la custodia y administraci\u00f3n del Museo Arqueol\u00f3gico de La Serena.<br>Actualmente, las colecciones que se encuentran en el dep\u00f3sito transitorio son preparadas para cumplir con los protocolos de traslado y de reembalaje necesario para ser trasladas al que ser\u00e1 su destino definitivo.<\/p>\n","protected":false},"excerpt":{"rendered":"<p>La construcci\u00f3n, in\u00e9dita en el pa\u00eds, considera un edificio de 450 metros cuadrados donde se disponen de \u00e1reas de cuarentena, preservaci\u00f3n y conservaci\u00f3n, laboratorios, bodega, ba\u00f1os, adem\u00e1s de una oficina destinada a investigaci\u00f3n de gabinete como tambi\u00e9n un \u00e1rea de residencia ubicada en el tercer nivel, destinada a recibir a investigadores pasantes.Las obras tuvieron un [&hellip;]<\/p>\n","protected":false},"author":1,"featured_media":8477,"comment_status":"open","ping_status":"open","sticky":false,"template":"","format":"standard","meta":{"tdm_status":"","tdm_grid_status":"","footnotes":"","_wpscppro_dont_share_socialmedia":false,"_wpscppro_custom_social_share_image":0,"_facebook_share_type":"","_twitter_share_type":"","_linkedin_share_type":"","_pinterest_share_type":"","_linkedin_share_type_page":"","_instagram_share_type":"","_medium_share_type":"","_threads_share_type":"","_google_business_share_type":"","_bluesky_share_type":"","_mastodon_share_type":"","_selected_social_profile":[],"_wpsp_enable_custom_social_template":false,"_wpsp_social_scheduling":{"enabled":false,"datetime":null,"platforms":[],"status":"template_only","dateOption":"today","timeOption":"now","customDays":"","customHours":"","customDate":"","customTime":"","schedulingType":"absolute"},"_wpsp_active_default_template":true},"categories":[1],"tags":[8,28],"class_list":["post-8476","post","type-post","status-publish","format-standard","has-post-thumbnail","hentry","category-uncategorized","tag-marketing","tag-site-tips"],"_links":{"self":[{"href":"https:\/\/www.semanariotiempo.cl\/index.php?rest_route=\/wp\/v2\/posts\/8476","targetHints":{"allow":["GET"]}}],"collection":[{"href":"https:\/\/www.semanariotiempo.cl\/index.php?rest_route=\/wp\/v2\/posts"}],"about":[{"href":"https:\/\/www.semanariotiempo.cl\/index.php?rest_route=\/wp\/v2\/types\/post"}],"author":[{"embeddable":true,"href":"https:\/\/www.semanariotiempo.cl\/index.php?rest_route=\/wp\/v2\/users\/1"}],"replies":[{"embeddable":true,"href":"https:\/\/www.semanariotiempo.cl\/index.php?rest_route=%2Fwp%2Fv2%2Fcomments&post=8476"}],"version-history":[{"count":0,"href":"https:\/\/www.semanariotiempo.cl\/index.php?rest_route=\/wp\/v2\/posts\/8476\/revisions"}],"wp:featuredmedia":[{"embeddable":true,"href":"https:\/\/www.semanariotiempo.cl\/index.php?rest_route=\/wp\/v2\/media\/8477"}],"wp:attachment":[{"href":"https:\/\/www.semanariotiempo.cl\/index.php?rest_route=%2Fwp%2Fv2%2Fmedia&parent=8476"}],"wp:term":[{"taxonomy":"category","embeddable":true,"href":"https:\/\/www.semanariotiempo.cl\/index.php?rest_route=%2Fwp%2Fv2%2Fcategories&post=8476"},{"taxonomy":"post_tag","embeddable":true,"href":"https:\/\/www.semanariotiempo.cl\/index.php?rest_route=%2Fwp%2Fv2%2Ftags&post=8476"}],"curies":[{"name":"wp","href":"https:\/\/api.w.org\/{rel}","templated":true}]}}