{"id":8473,"date":"2023-06-06T00:11:39","date_gmt":"2023-06-06T00:11:39","guid":{"rendered":"https:\/\/www.semanariotiempo.cl\/?p=8473"},"modified":"2023-06-06T00:11:39","modified_gmt":"2023-06-06T00:11:39","slug":"acuicultura-de-siembra-para-una-pesca-sostenible","status":"publish","type":"post","link":"https:\/\/www.semanariotiempo.cl\/?p=8473","title":{"rendered":"Acuicultura de siembra para una pesca sostenible"},"content":{"rendered":"\n<p class=\"wp-block-paragraph\">El m\u00e1s reciente informe de la Subsecretaria de Pesca y Acuicultura (Subpesca), respecto a la situaci\u00f3n de las principales pesquer\u00edas chilenas, revel\u00f3 algo que los pescadores ya saben de sobra y confirman cada vez que vuelven del mar: los recursos marinos est\u00e1n en crisis.<br>Seg\u00fan el reporte \u201cEstado de la situaci\u00f3n de las principales pesquer\u00edas chilenas, 2022\u201d, de las 28 pesquer\u00edas informadas, 29% se encuentran sobreexplotadas y 28% agotadas. Entre las agotadas est\u00e1n la merluza de cola, la merluza de tres aletas y la sardina austral, en tanto que las populares reineta y merluza com\u00fan clasifican como sobreexplotadas.<br>La sobre extracci\u00f3n y el cambio clim\u00e1tico se mencionan a la hora de analizar las causas de este descenso en las poblaciones marinas, en un fen\u00f3meno que es progresivo, cuyo impacto en las caletas se hace sentir con menores capturas, mayor esfuerzo de pesca, cuotas m\u00e1s restrictivas y continuas vedas para la recuperaci\u00f3n del recurso.<br>En Jap\u00f3n, donde el consumo de pescado es parte de la dieta diaria, el descenso en las pesquer\u00edas se hizo patente hace d\u00e9cadas. A partir de esa crisis de abastecimiento, se desarroll\u00f3 la acuicultura de siembra, generando planes intensivos de repoblamiento que permitieron recuperar especies como la seriola (yellowtail), el busugo y el at\u00fan.<br>\u00bfEs posible aplicar en nuestro pa\u00eds el modelo nip\u00f3n para recuperar las pesquer\u00edas? Desde el Centro Acu\u00edcola Tongoy (CAT), de Fundaci\u00f3n Chile, sostenemos que s\u00ed, y que las condiciones son especialmente propicias en la regi\u00f3n de Coquimbo, que es donde contamos con un hatchery capaz de proveer de juveniles de corvina nativa (Cilus gilberti) como especie principal, teniendo tambi\u00e9n la tecnolog\u00eda para la producci\u00f3n de otros peces y moluscos, resultado de m\u00e1s de cuatro d\u00e9cadas de desarrollo acu\u00edcola por parte de nuestra instituci\u00f3n.<br>Si bien la corvina no est\u00e1 entre las pesquer\u00edas informadas por Subpesca, los reportes de desembarque muestran un continuo descenso en todo el pa\u00eds, y la regi\u00f3n de Coquimbo no es la excepci\u00f3n. Los tradicionales restoranes y picadas de la costa coquimbana han ido reemplazando tanto la corvina como otras especies nativas por pescados de otras localidades de Chile: la sobreexplotada reineta, que viaja desde la regi\u00f3n del Biob\u00edo, y el salm\u00f3n, que lo hace desde Los Lagos, con un impacto en la huella de carbono del sabroso ceviche o el plato que se quiera disfrutar.<br>Establecer planes de repoblamiento para la corvina, y eventualmente para otros peces, es un camino para revitalizar las caletas de la zona; mejorar el acceso de la poblaci\u00f3n a un alimento saludable, alto en prote\u00ednas y omega 3, y muy bajo en grasas; diferenciar la oferta de los restaurantes con un producto local y sostenible, y generar mayor atractivo para el turismo.<br>Gracias al desarrollo tecnol\u00f3gico impulsado por Corfo, a trav\u00e9s de los PDACH (Programa para la Diversificaci\u00f3n de la Acuicultura Chilena), sembrar el mar es hoy una posibilidad real para recuperar la pesca y la salud de los ecosistemas oce\u00e1nicos. No la desperdiciemos.<\/p>\n\n\n\n<div class=\"wp-block-image\"><figure class=\"aligncenter size-large is-resized\"><img loading=\"lazy\" decoding=\"async\" src=\"https:\/\/www.semanariotiempo.cl\/wp-content\/uploads\/2023\/06\/John-Barraza.jpg\" alt=\"\" class=\"wp-image-8474\" width=\"400\" height=\"434\" srcset=\"https:\/\/www.semanariotiempo.cl\/wp-content\/uploads\/2023\/06\/John-Barraza.jpg 800w, https:\/\/www.semanariotiempo.cl\/wp-content\/uploads\/2023\/06\/John-Barraza-276x300.jpg 276w, https:\/\/www.semanariotiempo.cl\/wp-content\/uploads\/2023\/06\/John-Barraza-768x833.jpg 768w, https:\/\/www.semanariotiempo.cl\/wp-content\/uploads\/2023\/06\/John-Barraza-696x755.jpg 696w, https:\/\/www.semanariotiempo.cl\/wp-content\/uploads\/2023\/06\/John-Barraza-387x420.jpg 387w\" sizes=\"auto, (max-width: 400px) 100vw, 400px\" \/><figcaption>Por John Barraza, director del Programa Corvina de Fundaci\u00f3n Chile.<\/figcaption><\/figure><\/div>\n","protected":false},"excerpt":{"rendered":"<p>El m\u00e1s reciente informe de la Subsecretaria de Pesca y Acuicultura (Subpesca), respecto a la situaci\u00f3n de las principales pesquer\u00edas chilenas, revel\u00f3 algo que los pescadores ya saben de sobra y confirman cada vez que vuelven del mar: los recursos marinos est\u00e1n en crisis.Seg\u00fan el reporte \u201cEstado de la situaci\u00f3n de las principales pesquer\u00edas chilenas, [&hellip;]<\/p>\n","protected":false},"author":1,"featured_media":8474,"comment_status":"open","ping_status":"open","sticky":false,"template":"","format":"standard","meta":{"tdm_status":"","tdm_grid_status":"","footnotes":"","_wpscppro_dont_share_socialmedia":false,"_wpscppro_custom_social_share_image":0,"_facebook_share_type":"","_twitter_share_type":"","_linkedin_share_type":"","_pinterest_share_type":"","_linkedin_share_type_page":"","_instagram_share_type":"","_medium_share_type":"","_threads_share_type":"","_google_business_share_type":"","_bluesky_share_type":"","_mastodon_share_type":"","_selected_social_profile":[],"_wpsp_enable_custom_social_template":false,"_wpsp_social_scheduling":{"enabled":false,"datetime":null,"platforms":[],"status":"template_only","dateOption":"today","timeOption":"now","customDays":"","customHours":"","customDate":"","customTime":"","schedulingType":"absolute"},"_wpsp_active_default_template":true},"categories":[],"tags":[25],"class_list":["post-8473","post","type-post","status-publish","format-standard","has-post-thumbnail","hentry","tag-wordpress-themes"],"_links":{"self":[{"href":"https:\/\/www.semanariotiempo.cl\/index.php?rest_route=\/wp\/v2\/posts\/8473","targetHints":{"allow":["GET"]}}],"collection":[{"href":"https:\/\/www.semanariotiempo.cl\/index.php?rest_route=\/wp\/v2\/posts"}],"about":[{"href":"https:\/\/www.semanariotiempo.cl\/index.php?rest_route=\/wp\/v2\/types\/post"}],"author":[{"embeddable":true,"href":"https:\/\/www.semanariotiempo.cl\/index.php?rest_route=\/wp\/v2\/users\/1"}],"replies":[{"embeddable":true,"href":"https:\/\/www.semanariotiempo.cl\/index.php?rest_route=%2Fwp%2Fv2%2Fcomments&post=8473"}],"version-history":[{"count":0,"href":"https:\/\/www.semanariotiempo.cl\/index.php?rest_route=\/wp\/v2\/posts\/8473\/revisions"}],"wp:featuredmedia":[{"embeddable":true,"href":"https:\/\/www.semanariotiempo.cl\/index.php?rest_route=\/wp\/v2\/media\/8474"}],"wp:attachment":[{"href":"https:\/\/www.semanariotiempo.cl\/index.php?rest_route=%2Fwp%2Fv2%2Fmedia&parent=8473"}],"wp:term":[{"taxonomy":"category","embeddable":true,"href":"https:\/\/www.semanariotiempo.cl\/index.php?rest_route=%2Fwp%2Fv2%2Fcategories&post=8473"},{"taxonomy":"post_tag","embeddable":true,"href":"https:\/\/www.semanariotiempo.cl\/index.php?rest_route=%2Fwp%2Fv2%2Ftags&post=8473"}],"curies":[{"name":"wp","href":"https:\/\/api.w.org\/{rel}","templated":true}]}}