{"id":8466,"date":"2023-06-06T00:07:17","date_gmt":"2023-06-06T00:07:17","guid":{"rendered":"https:\/\/www.semanariotiempo.cl\/?p=8466"},"modified":"2023-06-06T00:07:24","modified_gmt":"2023-06-06T00:07:24","slug":"numero-de-ocupados-registro-nuevo-aumento-y-desocupados-llegan-al-92","status":"publish","type":"post","link":"https:\/\/www.semanariotiempo.cl\/?p=8466","title":{"rendered":"N\u00famero de ocupados registr\u00f3 nuevo aumento y desocupados llegan al 9,2%"},"content":{"rendered":"\n<h4 class=\"has-vivid-red-color has-text-color wp-block-heading\"><strong>Agricultura, Construcci\u00f3n e Industria Manufacturera son los sectores econ\u00f3micos que m\u00e1s aportaron a la creaci\u00f3n de empleo<\/strong><\/h4>\n\n\n\n<div class=\"wp-block-image\"><figure class=\"aligncenter size-large\"><img loading=\"lazy\" decoding=\"async\" width=\"660\" height=\"418\" src=\"https:\/\/www.semanariotiempo.cl\/wp-content\/uploads\/2023\/06\/trabajo-1.jpg\" alt=\"\" class=\"wp-image-8468\" srcset=\"https:\/\/www.semanariotiempo.cl\/wp-content\/uploads\/2023\/06\/trabajo-1.jpg 660w, https:\/\/www.semanariotiempo.cl\/wp-content\/uploads\/2023\/06\/trabajo-1-300x190.jpg 300w\" sizes=\"auto, (max-width: 660px) 100vw, 660px\" \/><\/figure><\/div>\n\n\n\n<p class=\"wp-block-paragraph\">De acuerdo con el informe emitido por el Instituto Nacional de Estad\u00edsticas (INE) la Tasa de Desocupaci\u00f3n regional se situ\u00f3 en un 9,2% para el periodo febrero-abril 2023, registrando un descenso anual de 0,1 puntos porcentuales.<br>La Fuerza de Trabajo present\u00f3 un aumento 8,2% totalizando 408.240 personas. Mientras que el n\u00famero de Ocupados alcanz\u00f3 las 370.640 personas registrando un aumento de un 8,3%, con 28.360 nuevos ocupados en comparaci\u00f3n al a\u00f1o anterior.<br>Adem\u00e1s, el aumento de la poblaci\u00f3n ocupada fue liderado principalmente por asalariados formales y trabajadores por cuenta propia.<br>En este sentido el Delegado Presidencial, Rub\u00e9n Quezada, coment\u00f3 que \u201cestas cifras muestran un aumento en la creaci\u00f3n de empleos, correspondientes a 28.000 personas ocupadas m\u00e1s que el a\u00f1o anterior a esta fecha. Adem\u00e1s, una cantidad importante son formales, es decir, con contrato y seguridad social. El presidente Gabriel Boric tiene un claro compromiso por avanzar en pol\u00edticas p\u00fablicas que mejoran la calidad de vida de los chilenos y chilenas a trav\u00e9s del Plan de Recuperaci\u00f3n Inclusiva, entre otras medidas\u201d.<br>Mientras que la Seremi del Trabajo, Claudia Santander, explic\u00f3 que \u201cvemos sectores econ\u00f3micos que han tenido una recuperaci\u00f3n tambi\u00e9n relevante como Agricultura y Pesca, que incidi\u00f3 en el alza de ocupados, Construcci\u00f3n y la tendencia de la Industria Manufacturera que contin\u00faa siendo una de las \u00e1reas productivas que va incidiendo en que haya mayor ocupaci\u00f3n en la regi\u00f3n\u201d.<\/p>\n\n\n\n<p class=\"wp-block-paragraph\">En el an\u00e1lisis por territorio el INE indic\u00f3 que en febrero-abril 2023, la tasa de desocupaci\u00f3n de la provincia de Elqui fue de 10,0%, registrando disminuci\u00f3n de 0,1 pp. Mientras que a tasa de desocupaci\u00f3n de la provincia de Limar\u00ed fue de 5,8%, anotando un descenso de 0,2 pp.<\/p>\n","protected":false},"excerpt":{"rendered":"<p>Agricultura, Construcci\u00f3n e Industria Manufacturera son los sectores econ\u00f3micos que m\u00e1s aportaron a la creaci\u00f3n de empleo De acuerdo con el informe emitido por el Instituto Nacional de Estad\u00edsticas (INE) la Tasa de Desocupaci\u00f3n regional se situ\u00f3 en un 9,2% para el periodo febrero-abril 2023, registrando un descenso anual de 0,1 puntos porcentuales.La Fuerza de [&hellip;]<\/p>\n","protected":false},"author":1,"featured_media":8468,"comment_status":"open","ping_status":"open","sticky":false,"template":"","format":"standard","meta":{"tdm_status":"","tdm_grid_status":"","footnotes":"","_wpscppro_dont_share_socialmedia":false,"_wpscppro_custom_social_share_image":0,"_facebook_share_type":"","_twitter_share_type":"","_linkedin_share_type":"","_pinterest_share_type":"","_linkedin_share_type_page":"","_instagram_share_type":"","_medium_share_type":"","_threads_share_type":"","_google_business_share_type":"","_bluesky_share_type":"","_mastodon_share_type":"","_selected_social_profile":[],"_wpsp_enable_custom_social_template":false,"_wpsp_social_scheduling":{"enabled":false,"datetime":null,"platforms":[],"status":"template_only","dateOption":"today","timeOption":"now","customDays":"","customHours":"","customDate":"","customTime":"","schedulingType":"absolute"},"_wpsp_active_default_template":true},"categories":[1],"tags":[8,28],"class_list":["post-8466","post","type-post","status-publish","format-standard","has-post-thumbnail","hentry","category-uncategorized","tag-marketing","tag-site-tips"],"_links":{"self":[{"href":"https:\/\/www.semanariotiempo.cl\/index.php?rest_route=\/wp\/v2\/posts\/8466","targetHints":{"allow":["GET"]}}],"collection":[{"href":"https:\/\/www.semanariotiempo.cl\/index.php?rest_route=\/wp\/v2\/posts"}],"about":[{"href":"https:\/\/www.semanariotiempo.cl\/index.php?rest_route=\/wp\/v2\/types\/post"}],"author":[{"embeddable":true,"href":"https:\/\/www.semanariotiempo.cl\/index.php?rest_route=\/wp\/v2\/users\/1"}],"replies":[{"embeddable":true,"href":"https:\/\/www.semanariotiempo.cl\/index.php?rest_route=%2Fwp%2Fv2%2Fcomments&post=8466"}],"version-history":[{"count":0,"href":"https:\/\/www.semanariotiempo.cl\/index.php?rest_route=\/wp\/v2\/posts\/8466\/revisions"}],"wp:featuredmedia":[{"embeddable":true,"href":"https:\/\/www.semanariotiempo.cl\/index.php?rest_route=\/wp\/v2\/media\/8468"}],"wp:attachment":[{"href":"https:\/\/www.semanariotiempo.cl\/index.php?rest_route=%2Fwp%2Fv2%2Fmedia&parent=8466"}],"wp:term":[{"taxonomy":"category","embeddable":true,"href":"https:\/\/www.semanariotiempo.cl\/index.php?rest_route=%2Fwp%2Fv2%2Fcategories&post=8466"},{"taxonomy":"post_tag","embeddable":true,"href":"https:\/\/www.semanariotiempo.cl\/index.php?rest_route=%2Fwp%2Fv2%2Ftags&post=8466"}],"curies":[{"name":"wp","href":"https:\/\/api.w.org\/{rel}","templated":true}]}}