{"id":8437,"date":"2023-05-31T23:19:13","date_gmt":"2023-05-31T23:19:13","guid":{"rendered":"https:\/\/www.semanariotiempo.cl\/?p=8437"},"modified":"2023-05-31T23:19:13","modified_gmt":"2023-05-31T23:19:13","slug":"papaya-gate-antecedentes-suficientes-avance-en-la-investigacion-y-confianza-en-las-instituciones-las-reacciones-de-los-parlamentarios","status":"publish","type":"post","link":"https:\/\/www.semanariotiempo.cl\/?p=8437","title":{"rendered":"Papaya Gate: \u201cAntecedentes suficientes\u201d, \u201cavance\u201d en la investigaci\u00f3n y \u201cconfianza en las instituciones\u201d,  las reacciones de los parlamentarios"},"content":{"rendered":"\n<h4 class=\"has-vivid-red-color has-text-color wp-block-heading\"><strong>El anuncio de una querella por parte del SII contra las sociedades implicadas en la venta de terrenos por el caso Papaya Gate dej\u00f3 satisfechos a los congresistas de la zona, quienes esperan que el Ministerio P\u00fablico tambi\u00e9n presente acusaciones, en el corto plazo.<\/strong><\/h4>\n\n\n\n<div class=\"wp-block-image\"><figure class=\"aligncenter size-large\"><img loading=\"lazy\" decoding=\"async\" width=\"1024\" height=\"683\" src=\"https:\/\/www.semanariotiempo.cl\/wp-content\/uploads\/2023\/05\/Ex-Intendencia-1024x683.jpg\" alt=\"\" class=\"wp-image-8438\" srcset=\"https:\/\/www.semanariotiempo.cl\/wp-content\/uploads\/2023\/05\/Ex-Intendencia-1024x683.jpg 1024w, https:\/\/www.semanariotiempo.cl\/wp-content\/uploads\/2023\/05\/Ex-Intendencia-300x200.jpg 300w, https:\/\/www.semanariotiempo.cl\/wp-content\/uploads\/2023\/05\/Ex-Intendencia-768x512.jpg 768w, https:\/\/www.semanariotiempo.cl\/wp-content\/uploads\/2023\/05\/Ex-Intendencia-696x464.jpg 696w, https:\/\/www.semanariotiempo.cl\/wp-content\/uploads\/2023\/05\/Ex-Intendencia-1068x712.jpg 1068w, https:\/\/www.semanariotiempo.cl\/wp-content\/uploads\/2023\/05\/Ex-Intendencia-630x420.jpg 630w, https:\/\/www.semanariotiempo.cl\/wp-content\/uploads\/2023\/05\/Ex-Intendencia.jpg 1200w\" sizes=\"auto, (max-width: 1024px) 100vw, 1024px\" \/><\/figure><\/div>\n\n\n\n<p class=\"wp-block-paragraph\">La querella entablada por el Servicio de Impuestos Internos (SII) por eventuales delitos tributarios contra las empresas involucradas en la venta de terrenos ligados al caso Papaya Gate no dej\u00f3 indiferentes a los parlamentarios de la regi\u00f3n de Coquimbo, quienes ven en la acci\u00f3n judicial como un avance para esclarecer los hechos y perseguir presuntas responsabilidades.<\/p>\n\n\n\n<p class=\"wp-block-paragraph\"><strong>El diputado (DC) Ricardo Cifuentes,<\/strong> coment\u00f3 que la labor del organismo va en la l\u00ednea de lo solicitado al fiscal Nacional (\u00c1ngel Valencia) para acelerar \u201clo m\u00e1s posible\u201d esta investigaci\u00f3n. \u201cNos parec\u00eda que hab\u00eda antecedentes suficientes para que el SII tambi\u00e9n tomara parte en este tema. Nos parece que la querella transparenta varias cosas: hubo sobreprecios, falsedades en el proceso de compra y venta, y creo que esto puede acelerar m\u00e1s el proceso para que el Papaya Gate no quede en la impunidad.\u201d, dijo<\/p>\n\n\n\n<p class=\"wp-block-paragraph\"><strong>El senador Mat\u00edas Walker (Dem\u00f3cratas),<\/strong> explic\u00f3 que el SII tiene la titularidad de la acci\u00f3n penal en esta materia y confi\u00f3 en que el Ministerio P\u00fablico est\u00e1 investigando: \u201cSiempre en esto prefiero ser prudente, creo que hay que confiar en la autonom\u00eda del Poder Judicial, ser\u00eda una falta de respeto, de mi parte, opinar sobre una causa que est\u00e1 en tramitaci\u00f3n. Obviamente, hay un inter\u00e9s p\u00fablico para que esto se esclarezca\u201d, precis\u00f3.<br>En ese sentido respald\u00f3 que la indagaci\u00f3n radique en la Fiscal\u00eda Regional de Valpara\u00edso, puesto que da autonom\u00eda suficiente a la persecutora Claudia Perivancich para realizar esa labor. \u201cNo nos corresponde hacer comentarios pol\u00edticos\u201d.<\/p>\n\n\n\n<p class=\"wp-block-paragraph\"><strong>Daniel Manouchehri, diputado PS, <\/strong>expuso que el Papaya Gate es un caso simb\u00f3lico de corrupci\u00f3n: \u201ctodas las medidas que vayan en la l\u00ednea de esclarecer los hechos de los involucrados contar\u00e1n siempre con el respaldo nuestro. Se tiene que aplicar las mayores penas a quienes la Justicia determine que tienen responsabilidades\u201d.<\/p>\n\n\n\n<p class=\"wp-block-paragraph\"><strong>Daniel N\u00fa\u00f1ez, senador PC,<\/strong> exclam\u00f3 que \u201cpor fin\u201d existe un avance para dilucidar los eventuales delitos que ocurrieron en este caso y critic\u00f3 que las sociedades no solo tuvieron una utilidad espectacular por la comercializaci\u00f3n de los predios, sino que, \u201cal parecer, utilizaron artilugios para no declarar correctamente las ganancias, y de esa manera pagar menos impuestos que corresponde\u201d.<br>\u201cValoramos que est\u00e9 actuando (el SII) en este caso, y entendemos que estos antecedentes provienen de la Fiscal\u00eda, son frutos de esa labor, pero queremos tambi\u00e9n que el Ministerio P\u00fablico opere y pueda formalizar a los involucrados\u201d, sentenci\u00f3.<\/p>\n","protected":false},"excerpt":{"rendered":"<p>El anuncio de una querella por parte del SII contra las sociedades implicadas en la venta de terrenos por el caso Papaya Gate dej\u00f3 satisfechos a los congresistas de la zona, quienes esperan que el Ministerio P\u00fablico tambi\u00e9n presente acusaciones, en el corto plazo. La querella entablada por el Servicio de Impuestos Internos (SII) por [&hellip;]<\/p>\n","protected":false},"author":1,"featured_media":8438,"comment_status":"open","ping_status":"open","sticky":false,"template":"","format":"standard","meta":{"tdm_status":"","tdm_grid_status":"","footnotes":"","_wpscppro_dont_share_socialmedia":false,"_wpscppro_custom_social_share_image":0,"_facebook_share_type":"","_twitter_share_type":"","_linkedin_share_type":"","_pinterest_share_type":"","_linkedin_share_type_page":"","_instagram_share_type":"","_medium_share_type":"","_threads_share_type":"","_google_business_share_type":"","_bluesky_share_type":"","_mastodon_share_type":"","_selected_social_profile":[],"_wpsp_enable_custom_social_template":false,"_wpsp_social_scheduling":{"enabled":false,"datetime":null,"platforms":[],"status":"template_only","dateOption":"today","timeOption":"now","customDays":"","customHours":"","customDate":"","customTime":"","schedulingType":"absolute"},"_wpsp_active_default_template":true},"categories":[1],"tags":[8],"class_list":["post-8437","post","type-post","status-publish","format-standard","has-post-thumbnail","hentry","category-uncategorized","tag-marketing"],"_links":{"self":[{"href":"https:\/\/www.semanariotiempo.cl\/index.php?rest_route=\/wp\/v2\/posts\/8437","targetHints":{"allow":["GET"]}}],"collection":[{"href":"https:\/\/www.semanariotiempo.cl\/index.php?rest_route=\/wp\/v2\/posts"}],"about":[{"href":"https:\/\/www.semanariotiempo.cl\/index.php?rest_route=\/wp\/v2\/types\/post"}],"author":[{"embeddable":true,"href":"https:\/\/www.semanariotiempo.cl\/index.php?rest_route=\/wp\/v2\/users\/1"}],"replies":[{"embeddable":true,"href":"https:\/\/www.semanariotiempo.cl\/index.php?rest_route=%2Fwp%2Fv2%2Fcomments&post=8437"}],"version-history":[{"count":0,"href":"https:\/\/www.semanariotiempo.cl\/index.php?rest_route=\/wp\/v2\/posts\/8437\/revisions"}],"wp:featuredmedia":[{"embeddable":true,"href":"https:\/\/www.semanariotiempo.cl\/index.php?rest_route=\/wp\/v2\/media\/8438"}],"wp:attachment":[{"href":"https:\/\/www.semanariotiempo.cl\/index.php?rest_route=%2Fwp%2Fv2%2Fmedia&parent=8437"}],"wp:term":[{"taxonomy":"category","embeddable":true,"href":"https:\/\/www.semanariotiempo.cl\/index.php?rest_route=%2Fwp%2Fv2%2Fcategories&post=8437"},{"taxonomy":"post_tag","embeddable":true,"href":"https:\/\/www.semanariotiempo.cl\/index.php?rest_route=%2Fwp%2Fv2%2Ftags&post=8437"}],"curies":[{"name":"wp","href":"https:\/\/api.w.org\/{rel}","templated":true}]}}